{"id":17379,"date":"2025-01-27T10:13:50","date_gmt":"2025-01-27T09:13:50","guid":{"rendered":"https:\/\/www.pr-neu.de\/newsroom\/?p=17379"},"modified":"2025-02-03T10:57:43","modified_gmt":"2025-02-03T09:57:43","slug":"neue-zulassung-abdichtung-unter-fliesen","status":"publish","type":"post","link":"https:\/\/www.pr-neu.de\/newsroom\/neue-zulassung-abdichtung-unter-fliesen\/","title":{"rendered":"Neue Zulassung: Abdichtung unter Fliesen"},"content":{"rendered":"<p>&nbsp;<\/p>\n<p><strong>Neue Zulassung f\u00fcr StoConcrete Protect Elastic FB: Das zementgebundene Beschichtungssystem ist jetzt auch als Abdichtung unter Fliesen und Platten auf Balkonen gepr\u00fcft.<\/strong><\/p>\n<p>Die Systembeschichtung StoCrete FB ist statisch und dynamisch riss\u00fcberbr\u00fcckend sowie best\u00e4ndig gegen thermische Spannungen, die durch den Wechsel von direkter Sonneneinstrahlung im Hochsommer und kaltem Wasser bei Gewitterregen verursacht werden. Damit verhindert die Abdichtung das Eindringen von Wasser und in Wasser gel\u00f6sten Schadstoffen in den Betonuntergrund und sch\u00fctzt die Bausubstanz dauerhaft. Jetzt liegt f\u00fcr den Boden-Allrounder auch das allgemeine bauaufsichtliche Pr\u00fcfzeugnis als Abdichtung im Verbund mit Fliesen- und Plattenbel\u00e4gen vor. StoCrete FB kann au\u00dfen und im Innenbereich au\u00dferhalb von Aufenthaltsr\u00e4umen eingesetzt werden.<\/p>\n<p>&nbsp;<\/p>\n<hr \/>\n<p>&nbsp;<\/p>\n<p style=\"text-align: center;\"><a href=\"http:\/\/www.pr-neu.de\/newsroom\/wordpress\/wp-content\/uploads\/2025\/01\/25-01_Systemaufbau_K.jpg\"><img loading=\"lazy\" decoding=\"async\" class=\"aligncenter size-medium wp-image-17395\" src=\"http:\/\/www.pr-neu.de\/newsroom\/wordpress\/wp-content\/uploads\/2025\/01\/25-01_Systemaufbau_K-186x300.jpg\" alt=\"Systemaufbau\" width=\"186\" height=\"300\" srcset=\"https:\/\/www.pr-neu.de\/newsroom\/wordpress\/wp-content\/uploads\/2025\/01\/25-01_Systemaufbau_K-186x300.jpg 186w, https:\/\/www.pr-neu.de\/newsroom\/wordpress\/wp-content\/uploads\/2025\/01\/25-01_Systemaufbau_K-634x1024.jpg 634w, https:\/\/www.pr-neu.de\/newsroom\/wordpress\/wp-content\/uploads\/2025\/01\/25-01_Systemaufbau_K-768x1240.jpg 768w, https:\/\/www.pr-neu.de\/newsroom\/wordpress\/wp-content\/uploads\/2025\/01\/25-01_Systemaufbau_K-952x1536.jpg 952w, https:\/\/www.pr-neu.de\/newsroom\/wordpress\/wp-content\/uploads\/2025\/01\/25-01_Systemaufbau_K-1269x2048.jpg 1269w, https:\/\/www.pr-neu.de\/newsroom\/wordpress\/wp-content\/uploads\/2025\/01\/25-01_Systemaufbau_K-68x110.jpg 68w, https:\/\/www.pr-neu.de\/newsroom\/wordpress\/wp-content\/uploads\/2025\/01\/25-01_Systemaufbau_K-260x420.jpg 260w, https:\/\/www.pr-neu.de\/newsroom\/wordpress\/wp-content\/uploads\/2025\/01\/25-01_Systemaufbau_K-266x430.jpg 266w, https:\/\/www.pr-neu.de\/newsroom\/wordpress\/wp-content\/uploads\/2025\/01\/25-01_Systemaufbau_K.jpg 1487w\" sizes=\"auto, (max-width: 186px) 100vw, 186px\" \/><\/a>Systemaufbau StoCrete FB<br \/>\nBild: StoCretec GmbH<\/p>\n<p>&nbsp;<\/p>\n<p><a href=\"http:\/\/www.pr-neu.de\/newsroom\/wordpress\/wp-content\/uploads\/2025\/01\/25_01_Flexibilitaet_K.jpg\" target=\"_blank\" rel=\"noopener\"><img loading=\"lazy\" decoding=\"async\" class=\"aligncenter wp-image-17381 size-medium\" src=\"http:\/\/www.pr-neu.de\/newsroom\/wordpress\/wp-content\/uploads\/2025\/01\/25_01_Flexibilitaet_K-300x292.jpg\" alt=\"StoCrete FB \u00fcberbr\u00fcckt aufgrund seiner Flexibilit\u00e4t vorhandene und neu entstehende Risse.\" width=\"300\" height=\"292\" srcset=\"https:\/\/www.pr-neu.de\/newsroom\/wordpress\/wp-content\/uploads\/2025\/01\/25_01_Flexibilitaet_K-300x292.jpg 300w, https:\/\/www.pr-neu.de\/newsroom\/wordpress\/wp-content\/uploads\/2025\/01\/25_01_Flexibilitaet_K-1024x996.jpg 1024w, https:\/\/www.pr-neu.de\/newsroom\/wordpress\/wp-content\/uploads\/2025\/01\/25_01_Flexibilitaet_K-768x747.jpg 768w, https:\/\/www.pr-neu.de\/newsroom\/wordpress\/wp-content\/uploads\/2025\/01\/25_01_Flexibilitaet_K-1536x1494.jpg 1536w, https:\/\/www.pr-neu.de\/newsroom\/wordpress\/wp-content\/uploads\/2025\/01\/25_01_Flexibilitaet_K-2048x1992.jpg 2048w, https:\/\/www.pr-neu.de\/newsroom\/wordpress\/wp-content\/uploads\/2025\/01\/25_01_Flexibilitaet_K-110x107.jpg 110w, https:\/\/www.pr-neu.de\/newsroom\/wordpress\/wp-content\/uploads\/2025\/01\/25_01_Flexibilitaet_K-420x408.jpg 420w, https:\/\/www.pr-neu.de\/newsroom\/wordpress\/wp-content\/uploads\/2025\/01\/25_01_Flexibilitaet_K-442x430.jpg 442w\" sizes=\"auto, (max-width: 300px) 100vw, 300px\" \/><\/a><\/p>\n<p style=\"text-align: center;\">StoCrete FB \u00fcberbr\u00fcckt zuverl\u00e4ssig Risse im Untergrund.<br \/>\nBild: StoCretec GmbH<\/p>\n<p>&nbsp;<\/p>\n<p><a href=\"http:\/\/www.pr-neu.de\/newsroom\/wordpress\/wp-content\/uploads\/2025\/01\/25_01_Balkon_adobe_K.jpeg\" target=\"_blank\" rel=\"noopener\"><img loading=\"lazy\" decoding=\"async\" class=\"aligncenter wp-image-17380 size-medium\" src=\"http:\/\/www.pr-neu.de\/newsroom\/wordpress\/wp-content\/uploads\/2025\/01\/25_01_Balkon_adobe_K-300x200.jpeg\" alt=\"\" width=\"300\" height=\"200\" srcset=\"https:\/\/www.pr-neu.de\/newsroom\/wordpress\/wp-content\/uploads\/2025\/01\/25_01_Balkon_adobe_K-300x200.jpeg 300w, https:\/\/www.pr-neu.de\/newsroom\/wordpress\/wp-content\/uploads\/2025\/01\/25_01_Balkon_adobe_K-1024x683.jpeg 1024w, https:\/\/www.pr-neu.de\/newsroom\/wordpress\/wp-content\/uploads\/2025\/01\/25_01_Balkon_adobe_K-768x512.jpeg 768w, https:\/\/www.pr-neu.de\/newsroom\/wordpress\/wp-content\/uploads\/2025\/01\/25_01_Balkon_adobe_K-1536x1024.jpeg 1536w, https:\/\/www.pr-neu.de\/newsroom\/wordpress\/wp-content\/uploads\/2025\/01\/25_01_Balkon_adobe_K-2048x1365.jpeg 2048w, https:\/\/www.pr-neu.de\/newsroom\/wordpress\/wp-content\/uploads\/2025\/01\/25_01_Balkon_adobe_K-110x73.jpeg 110w, https:\/\/www.pr-neu.de\/newsroom\/wordpress\/wp-content\/uploads\/2025\/01\/25_01_Balkon_adobe_K-420x280.jpeg 420w, https:\/\/www.pr-neu.de\/newsroom\/wordpress\/wp-content\/uploads\/2025\/01\/25_01_Balkon_adobe_K-645x430.jpeg 645w\" sizes=\"auto, (max-width: 300px) 100vw, 300px\" \/><\/a><\/p>\n<p style=\"text-align: center;\">Jetzt auch zugelassen als Abdichtung unter Fliesen und Platten auf Balkonen: Der Allrounder StoCrete FB<br \/>\nBild: Alexandre Zveiger\/Adobe Stock<\/p>\n<p>&nbsp;<\/p>\n<hr \/>\n<p>&nbsp;<\/p>\n<p><em>Hintergrund:<\/em><\/p>\n<p><strong>StoCrete FB: Vielf\u00e4ltiges Einsatzspektrum<\/strong><br \/>\nDas zweikomponentige Material f\u00fcr innen und au\u00dfen bietet vielf\u00e4ltige Anwendungen: Es dichtet in Parkbauten mit Pflasterbel\u00e4gen erdber\u00fchrte Bauteile dauerhaft ab oder fungiert als OS-5b-Oberfl\u00e4chenschutzsystem an freiliegenden Bauteilen in der Spr\u00fch- und Spritzzone. Ist erh\u00f6hte chemische Best\u00e4ndigkeit gefordert, kommt StoCrete FB ebenfalls zum Einsatz. Das Material ist ableitf\u00e4hig und dichtet den Beton zuverl\u00e4ssig ab \u2013 auch rissgef\u00e4hrdete Untergr\u00fcnde. Damit eignet sich das Produkt ebenso f\u00fcr freibewitterte Trafo-Wannen, f\u00fcr Lager mit wassergef\u00e4hrdenden Fl\u00fcssigkeiten sowie f\u00fcr LAU- und HBV-Anlagen. Die gute Reinigungsf\u00e4higkeit und geringe Verschmutzungsneigung lohnt sich besonders bei Beckenkronen, Boden- und Wandfl\u00e4chen sowie im Schachtzulauf von Regen\u00fcberlaufbecken.<\/p>\n<p><strong>Zulassungen\/Normen<\/strong><br \/>\n\u2022 Allgemeines bauaufsichtliches Pr\u00fcfzeugnis (abP) auf Basis der Pr\u00fcfgrunds\u00e4tze f\u00fcr Abdichtungen im Verbund mit Fliesen- und Plattenbel\u00e4gen (PG-AIV-F)<br \/>\n\u2022 Abdichtung gem\u00e4\u00df DIN 18533 und DIN 18535 als mineralische Dichtungsschl\u00e4mme<br \/>\n\u2022 Allgemeine bauaufsichtliche Zulassung (abZ) WHG\/LAU<br \/>\n\u2022 OS 5b\/OS-DI System gem\u00e4\u00df TR Instandhaltung und DAfStb-Instandsetzungsrichtlinie<br \/>\n\u2022 EN 1504-2 Oberfl\u00e4chenschutzsysteme f\u00fcr Beton<br \/>\n\u2022 EN 1504-9 Instandsetzungsprinzipien 1, 2 und 8 nach Verfahren 1.3, 2.2 und 8.2<\/p>\n<p>&nbsp;<\/p>\n<hr \/>\n<p>&nbsp;<\/p>\n<p>Abdruck honorarfrei, Belegexemplar erbeten<\/p>\n","protected":false},"excerpt":{"rendered":"<p>Neue Zulassung f\u00fcr StoConcrete Protect Elastic FB: Das zementgebundene Beschichtungssystem ist jetzt auch als Abdichtung unter Fliesen und Platten auf Balkonen gepr\u00fcft.<\/p>\n","protected":false},"author":9,"featured_media":17380,"comment_status":"closed","ping_status":"open","sticky":false,"template":"","format":"standard","meta":{"footnotes":""},"categories":[16],"tags":[35,1855,83,1773,3048,516],"class_list":["post-17379","post","type-post","status-publish","format-standard","has-post-thumbnail","hentry","category-stocretec","tag-abdichtung","tag-balkon","tag-beton","tag-boden","tag-stoconcrete","tag-stocretec"],"_links":{"self":[{"href":"https:\/\/www.pr-neu.de\/newsroom\/wp-json\/wp\/v2\/posts\/17379","targetHints":{"allow":["GET"]}}],"collection":[{"href":"https:\/\/www.pr-neu.de\/newsroom\/wp-json\/wp\/v2\/posts"}],"about":[{"href":"https:\/\/www.pr-neu.de\/newsroom\/wp-json\/wp\/v2\/types\/post"}],"author":[{"embeddable":true,"href":"https:\/\/www.pr-neu.de\/newsroom\/wp-json\/wp\/v2\/users\/9"}],"replies":[{"embeddable":true,"href":"https:\/\/www.pr-neu.de\/newsroom\/wp-json\/wp\/v2\/comments?post=17379"}],"version-history":[{"count":2,"href":"https:\/\/www.pr-neu.de\/newsroom\/wp-json\/wp\/v2\/posts\/17379\/revisions"}],"predecessor-version":[{"id":17396,"href":"https:\/\/www.pr-neu.de\/newsroom\/wp-json\/wp\/v2\/posts\/17379\/revisions\/17396"}],"wp:featuredmedia":[{"embeddable":true,"href":"https:\/\/www.pr-neu.de\/newsroom\/wp-json\/wp\/v2\/media\/17380"}],"wp:attachment":[{"href":"https:\/\/www.pr-neu.de\/newsroom\/wp-json\/wp\/v2\/media?parent=17379"}],"wp:term":[{"taxonomy":"category","embeddable":true,"href":"https:\/\/www.pr-neu.de\/newsroom\/wp-json\/wp\/v2\/categories?post=17379"},{"taxonomy":"post_tag","embeddable":true,"href":"https:\/\/www.pr-neu.de\/newsroom\/wp-json\/wp\/v2\/tags?post=17379"}],"curies":[{"name":"wp","href":"https:\/\/api.w.org\/{rel}","templated":true}]}}