{"id":17354,"date":"2025-01-13T06:00:45","date_gmt":"2025-01-13T05:00:45","guid":{"rendered":"https:\/\/www.pr-neu.de\/newsroom\/?p=17354"},"modified":"2025-01-10T12:27:21","modified_gmt":"2025-01-10T11:27:21","slug":"thomas-kexel-verstaerkt-hanno-vertrieb","status":"publish","type":"post","link":"https:\/\/www.pr-neu.de\/newsroom\/thomas-kexel-verstaerkt-hanno-vertrieb\/","title":{"rendered":"Thomas Kexel verst\u00e4rkt Hanno-Vertrieb"},"content":{"rendered":"<p><u>Hanno: Neuer Vertriebsmitarbeiter f\u00fcr Ost-\/S\u00fcdost-Europa<\/u><\/p>\n<p>Hanno baut seinen Vertrieb in S\u00fcdost- und Ost-Europa aus: Thomas Kexel (62) unterst\u00fctzt jetzt das Vertriebsteam. Mit ihm geht Hanno einen weiteren Schritt, um sich im internationalen Markt breiter aufzustellen. Zuvor wirkte der Vertriebsprofi als Director Business Management bei einem Automobilzulieferer f\u00fcr Textillaminierung und sammelte Erfahrung an der Schnittstelle zwischen Vertrieb und anderen Abteilungen. Seine Karriere begann im Maschinenbau.<\/p>\n<p>&nbsp;<\/p>\n<hr \/>\n<p>&nbsp;<\/p>\n<p style=\"text-align: center;\"><a href=\"http:\/\/www.pr-neu.de\/newsroom\/wordpress\/wp-content\/uploads\/2025\/01\/24-19_Thomas_Kexel_K.jpg\" target=\"_blank\" rel=\"noopener\"><img loading=\"lazy\" decoding=\"async\" class=\"aligncenter wp-image-17355 size-medium\" src=\"http:\/\/www.pr-neu.de\/newsroom\/wordpress\/wp-content\/uploads\/2025\/01\/24-19_Thomas_Kexel_K-300x225.jpg\" alt=\"Thomas Kexel verst\u00e4rkt den Hanno-Vertrieb f\u00fcr S\u00fcdost- und Ost-Europa.\" width=\"300\" height=\"225\" srcset=\"https:\/\/www.pr-neu.de\/newsroom\/wordpress\/wp-content\/uploads\/2025\/01\/24-19_Thomas_Kexel_K-300x225.jpg 300w, https:\/\/www.pr-neu.de\/newsroom\/wordpress\/wp-content\/uploads\/2025\/01\/24-19_Thomas_Kexel_K-1024x768.jpg 1024w, https:\/\/www.pr-neu.de\/newsroom\/wordpress\/wp-content\/uploads\/2025\/01\/24-19_Thomas_Kexel_K-768x576.jpg 768w, https:\/\/www.pr-neu.de\/newsroom\/wordpress\/wp-content\/uploads\/2025\/01\/24-19_Thomas_Kexel_K-1536x1152.jpg 1536w, https:\/\/www.pr-neu.de\/newsroom\/wordpress\/wp-content\/uploads\/2025\/01\/24-19_Thomas_Kexel_K-2048x1536.jpg 2048w, https:\/\/www.pr-neu.de\/newsroom\/wordpress\/wp-content\/uploads\/2025\/01\/24-19_Thomas_Kexel_K-110x83.jpg 110w, https:\/\/www.pr-neu.de\/newsroom\/wordpress\/wp-content\/uploads\/2025\/01\/24-19_Thomas_Kexel_K-420x315.jpg 420w, https:\/\/www.pr-neu.de\/newsroom\/wordpress\/wp-content\/uploads\/2025\/01\/24-19_Thomas_Kexel_K-573x430.jpg 573w\" sizes=\"auto, (max-width: 300px) 100vw, 300px\" \/><\/a><\/p>\n<p style=\"text-align: center;\">Thomas Kexel verst\u00e4rkt den Hanno-Vertrieb f\u00fcr S\u00fcdost- und Ost-Europa.<br \/>\nBild: Hanno Werk GmbH &amp; Co. KG<\/p>\n<p>&nbsp;<\/p>\n<hr \/>\n<p>&nbsp;<\/p>\n<p>Abdruck honorarfrei, Belegexemplar erbeten<\/p>\n","protected":false},"excerpt":{"rendered":"<p>Hanno: Neuer Vertriebsmitarbeiter f\u00fcr Ost-\/S\u00fcdost-Europa<\/p>\n","protected":false},"author":10,"featured_media":17355,"comment_status":"closed","ping_status":"open","sticky":false,"template":"","format":"standard","meta":{"footnotes":""},"categories":[655],"tags":[1743,2043,393,1751,1757],"class_list":["post-17354","post","type-post","status-publish","format-standard","has-post-thumbnail","hentry","category-hanno","tag-hanno","tag-hannowerk","tag-personalia","tag-personalie","tag-unternehmen"],"_links":{"self":[{"href":"https:\/\/www.pr-neu.de\/newsroom\/wp-json\/wp\/v2\/posts\/17354","targetHints":{"allow":["GET"]}}],"collection":[{"href":"https:\/\/www.pr-neu.de\/newsroom\/wp-json\/wp\/v2\/posts"}],"about":[{"href":"https:\/\/www.pr-neu.de\/newsroom\/wp-json\/wp\/v2\/types\/post"}],"author":[{"embeddable":true,"href":"https:\/\/www.pr-neu.de\/newsroom\/wp-json\/wp\/v2\/users\/10"}],"replies":[{"embeddable":true,"href":"https:\/\/www.pr-neu.de\/newsroom\/wp-json\/wp\/v2\/comments?post=17354"}],"version-history":[{"count":1,"href":"https:\/\/www.pr-neu.de\/newsroom\/wp-json\/wp\/v2\/posts\/17354\/revisions"}],"predecessor-version":[{"id":17356,"href":"https:\/\/www.pr-neu.de\/newsroom\/wp-json\/wp\/v2\/posts\/17354\/revisions\/17356"}],"wp:featuredmedia":[{"embeddable":true,"href":"https:\/\/www.pr-neu.de\/newsroom\/wp-json\/wp\/v2\/media\/17355"}],"wp:attachment":[{"href":"https:\/\/www.pr-neu.de\/newsroom\/wp-json\/wp\/v2\/media?parent=17354"}],"wp:term":[{"taxonomy":"category","embeddable":true,"href":"https:\/\/www.pr-neu.de\/newsroom\/wp-json\/wp\/v2\/categories?post=17354"},{"taxonomy":"post_tag","embeddable":true,"href":"https:\/\/www.pr-neu.de\/newsroom\/wp-json\/wp\/v2\/tags?post=17354"}],"curies":[{"name":"wp","href":"https:\/\/api.w.org\/{rel}","templated":true}]}}