{"id":17324,"date":"2024-12-12T10:44:41","date_gmt":"2024-12-12T09:44:41","guid":{"rendered":"https:\/\/www.pr-neu.de\/newsroom\/?p=17324"},"modified":"2024-12-19T10:33:37","modified_gmt":"2024-12-19T09:33:37","slug":"julia-kloeckner-zu-besuch-bei-baustoffhersteller-sto-in-stuehlingen","status":"publish","type":"post","link":"https:\/\/www.pr-neu.de\/newsroom\/julia-kloeckner-zu-besuch-bei-baustoffhersteller-sto-in-stuehlingen\/","title":{"rendered":"Julia Kl\u00f6ckner zu Besuch bei Baustoffhersteller Sto in St\u00fchlingen"},"content":{"rendered":"<p><!--MBNHE--><\/p>\n<p><strong>Die Wirtschaftspolitische Sprecherin der CDU\/CSU Bundestagsfraktion Julia Kl\u00f6ckner tauschte sich in einem Gespr\u00e4ch mit Vorst\u00e4nden der STO Management SE in St\u00fchlingen aus. Sto ist ein f\u00fchrender Hersteller von Bautenbeschichtungen und Fassadend\u00e4mmsystemen. Themen waren die aktuelle wirtschaftspolitische Lage f\u00fcr die Bauindustrie sowie deren Herausforderungen.<\/strong><\/p>\n<p><!--MBNHE--><\/p>\n<p><u>St\u00fchlingen, 06.12.2024.<\/u> Um sich ein Bild von der Entwicklung in der Bauwirtschaft und den aktuellen Herausforderungen zu machen, besuchte die CDU-Bundesschatzmeisterin Julia Kl\u00f6ckner die Sto-Gruppe an ihrem Stammsitz in Baden-W\u00fcrttemberg. Sto ist Weltmarktf\u00fchrer im Bereich W\u00e4rmed\u00e4mm-Verbundsysteme und besch\u00e4ftigt rund 5.600 Mitarbeitende weltweit. Im Gespr\u00e4ch mit dem Sto-Vorstandsvorsitzenden Rainer H\u00fcttenber\u00acger, seinem Stellvertreter Michael Keller sowie dem Vertriebs\u00acleiter Deutschland Heiner R\u00f6hr sagte die CDU-Politikerin: \u201cSto ist ein Paradebeispiel f\u00fcr den deutschen Mittelstand, der eine wichtige St\u00fctze f\u00fcr unsere Wirtschaft ist. Die Innovationskraft und die Sicherung von Arbeitspl\u00e4tzen, die von solchen Unternehmen ausgehen, d\u00fcrfen nicht verloren gehen. Die CDU sieht deshalb dringenden Handlungsbedarf, die deutsche Bauwirtschaft durch eine nachhaltige und verl\u00e4ssliche Politik und entsprechende Rahmenbedingungen zu unterst\u00fctzen.\u201c<\/p>\n<p>Bei einem Rundgang durch die Sto-Produktausstellung stellten die Sto-Vorst\u00e4nde Produktinnovationen und insbesondere die Palette verschiedener D\u00e4mmstoffe f\u00fcr die Fassade vor. Sehr deutlich \u00e4u\u00dferten sich die Sto-Vorst\u00e4nde zu den aktuellen F\u00f6rderma\u00dfnahmen der Bundesregierung. \u201ePrivate Haushalte und Investoren ben\u00f6tigen dringend Planungssicherheit bei der Sanierung und dem Neubau von Geb\u00e4uden, die in der laufenden Legislaturperiode leider nicht gegeben war. Diese Unsicherheit hat dazu gef\u00fchrt, dass dringend ben\u00f6tigte Neubauprojekte nicht umgesetzt oder sogar gestoppt wurden, was die Wohnungsknappheit in Deutschland weiter versch\u00e4rft hat\u201c, betonte der stellvertretende Vorstandsvorsitzende Michael Keller. Mit Blick auf die Klimaziele der Bundesregierung sei es unumg\u00e4nglich, Investitionen im Bausektor zu f\u00f6rdern. Dies w\u00fcrde auch das Handwerk und die Baustoffindustrie in der aktuell angespannten Wirtschaftslage mit neuen Auftr\u00e4gen unterst\u00fctzen.<\/p>\n<p>\u201eIn Deutschland sind die Baugenehmigungen im Vergleich zum Vorjahr weiterhin r\u00fcckl\u00e4ufig und die Sanierungsquote liegt bei unter 0,7 Prozent. Um die Klimaziele zu erreichen, muss die Quote bis 2030 auf etwa 2 Prozent steigen. Auch brauchen wir rund 800.000 Wohnungen mehr, um dem derzeitigen Wohnungsmangel entgegenzuwirken\u201c, erl\u00e4uterte Heiner R\u00f6hr, Vertriebsleiter Deutschland. Die Sto-Vertreter wiesen zudem darauf hin, dass das Geb\u00e4udeenergiegesetz, welches auf politischer Ebene noch diskutiert wird, sinnvoll ist, vorausgesetzt, man betrachtet Geb\u00e4ude ganzheitlich und nicht nur aus der Sicht der Heizungstechnik. Denn um ein Geb\u00e4ude fit f\u00fcr die Zukunft zu machen, geh\u00f6rten eine energieeffiziente Geb\u00e4udeh\u00fclle, eine moderne Heiztechnik sowie erneuerbare Energien zusammen. Aus ihrer Sicht fehlt derzeit ein klares wirtschaftspolitisches Konzept auf Bundesebene, damit die Bauwirtschaft ihren Beitrag zum volkswirtschaftlichen Erfolg leisten kann.<\/p>\n<p>\u201eNachhaltige und innovative Baustoffe haben f\u00fcr uns in der Sto-Gruppe h\u00f6chste Priorit\u00e4t, weshalb wir die Forschung und Entwicklung weiter ausbauen wollen. Dabei setzen wir auf den Standort Deutschland und planen den Bau eines neuen Forschungs- und Entwicklungs-Campus am Firmensitz in St\u00fchlingen. Das Modell des neuen Innovations-Campus steht bereits in der Unternehmenszentrale, wann genau wir mit dem Bau beginnen werden, ist aufgrund der unsicheren wirtschaftlichen Rahmenbedingungen ungewiss\u201c, so der Vorstandsvorsitzende Rainer H\u00fcttenberger. Im neuen Campus soll die Entwicklung von weiteren Produktinnovationen bei, Farben, Lacken und Putzen sowie das serielle Bauen vorangetrieben werden. Das Bauvorhaben sei ein klares Bekenntnis zum Standort Deutschland.<\/p>\n<p>\u201eDie CDU ist sich der schwierigen Lage in der deutschen Bauwirtschaft und auch anderen Sektoren bewusst. Die hohen Kosten f\u00fcr eine umfassende klimafreundliche Sanierung von Altbauten sowie f\u00fcr Neubauten sind f\u00fcr viele B\u00fcrgerinnen und B\u00fcrger kaum zu stemmen, deshalb braucht es gut durchdachte und vor allem langfristig ausgerichtete F\u00f6rderprogramme. Die Menschen und auch die Wirtschaft brauchen eine verl\u00e4ssliche Politik, die ihnen Sicherheit gibt, daf\u00fcr werde ich mich einsetzen\u201c, betonte Julia Kl\u00f6ckner abschlie\u00dfend.<\/p>\n<p>An dem Besuch nahmen auch Felix Schreiner, Mitglied des Deutschen Bundestages, Sabine Hartmann-M\u00fcller, Mitglied des Landtages von Baden-W\u00fcrttemberg, Christoph M. Stolz, Leiter Public Affairs bei Sto sowie Anne Ruhrmann, Leiterin Global Public Relations bei Sto teil. In ihrem abschlie\u00dfenden Fazit waren sich sowohl die Politiker als auch die, Unternehmensvertreter einig, dass es f\u00fcr beide Seiten wichtig sei, im st\u00e4ndigen Dialog zu bleiben, um die politischen und wirtschaftlichen Herausforderungen gemeinsam zu meistern. Denn beide Seiten h\u00e4tten das gleiche Ziel, der deutschen Bauwirtschaft zu neuem Schwung zu verhelfen.<\/p>\n<p>&nbsp;<\/p>\n<hr \/>\n<p>&nbsp;<\/p>\n<p><a href=\"http:\/\/www.pr-neu.de\/newsroom\/wordpress\/wp-content\/uploads\/2024\/12\/24_46_Kloeckner_1_K.jpg\"><img loading=\"lazy\" decoding=\"async\" class=\"aligncenter size-medium wp-image-17325\" src=\"http:\/\/www.pr-neu.de\/newsroom\/wordpress\/wp-content\/uploads\/2024\/12\/24_46_Kloeckner_1_K-300x200.jpg\" alt=\"\" width=\"300\" height=\"200\" srcset=\"https:\/\/www.pr-neu.de\/newsroom\/wordpress\/wp-content\/uploads\/2024\/12\/24_46_Kloeckner_1_K-300x200.jpg 300w, https:\/\/www.pr-neu.de\/newsroom\/wordpress\/wp-content\/uploads\/2024\/12\/24_46_Kloeckner_1_K-1024x683.jpg 1024w, https:\/\/www.pr-neu.de\/newsroom\/wordpress\/wp-content\/uploads\/2024\/12\/24_46_Kloeckner_1_K-768x512.jpg 768w, https:\/\/www.pr-neu.de\/newsroom\/wordpress\/wp-content\/uploads\/2024\/12\/24_46_Kloeckner_1_K-1536x1024.jpg 1536w, https:\/\/www.pr-neu.de\/newsroom\/wordpress\/wp-content\/uploads\/2024\/12\/24_46_Kloeckner_1_K-2048x1365.jpg 2048w, https:\/\/www.pr-neu.de\/newsroom\/wordpress\/wp-content\/uploads\/2024\/12\/24_46_Kloeckner_1_K-110x73.jpg 110w, https:\/\/www.pr-neu.de\/newsroom\/wordpress\/wp-content\/uploads\/2024\/12\/24_46_Kloeckner_1_K-420x280.jpg 420w, https:\/\/www.pr-neu.de\/newsroom\/wordpress\/wp-content\/uploads\/2024\/12\/24_46_Kloeckner_1_K-645x430.jpg 645w\" sizes=\"auto, (max-width: 300px) 100vw, 300px\" \/><\/a><\/p>\n<p style=\"text-align: center;\">Heiner R\u00f6hr, Rainer H\u00fcttenberger, Felix Schreiner, Julia Kl\u00f6ckner, Sabine Hartmann-M\u00fcller, Michael Keller und Christoph M. Stolz.<\/p>\n<p>&nbsp;<\/p>\n<p><a href=\"http:\/\/www.pr-neu.de\/newsroom\/wordpress\/wp-content\/uploads\/2024\/12\/24_46_Kloeckner_2_K.jpg\"><img loading=\"lazy\" decoding=\"async\" class=\"aligncenter size-medium wp-image-17326\" src=\"http:\/\/www.pr-neu.de\/newsroom\/wordpress\/wp-content\/uploads\/2024\/12\/24_46_Kloeckner_2_K-300x193.jpg\" alt=\"\" width=\"300\" height=\"193\" srcset=\"https:\/\/www.pr-neu.de\/newsroom\/wordpress\/wp-content\/uploads\/2024\/12\/24_46_Kloeckner_2_K-300x193.jpg 300w, https:\/\/www.pr-neu.de\/newsroom\/wordpress\/wp-content\/uploads\/2024\/12\/24_46_Kloeckner_2_K-1024x659.jpg 1024w, https:\/\/www.pr-neu.de\/newsroom\/wordpress\/wp-content\/uploads\/2024\/12\/24_46_Kloeckner_2_K-768x494.jpg 768w, https:\/\/www.pr-neu.de\/newsroom\/wordpress\/wp-content\/uploads\/2024\/12\/24_46_Kloeckner_2_K-1536x988.jpg 1536w, https:\/\/www.pr-neu.de\/newsroom\/wordpress\/wp-content\/uploads\/2024\/12\/24_46_Kloeckner_2_K-2048x1318.jpg 2048w, https:\/\/www.pr-neu.de\/newsroom\/wordpress\/wp-content\/uploads\/2024\/12\/24_46_Kloeckner_2_K-110x71.jpg 110w, https:\/\/www.pr-neu.de\/newsroom\/wordpress\/wp-content\/uploads\/2024\/12\/24_46_Kloeckner_2_K-420x270.jpg 420w, https:\/\/www.pr-neu.de\/newsroom\/wordpress\/wp-content\/uploads\/2024\/12\/24_46_Kloeckner_2_K-668x430.jpg 668w\" sizes=\"auto, (max-width: 300px) 100vw, 300px\" \/><\/a><\/p>\n<p style=\"text-align: center;\">Sabine Hartmann-M\u00fcller, Julia Kl\u00f6ckner, Felix Schreiner, Michael Keller und Heiner R\u00f6hr (v.l.).<\/p>\n<p style=\"text-align: center;\">Bilder: Sto SE &amp; Co. KGaA<\/p>\n<p>&nbsp;<\/p>\n<hr \/>\n<p>&nbsp;<\/p>\n<p>Abdruck honorarfrei, Belegexemplar erbeten<\/p>\n","protected":false},"excerpt":{"rendered":"<p>Die Wirtschaftspolitische Sprecherin der CDU\/CSU Bundestagsfraktion Julia Kl\u00f6ckner tauschte sich in einem Gespr\u00e4ch mit Vorst\u00e4nden der STO Management SE in St\u00fchlingen aus. Sto ist ein f\u00fchrender Hersteller von Bautenbeschichtungen und Fassadend\u00e4mmsystemen. Themen waren die aktuelle wirtschaftspolitische Lage f\u00fcr die Bauindustrie sowie deren Herausforderungen. St\u00fchlingen, 06.12.2024. Um sich ein Bild von der Entwicklung in der Bauwirtschaft [&hellip;]<\/p>\n","protected":false},"author":9,"featured_media":17325,"comment_status":"closed","ping_status":"open","sticky":false,"template":"","format":"standard","meta":{"footnotes":""},"categories":[15],"tags":[3236,504,1635],"class_list":["post-17324","post","type-post","status-publish","format-standard","has-post-thumbnail","hentry","category-sto","tag-julia-kloecker","tag-sto-2","tag-stuehlingen"],"_links":{"self":[{"href":"https:\/\/www.pr-neu.de\/newsroom\/wp-json\/wp\/v2\/posts\/17324","targetHints":{"allow":["GET"]}}],"collection":[{"href":"https:\/\/www.pr-neu.de\/newsroom\/wp-json\/wp\/v2\/posts"}],"about":[{"href":"https:\/\/www.pr-neu.de\/newsroom\/wp-json\/wp\/v2\/types\/post"}],"author":[{"embeddable":true,"href":"https:\/\/www.pr-neu.de\/newsroom\/wp-json\/wp\/v2\/users\/9"}],"replies":[{"embeddable":true,"href":"https:\/\/www.pr-neu.de\/newsroom\/wp-json\/wp\/v2\/comments?post=17324"}],"version-history":[{"count":4,"href":"https:\/\/www.pr-neu.de\/newsroom\/wp-json\/wp\/v2\/posts\/17324\/revisions"}],"predecessor-version":[{"id":17333,"href":"https:\/\/www.pr-neu.de\/newsroom\/wp-json\/wp\/v2\/posts\/17324\/revisions\/17333"}],"wp:featuredmedia":[{"embeddable":true,"href":"https:\/\/www.pr-neu.de\/newsroom\/wp-json\/wp\/v2\/media\/17325"}],"wp:attachment":[{"href":"https:\/\/www.pr-neu.de\/newsroom\/wp-json\/wp\/v2\/media?parent=17324"}],"wp:term":[{"taxonomy":"category","embeddable":true,"href":"https:\/\/www.pr-neu.de\/newsroom\/wp-json\/wp\/v2\/categories?post=17324"},{"taxonomy":"post_tag","embeddable":true,"href":"https:\/\/www.pr-neu.de\/newsroom\/wp-json\/wp\/v2\/tags?post=17324"}],"curies":[{"name":"wp","href":"https:\/\/api.w.org\/{rel}","templated":true}]}}