{"id":17312,"date":"2024-12-02T11:53:02","date_gmt":"2024-12-02T10:53:02","guid":{"rendered":"https:\/\/www.pr-neu.de\/newsroom\/?p=17312"},"modified":"2024-12-02T11:53:02","modified_gmt":"2024-12-02T10:53:02","slug":"sto-bleibt-weltmarktfuehrer-wdvs-2025","status":"publish","type":"post","link":"https:\/\/www.pr-neu.de\/newsroom\/sto-bleibt-weltmarktfuehrer-wdvs-2025\/","title":{"rendered":"Sto bleibt Weltmarktf\u00fchrer WDVS"},"content":{"rendered":"<p><strong>Bereits zum vierten Mal ist die Sto SE &amp; Co. KGaA Weltmarktf\u00fchrer f\u00fcr W\u00e4rmed\u00e4mm-Verbundsysteme. Auch 2025 tr\u00e4gt das Unternehmen diesen Titel, ermittelt von der Wirtschaftswoche.<\/strong><\/p>\n<p>Den Titel \u201eWeltmarktf\u00fchrer\u201c vergibt die Wirtschaftswoche j\u00e4hrlich an Mittelst\u00e4ndler, die auf wachstumsstarken Marktfeldern aktiv sind, in Innovation investieren und international agieren. Weitere Faktoren sind eine solide Finanzstruktur und der Blick auf die Strahlkraft der Marke. Jetzt zeichnete das Fachblatt die Weltmarktf\u00fchrer 2025 aus. Voraussetzungen waren: H\u00f6chster oder zweith\u00f6chster Marktanteil, ein Jahresumsatz von mehr als 50 Millionen Euro, davon die H\u00e4lfte im Ausland erwirtschaftet auf mindestens drei Kontinenten. \u201eDie erneute Auszeichnung zeigt, dass wir selbst in dieser deutlichen Krise auf Kurs bleiben\u201c, sagt Sto-Vorstandsvorsitzender Rainer H\u00fcttenberger. \u201eTrotz der Einschnitte im Gesamtmarkt entwickelt Sto seine Internationalisierung und setzt bei Forschung und Entwicklung besonders auf zukunftstr\u00e4chtige Wege zu mehr Nachhaltigkeit. Durch das Engagement unserer rund 5.900 Mitarbeitenden ist dieser Erfolg m\u00f6glich geworden.\u201c<\/p>\n<p>&nbsp;<\/p>\n<hr \/>\n<p>&nbsp;<\/p>\n<p><a href=\"http:\/\/www.pr-neu.de\/newsroom\/wordpress\/wp-content\/uploads\/2024\/12\/24_44_Weltmarktfuehrer_K-scaled.jpg\"><img loading=\"lazy\" decoding=\"async\" class=\"aligncenter size-medium wp-image-17313\" src=\"http:\/\/www.pr-neu.de\/newsroom\/wordpress\/wp-content\/uploads\/2024\/12\/24_44_Weltmarktfuehrer_K-178x300.jpg\" alt=\"Siegel der Wirtschaftswoche f\u00fcr den Weltmarktf\u00fchrer WDVS 2025, die Sto SE &amp;Co. KGaA.\" width=\"178\" height=\"300\" srcset=\"https:\/\/www.pr-neu.de\/newsroom\/wordpress\/wp-content\/uploads\/2024\/12\/24_44_Weltmarktfuehrer_K-178x300.jpg 178w, https:\/\/www.pr-neu.de\/newsroom\/wordpress\/wp-content\/uploads\/2024\/12\/24_44_Weltmarktfuehrer_K-609x1024.jpg 609w, https:\/\/www.pr-neu.de\/newsroom\/wordpress\/wp-content\/uploads\/2024\/12\/24_44_Weltmarktfuehrer_K-768x1292.jpg 768w, https:\/\/www.pr-neu.de\/newsroom\/wordpress\/wp-content\/uploads\/2024\/12\/24_44_Weltmarktfuehrer_K-913x1536.jpg 913w, https:\/\/www.pr-neu.de\/newsroom\/wordpress\/wp-content\/uploads\/2024\/12\/24_44_Weltmarktfuehrer_K-1217x2048.jpg 1217w, https:\/\/www.pr-neu.de\/newsroom\/wordpress\/wp-content\/uploads\/2024\/12\/24_44_Weltmarktfuehrer_K-65x110.jpg 65w, https:\/\/www.pr-neu.de\/newsroom\/wordpress\/wp-content\/uploads\/2024\/12\/24_44_Weltmarktfuehrer_K-250x420.jpg 250w, https:\/\/www.pr-neu.de\/newsroom\/wordpress\/wp-content\/uploads\/2024\/12\/24_44_Weltmarktfuehrer_K-256x430.jpg 256w, https:\/\/www.pr-neu.de\/newsroom\/wordpress\/wp-content\/uploads\/2024\/12\/24_44_Weltmarktfuehrer_K-scaled.jpg 1521w\" sizes=\"auto, (max-width: 178px) 100vw, 178px\" \/><\/a><\/p>\n<p style=\"text-align: center;\">Siegel der Wirtschaftswoche f\u00fcr den Weltmarktf\u00fchrer WDVS 2025, die Sto SE &amp; Co. KGaA.<br \/>\nBild: Wirtschaftswoche<\/p>\n<p>&nbsp;<\/p>\n<hr \/>\n<p>&nbsp;<\/p>\n<p>Abdruck honorarfrei, Belegexemplar erbeten<\/p>\n","protected":false},"excerpt":{"rendered":"<p>Bereits zum vierten Mal ist die Sto SE &#038; Co. KGaA Weltmarktf\u00fchrer f\u00fcr W\u00e4rmed\u00e4mm-Verbundsysteme. Auch 2025 tr\u00e4gt das Unternehmen diesen Titel, ermittelt von der Wirtschaftswoche.<\/p>\n","protected":false},"author":9,"featured_media":17314,"comment_status":"closed","ping_status":"open","sticky":false,"template":"","format":"standard","meta":{"footnotes":""},"categories":[15],"tags":[1759,3234,504,627,2428,2426],"class_list":["post-17312","post","type-post","status-publish","format-standard","has-post-thumbnail","hentry","category-sto","tag-auszeichnung","tag-marktfuehrer","tag-sto-2","tag-wdvs","tag-weltmarktfuehrer","tag-wirtschaftswoche"],"_links":{"self":[{"href":"https:\/\/www.pr-neu.de\/newsroom\/wp-json\/wp\/v2\/posts\/17312","targetHints":{"allow":["GET"]}}],"collection":[{"href":"https:\/\/www.pr-neu.de\/newsroom\/wp-json\/wp\/v2\/posts"}],"about":[{"href":"https:\/\/www.pr-neu.de\/newsroom\/wp-json\/wp\/v2\/types\/post"}],"author":[{"embeddable":true,"href":"https:\/\/www.pr-neu.de\/newsroom\/wp-json\/wp\/v2\/users\/9"}],"replies":[{"embeddable":true,"href":"https:\/\/www.pr-neu.de\/newsroom\/wp-json\/wp\/v2\/comments?post=17312"}],"version-history":[{"count":1,"href":"https:\/\/www.pr-neu.de\/newsroom\/wp-json\/wp\/v2\/posts\/17312\/revisions"}],"predecessor-version":[{"id":17315,"href":"https:\/\/www.pr-neu.de\/newsroom\/wp-json\/wp\/v2\/posts\/17312\/revisions\/17315"}],"wp:featuredmedia":[{"embeddable":true,"href":"https:\/\/www.pr-neu.de\/newsroom\/wp-json\/wp\/v2\/media\/17314"}],"wp:attachment":[{"href":"https:\/\/www.pr-neu.de\/newsroom\/wp-json\/wp\/v2\/media?parent=17312"}],"wp:term":[{"taxonomy":"category","embeddable":true,"href":"https:\/\/www.pr-neu.de\/newsroom\/wp-json\/wp\/v2\/categories?post=17312"},{"taxonomy":"post_tag","embeddable":true,"href":"https:\/\/www.pr-neu.de\/newsroom\/wp-json\/wp\/v2\/tags?post=17312"}],"curies":[{"name":"wp","href":"https:\/\/api.w.org\/{rel}","templated":true}]}}