{"id":17292,"date":"2024-11-22T12:13:34","date_gmt":"2024-11-22T11:13:34","guid":{"rendered":"https:\/\/www.pr-neu.de\/newsroom\/?p=17292"},"modified":"2024-11-22T12:14:08","modified_gmt":"2024-11-22T11:14:08","slug":"trockene-balkone","status":"publish","type":"post","link":"https:\/\/www.pr-neu.de\/newsroom\/trockene-balkone\/","title":{"rendered":"Trockene Balkone"},"content":{"rendered":"<p>&nbsp;<\/p>\n<p><u>Objektreportage: 74 Balkone in K\u00f6ln saniert<\/u><\/p>\n<p><strong>74 schadhafte Balkone saniert \u2013 mit einem neuen, widerstandsf\u00e4higen Boden und einer langfristig funktionsf\u00e4higen Entw\u00e4sserung \u00fcber alle Stockwerke: Dieses Projekt hat die GAG jetzt in K\u00f6ln-Zollstock umgesetzt. Die alte Entw\u00e4sserung \u00fcber den tragenden Hohlst\u00e4nder dient jetzt als Not-Entw\u00e4sserung, mit dem Loro-System GF erfolgt die Hauptentw\u00e4sserung nun \u00fcber ein effizientes, langlebiges Direktentw\u00e4sserungssystem in DN 50.<\/strong><\/p>\n<p>K\u00f6ln-Zollstock ist ein traditionelles Wohn-Quartier. Die GAG Immobilien AG unterh\u00e4lt hier viele mehrgeschossige Wohnh\u00e4user, entstanden in den 1950er Jahren. 1991 kamen an vielen Wohnungen Vorsatzbalkone hinzu \u2013 an denen mittlerweile Sch\u00e4den sichtbar wurden, insbesondere an den gefliesten B\u00f6den. Das Immobilien-Unternehmen entschloss sich zu einer Sanierung der Bestandsbalkone.<\/p>\n<p>Insgesamt galt es, 74 Balkone instand zu setzen. Im ersten Schritt wurde daf\u00fcr der Status Quo erfasst und daraus der Sanierungsbedarf abgeleitet: Abbruch des bisherigen Fliesenbelags und der schadhaften Estrichschicht, neuer Aufbau des Bodens mit einem Kunststoff-Bodensystem. Die Br\u00fcstungen blieben dagegen erhalten, da sie den Stil der Anlage pr\u00e4gen und weiterhin intakt sind.<br \/>\nDa die Bauvorschriften heute auch f\u00fcr Balkone Haupt- und Notentw\u00e4sserung verbindlich vorgeben, kam im Zuge der Sanierung zur bisherigen Entw\u00e4sserung ein zweiter Weg hinzu.<\/p>\n<p><strong>Kunststoff statt Fliese<\/strong><\/p>\n<p>Die sichtbarsten Sch\u00e4den lagen zu F\u00fc\u00dfen: Auf vielen B\u00f6den war Feuchtigkeit in den Belag eingedrungen und hatte in der Folge zu Rissen im und unter dem Fliesenbelag gef\u00fchrt. Diese B\u00f6den waren nicht mehr zu retten. Der Aufbau wurde daher entfernt bis zur tragenden Schicht: Abbruch von Fliesen und Estrich bis zur Rohbetondecke. Als vorbereitende Arbeit wurde die Decke (und die angrenzenden Metallbauteile) zun\u00e4chst gefr\u00e4st, angeschliffen und geprimert.<\/p>\n<p>Als neuen Aufbau w\u00e4hlten die Verantwortlichen ein witterungsbest\u00e4ndiges Fl\u00fcssigkunststoffsystem (Triflex BTS-P). Wichtig dabei war, dass sich der tiefste Punkt des Balkons durch die neue Entw\u00e4sserung verlagert: War bislang die Au\u00dfenecke der Balkone als Ablauf ausgebildet, liegt dieser Punkt nun in der Fl\u00e4che mit 10 Zentimeter Abstand von der Au\u00dfenkante Klebeflansch zum Balkonrand (seitlich und von vorn) gem\u00e4\u00df DIN 18531. Entsprechend war das Gef\u00e4lle (zwei Prozent) neu auszurichten und wurde in einer Schichtdicke von 10 mm (am Tiefpunkt) bis 50 mm mit einem zweikomponentigen Schnellestrich hergestellt \u2013 die Schicht konnte bereits nach rund einer Stunde Abbindezeit \u00fcberarbeitet werden.<\/p>\n<p>F\u00fcr die Rohre der neuen Hauptentw\u00e4sserung war zudem eine Kernbohrung in den Boden zu setzen. \u201eDas Einsetzen der Balkonabfl\u00fcsse war einfach, ebenso wie das Herstellen der Anschl\u00fcsse an die Durchf\u00fchrungen. Durch den werkseitigen Klebeflansch lie\u00df sich die Bodenbeschichtung einfach an das Rohr heranf\u00fchren\u201c, berichtet Sascha K\u00f6nigsfeld, Bauleiter vom ausf\u00fchrenden Betrieb Wierig Liquid. Durch die umlaufende Erh\u00f6hung an der Innenseite des Anschlussrandes kann die Fl\u00fcssigkunststoffschicht mit zwei bis drei Millimeter optimal angearbeitet werden, sodass kein Fl\u00fcssigkunststoff versehentlich in den Ablauf gelangt \u2013 und die Entw\u00e4sserungsebene schlie\u00dft b\u00fcndig ab.<\/p>\n<p>Mit dem Direktentw\u00e4sserungssystem (Serie GF, Loro) ist die Hauptentw\u00e4sserung jetzt elegant mit einem Strang \u00fcber alle Stockwerke gel\u00f6st. Der Ablauf erfolgt \u00fcber ein Ringsieb, welches das von oben kommende Rohr ohne zus\u00e4tzliche Befestigung umschlie\u00dft und den Niederschlag zus\u00e4tzlich in das abf\u00fchrende Rohr leitet. Nur auf dem obersten Balkon dient ein fl\u00e4chiges Sieb als Abschluss f\u00fcr den Balkonablauf. Das Wasser flie\u00dft dann unterhalb des Erdgeschoss-Balkons auf die freie Fl\u00e4che (Freispiegelentw\u00e4sserung) des Grundst\u00fccks \u2013 wie bereits in der urspr\u00fcnglichen Situation und es auch weiter f\u00fcr die Notenw\u00e4sserung gilt.<\/p>\n<p>Die Notentw\u00e4sserung ist der zweite Clou: Daf\u00fcr wurde die alte Entw\u00e4sserung \u00fcber die tragenden Hohl-Profile einfach umgenutzt. Dazu ist in der Balkonecke am Boden eine etwa 1,5 Zentimeter hohe Stufe ausgef\u00fchrt, so dass Niederschl\u00e4ge erst ab einer bestimmten H\u00f6he \u00fcber den zweiten Entw\u00e4sserungsweg flie\u00dfen k\u00f6nnen. Dann aber ist sichergestellt, dass auch bei sehr starkem Regen das Wasser vom Balkon nicht in Richtung der Wohnungen flie\u00dft, sondern ab.<\/p>\n<p>\u201eDas Projekt vereint wirtschaftliche Instandsetzung mit der technischen Aufwertung auf die aktuell g\u00fcltigen Baunormen. Die Balkone sind nach den Bauarbeiten wieder langfristig nutzbar und dauerhaft sicher vor Niederschl\u00e4gen gesch\u00fctzt. Die typische Architektur blieb dabei erhalten\u201c, res\u00fcmiert Architekt Bernhard Remaklus, Projektleiter der GAG.<\/p>\n<p>&nbsp;<\/p>\n<hr \/>\n<p>&nbsp;<\/p>\n<p><strong>Bautafel:<\/strong><br \/>\nBalkonsanierung in K\u00f6ln-Zollstock<\/p>\n<p><em>Bauherr<\/em><br \/>\nGAG Immobilien AG, K\u00f6ln<\/p>\n<p><em>Planer<\/em><br \/>\nDipl.-Ing. Architekt Bernhard Remaklus, GAG Immobilien AG, K\u00f6ln<\/p>\n<p><em>Verarbeiter<\/em><br \/>\nWierig Liquid, Siegburg<\/p>\n<p><em>Balkonentw\u00e4sserung<\/em><br \/>\nLoro, Bad Gandersheim (System GF)<\/p>\n<p><em>Balkonboden<\/em><br \/>\nTriflex, Minden (System BTS-P)<\/p>\n<p>&nbsp;<\/p>\n<hr \/>\n<p>&nbsp;<\/p>\n<p>K A S T E N<\/p>\n<p><strong>Sch\u00e4den bis in den Estrich<\/strong><br \/>\nMehr als 30 Jahre Standzeiten hatten ihre Spuren in den Balkonen hinterlassen. Nicht nur der Fliesenbelag hatte mittlerweile Risse. Dar\u00fcber war auch Wasser bis in den Estrich eingedrungen und hatte dort zu Abplatzungen und Durchn\u00e4ssung gef\u00fchrt. \u00dcberschlagendes und durchsickerndes Wasser f\u00fchrte dann zu Sch\u00e4den an der Balkonplatte und auch an der Hauswand, so dass sogar in manchen Wohnungen Feuchtigkeitssch\u00e4den auftauchten.<\/p>\n<p>&nbsp;<\/p>\n<hr \/>\n<p>&nbsp;<\/p>\n<p>K A S T E N<\/p>\n<p><strong>Langlebig mit Fl\u00fcssigkunststoff<\/strong><br \/>\nDurch den R\u00fcckbau bis zum Rohbeton lie\u00dfen sich die neuen B\u00f6den langlebig und attraktiv aufbauen. Mit der Wahl eines PMMA-Fl\u00fcssigkunststoffsystems erfolgte der Einbau zudem z\u00fcgig, da der Estrich nach kurzer Zeit \u00fcberarbeitet werden kann. Der Balkonboden (Triflex BTS-P) dichtet hinterlaufsicher ab als dauerhafter Feuchteschutz. Wand-, Rand- und T\u00fcranschl\u00fcsse sind sicher auszuf\u00fchren. Die fugenlose Oberfl\u00e4che ist robust, witterungsbest\u00e4ndig und h\u00e4lt auch Punktbelastungen (Tische, St\u00fchle) stand. Da der neue Boden zudem vergleichsweise leicht ist, traten auch keine statischen Probleme auf.<\/p>\n<p>&nbsp;<\/p>\n<hr \/>\n<p>&nbsp;<\/p>\n<p><a href=\"http:\/\/www.pr-neu.de\/newsroom\/wordpress\/wp-content\/uploads\/2024\/11\/24_05_Koeln_Balkone_01_Wohngebaeude_K.jpg\" target=\"_blank\" rel=\"noopener\"><img loading=\"lazy\" decoding=\"async\" class=\"aligncenter wp-image-17293 size-medium\" src=\"http:\/\/www.pr-neu.de\/newsroom\/wordpress\/wp-content\/uploads\/2024\/11\/24_05_Koeln_Balkone_01_Wohngebaeude_K-300x254.jpg\" alt=\"Die Balkone liegen zu den Innenh\u00f6fen und wurden 1991 angebaut.\" width=\"300\" height=\"254\" srcset=\"https:\/\/www.pr-neu.de\/newsroom\/wordpress\/wp-content\/uploads\/2024\/11\/24_05_Koeln_Balkone_01_Wohngebaeude_K-300x254.jpg 300w, https:\/\/www.pr-neu.de\/newsroom\/wordpress\/wp-content\/uploads\/2024\/11\/24_05_Koeln_Balkone_01_Wohngebaeude_K-1024x866.jpg 1024w, https:\/\/www.pr-neu.de\/newsroom\/wordpress\/wp-content\/uploads\/2024\/11\/24_05_Koeln_Balkone_01_Wohngebaeude_K-768x650.jpg 768w, https:\/\/www.pr-neu.de\/newsroom\/wordpress\/wp-content\/uploads\/2024\/11\/24_05_Koeln_Balkone_01_Wohngebaeude_K-1536x1299.jpg 1536w, https:\/\/www.pr-neu.de\/newsroom\/wordpress\/wp-content\/uploads\/2024\/11\/24_05_Koeln_Balkone_01_Wohngebaeude_K-2048x1732.jpg 2048w, https:\/\/www.pr-neu.de\/newsroom\/wordpress\/wp-content\/uploads\/2024\/11\/24_05_Koeln_Balkone_01_Wohngebaeude_K-110x93.jpg 110w, https:\/\/www.pr-neu.de\/newsroom\/wordpress\/wp-content\/uploads\/2024\/11\/24_05_Koeln_Balkone_01_Wohngebaeude_K-420x355.jpg 420w, https:\/\/www.pr-neu.de\/newsroom\/wordpress\/wp-content\/uploads\/2024\/11\/24_05_Koeln_Balkone_01_Wohngebaeude_K-508x430.jpg 508w\" sizes=\"auto, (max-width: 300px) 100vw, 300px\" \/><\/a><\/p>\n<p style=\"text-align: center;\">Die Balkone liegen zu den Innenh\u00f6fen und wurden 1991 angebaut.<\/p>\n<p>&nbsp;<\/p>\n<p><a href=\"http:\/\/www.pr-neu.de\/newsroom\/wordpress\/wp-content\/uploads\/2024\/11\/24_05_Koeln_Balkone_02_Hohl_Traeger_K.jpg\" target=\"_blank\" rel=\"noopener\"><img loading=\"lazy\" decoding=\"async\" class=\"aligncenter wp-image-17294 size-medium\" src=\"http:\/\/www.pr-neu.de\/newsroom\/wordpress\/wp-content\/uploads\/2024\/11\/24_05_Koeln_Balkone_02_Hohl_Traeger_K-300x200.jpg\" alt=\"Die Entw\u00e4sserung erfolgte bislang \u00fcber die Holme, die als Hohl-Tr\u00e4ger das Wasser an den Balkonecken aufnahmen und am Boden auf die freie Fl\u00e4che f\u00fchrten.\" width=\"300\" height=\"200\" srcset=\"https:\/\/www.pr-neu.de\/newsroom\/wordpress\/wp-content\/uploads\/2024\/11\/24_05_Koeln_Balkone_02_Hohl_Traeger_K-300x200.jpg 300w, https:\/\/www.pr-neu.de\/newsroom\/wordpress\/wp-content\/uploads\/2024\/11\/24_05_Koeln_Balkone_02_Hohl_Traeger_K-1024x683.jpg 1024w, https:\/\/www.pr-neu.de\/newsroom\/wordpress\/wp-content\/uploads\/2024\/11\/24_05_Koeln_Balkone_02_Hohl_Traeger_K-768x512.jpg 768w, https:\/\/www.pr-neu.de\/newsroom\/wordpress\/wp-content\/uploads\/2024\/11\/24_05_Koeln_Balkone_02_Hohl_Traeger_K-1536x1025.jpg 1536w, https:\/\/www.pr-neu.de\/newsroom\/wordpress\/wp-content\/uploads\/2024\/11\/24_05_Koeln_Balkone_02_Hohl_Traeger_K-2048x1366.jpg 2048w, https:\/\/www.pr-neu.de\/newsroom\/wordpress\/wp-content\/uploads\/2024\/11\/24_05_Koeln_Balkone_02_Hohl_Traeger_K-110x73.jpg 110w, https:\/\/www.pr-neu.de\/newsroom\/wordpress\/wp-content\/uploads\/2024\/11\/24_05_Koeln_Balkone_02_Hohl_Traeger_K-420x280.jpg 420w, https:\/\/www.pr-neu.de\/newsroom\/wordpress\/wp-content\/uploads\/2024\/11\/24_05_Koeln_Balkone_02_Hohl_Traeger_K-645x430.jpg 645w\" sizes=\"auto, (max-width: 300px) 100vw, 300px\" \/><\/a><\/p>\n<p style=\"text-align: center;\">Die Entw\u00e4sserung erfolgte bislang \u00fcber die Holme, die als Hohl-Tr\u00e4ger das Wasser an den Balkonecken aufnahmen und am Boden auf die freie Fl\u00e4che f\u00fchrten.<\/p>\n<p>&nbsp;<\/p>\n<p><a href=\"http:\/\/www.pr-neu.de\/newsroom\/wordpress\/wp-content\/uploads\/2024\/11\/24_05_Koeln_Balkone_03_Bruestung_K.jpg\" target=\"_blank\" rel=\"noopener\"><img loading=\"lazy\" decoding=\"async\" class=\"aligncenter wp-image-17295 size-medium\" src=\"http:\/\/www.pr-neu.de\/newsroom\/wordpress\/wp-content\/uploads\/2024\/11\/24_05_Koeln_Balkone_03_Bruestung_K-300x200.jpg\" alt=\"Farbige Platten mit horizontal dar\u00fcber gef\u00fchrten Streben dienen weiterhin als Br\u00fcstung\" width=\"300\" height=\"200\" srcset=\"https:\/\/www.pr-neu.de\/newsroom\/wordpress\/wp-content\/uploads\/2024\/11\/24_05_Koeln_Balkone_03_Bruestung_K-300x200.jpg 300w, https:\/\/www.pr-neu.de\/newsroom\/wordpress\/wp-content\/uploads\/2024\/11\/24_05_Koeln_Balkone_03_Bruestung_K-1024x683.jpg 1024w, https:\/\/www.pr-neu.de\/newsroom\/wordpress\/wp-content\/uploads\/2024\/11\/24_05_Koeln_Balkone_03_Bruestung_K-768x512.jpg 768w, https:\/\/www.pr-neu.de\/newsroom\/wordpress\/wp-content\/uploads\/2024\/11\/24_05_Koeln_Balkone_03_Bruestung_K-1536x1025.jpg 1536w, https:\/\/www.pr-neu.de\/newsroom\/wordpress\/wp-content\/uploads\/2024\/11\/24_05_Koeln_Balkone_03_Bruestung_K-2048x1366.jpg 2048w, https:\/\/www.pr-neu.de\/newsroom\/wordpress\/wp-content\/uploads\/2024\/11\/24_05_Koeln_Balkone_03_Bruestung_K-110x73.jpg 110w, https:\/\/www.pr-neu.de\/newsroom\/wordpress\/wp-content\/uploads\/2024\/11\/24_05_Koeln_Balkone_03_Bruestung_K-420x280.jpg 420w, https:\/\/www.pr-neu.de\/newsroom\/wordpress\/wp-content\/uploads\/2024\/11\/24_05_Koeln_Balkone_03_Bruestung_K-645x430.jpg 645w\" sizes=\"auto, (max-width: 300px) 100vw, 300px\" \/><\/a><\/p>\n<p style=\"text-align: center;\">Farbige Platten mit horizontal dar\u00fcber gef\u00fchrten Streben dienen weiterhin als Br\u00fcstung.<\/p>\n<p>&nbsp;<\/p>\n<p><a href=\"http:\/\/www.pr-neu.de\/newsroom\/wordpress\/wp-content\/uploads\/2024\/11\/24_05_Koeln_Balkone_04_Boden_vor_Sanierung_K.jpg\" target=\"_blank\" rel=\"noopener\"><img loading=\"lazy\" decoding=\"async\" class=\"aligncenter wp-image-17296 size-medium\" src=\"http:\/\/www.pr-neu.de\/newsroom\/wordpress\/wp-content\/uploads\/2024\/11\/24_05_Koeln_Balkone_04_Boden_vor_Sanierung_K-225x300.jpg\" alt=\"Vor der Sanierung: Die B\u00f6den zeigen nach rund 33 Jahren Standzeit Verschlei\u00df-Sch\u00e4den.\" width=\"225\" height=\"300\" srcset=\"https:\/\/www.pr-neu.de\/newsroom\/wordpress\/wp-content\/uploads\/2024\/11\/24_05_Koeln_Balkone_04_Boden_vor_Sanierung_K-225x300.jpg 225w, https:\/\/www.pr-neu.de\/newsroom\/wordpress\/wp-content\/uploads\/2024\/11\/24_05_Koeln_Balkone_04_Boden_vor_Sanierung_K-768x1024.jpg 768w, https:\/\/www.pr-neu.de\/newsroom\/wordpress\/wp-content\/uploads\/2024\/11\/24_05_Koeln_Balkone_04_Boden_vor_Sanierung_K-1152x1536.jpg 1152w, https:\/\/www.pr-neu.de\/newsroom\/wordpress\/wp-content\/uploads\/2024\/11\/24_05_Koeln_Balkone_04_Boden_vor_Sanierung_K-1536x2048.jpg 1536w, https:\/\/www.pr-neu.de\/newsroom\/wordpress\/wp-content\/uploads\/2024\/11\/24_05_Koeln_Balkone_04_Boden_vor_Sanierung_K-83x110.jpg 83w, https:\/\/www.pr-neu.de\/newsroom\/wordpress\/wp-content\/uploads\/2024\/11\/24_05_Koeln_Balkone_04_Boden_vor_Sanierung_K-315x420.jpg 315w, https:\/\/www.pr-neu.de\/newsroom\/wordpress\/wp-content\/uploads\/2024\/11\/24_05_Koeln_Balkone_04_Boden_vor_Sanierung_K-323x430.jpg 323w, https:\/\/www.pr-neu.de\/newsroom\/wordpress\/wp-content\/uploads\/2024\/11\/24_05_Koeln_Balkone_04_Boden_vor_Sanierung_K.jpg 1800w\" sizes=\"auto, (max-width: 225px) 100vw, 225px\" \/><\/a><\/p>\n<p style=\"text-align: center;\">Vor der Sanierung: Die B\u00f6den zeigen nach rund 33 Jahren Standzeit Verschlei\u00df-Sch\u00e4den.<\/p>\n<p><a href=\"http:\/\/www.pr-neu.de\/newsroom\/wordpress\/wp-content\/uploads\/2024\/11\/24_05_Koeln_Balkone_05_Anschluss_Traeger_K.jpg\" target=\"_blank\" rel=\"noopener\"><img loading=\"lazy\" decoding=\"async\" class=\"aligncenter wp-image-17297 size-medium\" src=\"http:\/\/www.pr-neu.de\/newsroom\/wordpress\/wp-content\/uploads\/2024\/11\/24_05_Koeln_Balkone_05_Anschluss_Traeger_K-300x200.jpg\" alt=\"Eckdetail: Am Anschluss Balkon \/ Tr\u00e4ger lag im unsanierten Zustand der Wasserablauf in dem Tr\u00e4ger, der heute als Notent-w\u00e4sserung dient.\" width=\"300\" height=\"200\" srcset=\"https:\/\/www.pr-neu.de\/newsroom\/wordpress\/wp-content\/uploads\/2024\/11\/24_05_Koeln_Balkone_05_Anschluss_Traeger_K-300x200.jpg 300w, https:\/\/www.pr-neu.de\/newsroom\/wordpress\/wp-content\/uploads\/2024\/11\/24_05_Koeln_Balkone_05_Anschluss_Traeger_K-1024x683.jpg 1024w, https:\/\/www.pr-neu.de\/newsroom\/wordpress\/wp-content\/uploads\/2024\/11\/24_05_Koeln_Balkone_05_Anschluss_Traeger_K-768x512.jpg 768w, https:\/\/www.pr-neu.de\/newsroom\/wordpress\/wp-content\/uploads\/2024\/11\/24_05_Koeln_Balkone_05_Anschluss_Traeger_K-1536x1025.jpg 1536w, https:\/\/www.pr-neu.de\/newsroom\/wordpress\/wp-content\/uploads\/2024\/11\/24_05_Koeln_Balkone_05_Anschluss_Traeger_K-2048x1366.jpg 2048w, https:\/\/www.pr-neu.de\/newsroom\/wordpress\/wp-content\/uploads\/2024\/11\/24_05_Koeln_Balkone_05_Anschluss_Traeger_K-110x73.jpg 110w, https:\/\/www.pr-neu.de\/newsroom\/wordpress\/wp-content\/uploads\/2024\/11\/24_05_Koeln_Balkone_05_Anschluss_Traeger_K-420x280.jpg 420w, https:\/\/www.pr-neu.de\/newsroom\/wordpress\/wp-content\/uploads\/2024\/11\/24_05_Koeln_Balkone_05_Anschluss_Traeger_K-645x430.jpg 645w\" sizes=\"auto, (max-width: 300px) 100vw, 300px\" \/><\/a><\/p>\n<p style=\"text-align: center;\">Eckdetail: Am Anschluss Balkon \/ Tr\u00e4ger lag im unsanierten Zustand der Wasserablauf in dem Tr\u00e4ger, der heute als Notentw\u00e4sserung dient.<\/p>\n<p>&nbsp;<\/p>\n<p><a href=\"http:\/\/www.pr-neu.de\/newsroom\/wordpress\/wp-content\/uploads\/2024\/11\/24_05_Koeln_Balkone_06_Wandanschluss_K.jpg\" target=\"_blank\" rel=\"noopener\"><img loading=\"lazy\" decoding=\"async\" class=\"aligncenter wp-image-17298 size-medium\" src=\"http:\/\/www.pr-neu.de\/newsroom\/wordpress\/wp-content\/uploads\/2024\/11\/24_05_Koeln_Balkone_06_Wandanschluss_K-300x200.jpg\" alt=\"Der schadhafte Boden ist ausgebaut, der Anschluss an die Au\u00dfenwand vorbereitet.\" width=\"300\" height=\"200\" srcset=\"https:\/\/www.pr-neu.de\/newsroom\/wordpress\/wp-content\/uploads\/2024\/11\/24_05_Koeln_Balkone_06_Wandanschluss_K-300x200.jpg 300w, https:\/\/www.pr-neu.de\/newsroom\/wordpress\/wp-content\/uploads\/2024\/11\/24_05_Koeln_Balkone_06_Wandanschluss_K-1024x683.jpg 1024w, https:\/\/www.pr-neu.de\/newsroom\/wordpress\/wp-content\/uploads\/2024\/11\/24_05_Koeln_Balkone_06_Wandanschluss_K-768x512.jpg 768w, https:\/\/www.pr-neu.de\/newsroom\/wordpress\/wp-content\/uploads\/2024\/11\/24_05_Koeln_Balkone_06_Wandanschluss_K-1536x1025.jpg 1536w, https:\/\/www.pr-neu.de\/newsroom\/wordpress\/wp-content\/uploads\/2024\/11\/24_05_Koeln_Balkone_06_Wandanschluss_K-2048x1366.jpg 2048w, https:\/\/www.pr-neu.de\/newsroom\/wordpress\/wp-content\/uploads\/2024\/11\/24_05_Koeln_Balkone_06_Wandanschluss_K-110x73.jpg 110w, https:\/\/www.pr-neu.de\/newsroom\/wordpress\/wp-content\/uploads\/2024\/11\/24_05_Koeln_Balkone_06_Wandanschluss_K-420x280.jpg 420w, https:\/\/www.pr-neu.de\/newsroom\/wordpress\/wp-content\/uploads\/2024\/11\/24_05_Koeln_Balkone_06_Wandanschluss_K-645x430.jpg 645w\" sizes=\"auto, (max-width: 300px) 100vw, 300px\" \/><\/a><\/p>\n<p style=\"text-align: center;\">Der schadhafte Boden ist ausgebaut, der Anschluss an die Au\u00dfenwand vorbereitet.<\/p>\n<p>&nbsp;<\/p>\n<p><a href=\"http:\/\/www.pr-neu.de\/newsroom\/wordpress\/wp-content\/uploads\/2024\/11\/24_05_Koeln_Balkone_07_Gerueste_K.jpg\" target=\"_blank\" rel=\"noopener\"><img loading=\"lazy\" decoding=\"async\" class=\"aligncenter wp-image-17299 size-medium\" src=\"http:\/\/www.pr-neu.de\/newsroom\/wordpress\/wp-content\/uploads\/2024\/11\/24_05_Koeln_Balkone_07_Gerueste_K-200x300.jpg\" alt=\"Die Instandsetzung erfolgte Zug um Zug, jeweils drei Einheiten \u00fcber die volle H\u00f6he parallel.\" width=\"200\" height=\"300\" srcset=\"https:\/\/www.pr-neu.de\/newsroom\/wordpress\/wp-content\/uploads\/2024\/11\/24_05_Koeln_Balkone_07_Gerueste_K-200x300.jpg 200w, https:\/\/www.pr-neu.de\/newsroom\/wordpress\/wp-content\/uploads\/2024\/11\/24_05_Koeln_Balkone_07_Gerueste_K-683x1024.jpg 683w, https:\/\/www.pr-neu.de\/newsroom\/wordpress\/wp-content\/uploads\/2024\/11\/24_05_Koeln_Balkone_07_Gerueste_K-768x1152.jpg 768w, https:\/\/www.pr-neu.de\/newsroom\/wordpress\/wp-content\/uploads\/2024\/11\/24_05_Koeln_Balkone_07_Gerueste_K-1024x1536.jpg 1024w, https:\/\/www.pr-neu.de\/newsroom\/wordpress\/wp-content\/uploads\/2024\/11\/24_05_Koeln_Balkone_07_Gerueste_K-1365x2048.jpg 1365w, https:\/\/www.pr-neu.de\/newsroom\/wordpress\/wp-content\/uploads\/2024\/11\/24_05_Koeln_Balkone_07_Gerueste_K-73x110.jpg 73w, https:\/\/www.pr-neu.de\/newsroom\/wordpress\/wp-content\/uploads\/2024\/11\/24_05_Koeln_Balkone_07_Gerueste_K-280x420.jpg 280w, https:\/\/www.pr-neu.de\/newsroom\/wordpress\/wp-content\/uploads\/2024\/11\/24_05_Koeln_Balkone_07_Gerueste_K-287x430.jpg 287w, https:\/\/www.pr-neu.de\/newsroom\/wordpress\/wp-content\/uploads\/2024\/11\/24_05_Koeln_Balkone_07_Gerueste_K.jpg 1600w\" sizes=\"auto, (max-width: 200px) 100vw, 200px\" \/><\/a><\/p>\n<p style=\"text-align: center;\">Die Instandsetzung erfolgte Zug um Zug, jeweils drei Einheiten \u00fcber die volle H\u00f6he parallel.<\/p>\n<p>&nbsp;<\/p>\n<p><a href=\"http:\/\/www.pr-neu.de\/newsroom\/wordpress\/wp-content\/uploads\/2024\/11\/24_05_Koeln_Balkone_08_Entwaesserung_1_K.jpg\" target=\"_blank\" rel=\"noopener\"><img loading=\"lazy\" decoding=\"async\" class=\"aligncenter wp-image-17300 size-medium\" src=\"http:\/\/www.pr-neu.de\/newsroom\/wordpress\/wp-content\/uploads\/2024\/11\/24_05_Koeln_Balkone_08_Entwaesserung_1_K-300x200.jpg\" alt=\"Die neue Hauptentw\u00e4sserung:\" width=\"300\" height=\"200\" srcset=\"https:\/\/www.pr-neu.de\/newsroom\/wordpress\/wp-content\/uploads\/2024\/11\/24_05_Koeln_Balkone_08_Entwaesserung_1_K-300x200.jpg 300w, https:\/\/www.pr-neu.de\/newsroom\/wordpress\/wp-content\/uploads\/2024\/11\/24_05_Koeln_Balkone_08_Entwaesserung_1_K-1024x683.jpg 1024w, https:\/\/www.pr-neu.de\/newsroom\/wordpress\/wp-content\/uploads\/2024\/11\/24_05_Koeln_Balkone_08_Entwaesserung_1_K-768x512.jpg 768w, https:\/\/www.pr-neu.de\/newsroom\/wordpress\/wp-content\/uploads\/2024\/11\/24_05_Koeln_Balkone_08_Entwaesserung_1_K-1536x1025.jpg 1536w, https:\/\/www.pr-neu.de\/newsroom\/wordpress\/wp-content\/uploads\/2024\/11\/24_05_Koeln_Balkone_08_Entwaesserung_1_K-2048x1366.jpg 2048w, https:\/\/www.pr-neu.de\/newsroom\/wordpress\/wp-content\/uploads\/2024\/11\/24_05_Koeln_Balkone_08_Entwaesserung_1_K-110x73.jpg 110w, https:\/\/www.pr-neu.de\/newsroom\/wordpress\/wp-content\/uploads\/2024\/11\/24_05_Koeln_Balkone_08_Entwaesserung_1_K-420x280.jpg 420w, https:\/\/www.pr-neu.de\/newsroom\/wordpress\/wp-content\/uploads\/2024\/11\/24_05_Koeln_Balkone_08_Entwaesserung_1_K-645x430.jpg 645w\" sizes=\"auto, (max-width: 300px) 100vw, 300px\" \/><\/a><\/p>\n<p style=\"text-align: center;\"><a href=\"http:\/\/www.pr-neu.de\/newsroom\/wordpress\/wp-content\/uploads\/2024\/11\/24_05_Koeln_Balkone_09_Entwaesserung_2_K.jpg\" target=\"_blank\" rel=\"noopener\"><img loading=\"lazy\" decoding=\"async\" class=\"aligncenter wp-image-17301 size-medium\" src=\"http:\/\/www.pr-neu.de\/newsroom\/wordpress\/wp-content\/uploads\/2024\/11\/24_05_Koeln_Balkone_09_Entwaesserung_2_K-225x300.jpg\" alt=\"Die neue Hauptentw\u00e4sserung:\" width=\"225\" height=\"300\" srcset=\"https:\/\/www.pr-neu.de\/newsroom\/wordpress\/wp-content\/uploads\/2024\/11\/24_05_Koeln_Balkone_09_Entwaesserung_2_K-225x300.jpg 225w, https:\/\/www.pr-neu.de\/newsroom\/wordpress\/wp-content\/uploads\/2024\/11\/24_05_Koeln_Balkone_09_Entwaesserung_2_K-768x1024.jpg 768w, https:\/\/www.pr-neu.de\/newsroom\/wordpress\/wp-content\/uploads\/2024\/11\/24_05_Koeln_Balkone_09_Entwaesserung_2_K-1152x1536.jpg 1152w, https:\/\/www.pr-neu.de\/newsroom\/wordpress\/wp-content\/uploads\/2024\/11\/24_05_Koeln_Balkone_09_Entwaesserung_2_K-1536x2048.jpg 1536w, https:\/\/www.pr-neu.de\/newsroom\/wordpress\/wp-content\/uploads\/2024\/11\/24_05_Koeln_Balkone_09_Entwaesserung_2_K-83x110.jpg 83w, https:\/\/www.pr-neu.de\/newsroom\/wordpress\/wp-content\/uploads\/2024\/11\/24_05_Koeln_Balkone_09_Entwaesserung_2_K-315x420.jpg 315w, https:\/\/www.pr-neu.de\/newsroom\/wordpress\/wp-content\/uploads\/2024\/11\/24_05_Koeln_Balkone_09_Entwaesserung_2_K-323x430.jpg 323w, https:\/\/www.pr-neu.de\/newsroom\/wordpress\/wp-content\/uploads\/2024\/11\/24_05_Koeln_Balkone_09_Entwaesserung_2_K.jpg 1800w\" sizes=\"auto, (max-width: 225px) 100vw, 225px\" \/><\/a><\/p>\n<p style=\"text-align: center;\">Die neue Hauptentw\u00e4sserung: Loro Serie GF, bei der das von oben kommende Rohr in den darunterliegenden Balkonablauf gef\u00fchrt wird. \u00dcber das Ringsieb flie\u00dft der Niederschlag in den Strang. Gut zu erkennen ist die Anstaufunktion in der Ecke, \u00fcber die zuvor die gesamte Entw\u00e4sserung erfolgte: Sollte ein extremer Regen dazu f\u00fchren, dass die Wasserh\u00f6he auf dem Balkon den Anstau an der Ecke \u00fcbersteigt, \u00fcbernimmt der alte Entw\u00e4sserungsweg die Notentw\u00e4sserung.<\/p>\n<p>&nbsp;<\/p>\n<p><a href=\"http:\/\/www.pr-neu.de\/newsroom\/wordpress\/wp-content\/uploads\/2024\/11\/24_05_Koeln_Balkone_10_Boden_neu_K.jpg\" target=\"_blank\" rel=\"noopener\"><img loading=\"lazy\" decoding=\"async\" class=\"aligncenter wp-image-17302 size-medium\" src=\"http:\/\/www.pr-neu.de\/newsroom\/wordpress\/wp-content\/uploads\/2024\/11\/24_05_Koeln_Balkone_10_Boden_neu_K-300x200.jpg\" alt=\"Attraktiver Boden, dauerhaft dicht und mit Gef\u00e4lle zum Abflusspunkt: Mit einem Kunststoff-Balkon\u00acboden sind die Balkone wieder langfristig f\u00fcr die Mieter zu nutzen.\" width=\"300\" height=\"200\" srcset=\"https:\/\/www.pr-neu.de\/newsroom\/wordpress\/wp-content\/uploads\/2024\/11\/24_05_Koeln_Balkone_10_Boden_neu_K-300x200.jpg 300w, https:\/\/www.pr-neu.de\/newsroom\/wordpress\/wp-content\/uploads\/2024\/11\/24_05_Koeln_Balkone_10_Boden_neu_K-1024x683.jpg 1024w, https:\/\/www.pr-neu.de\/newsroom\/wordpress\/wp-content\/uploads\/2024\/11\/24_05_Koeln_Balkone_10_Boden_neu_K-768x512.jpg 768w, https:\/\/www.pr-neu.de\/newsroom\/wordpress\/wp-content\/uploads\/2024\/11\/24_05_Koeln_Balkone_10_Boden_neu_K-1536x1025.jpg 1536w, https:\/\/www.pr-neu.de\/newsroom\/wordpress\/wp-content\/uploads\/2024\/11\/24_05_Koeln_Balkone_10_Boden_neu_K-2048x1366.jpg 2048w, https:\/\/www.pr-neu.de\/newsroom\/wordpress\/wp-content\/uploads\/2024\/11\/24_05_Koeln_Balkone_10_Boden_neu_K-110x73.jpg 110w, https:\/\/www.pr-neu.de\/newsroom\/wordpress\/wp-content\/uploads\/2024\/11\/24_05_Koeln_Balkone_10_Boden_neu_K-420x280.jpg 420w, https:\/\/www.pr-neu.de\/newsroom\/wordpress\/wp-content\/uploads\/2024\/11\/24_05_Koeln_Balkone_10_Boden_neu_K-645x430.jpg 645w\" sizes=\"auto, (max-width: 300px) 100vw, 300px\" \/><\/a><\/p>\n<p style=\"text-align: center;\">Attraktiver Boden, dauerhaft dicht und mit Gef\u00e4lle zum Abflusspunkt: Mit einem Kunststoff-Balkonboden sind die Balkone wieder langfristig f\u00fcr die Mieter zu nutzen.<\/p>\n<p>&nbsp;<\/p>\n<p><a href=\"http:\/\/www.pr-neu.de\/newsroom\/wordpress\/wp-content\/uploads\/2024\/11\/24_05_Koeln_Balkone_11_Entwaesserung_Sieb_K.jpg\" target=\"_blank\" rel=\"noopener\"><img loading=\"lazy\" decoding=\"async\" class=\"aligncenter wp-image-17303 size-medium\" src=\"http:\/\/www.pr-neu.de\/newsroom\/wordpress\/wp-content\/uploads\/2024\/11\/24_05_Koeln_Balkone_11_Entwaesserung_Sieb_K-300x200.jpg\" alt=\"Ablauf des obersten Balkons: Hier sorgt ein Sieb daf\u00fcr, dass keine gro\u00dfen Gegen\u00ac st\u00e4nde in das Rohr gelangen.\" width=\"300\" height=\"200\" srcset=\"https:\/\/www.pr-neu.de\/newsroom\/wordpress\/wp-content\/uploads\/2024\/11\/24_05_Koeln_Balkone_11_Entwaesserung_Sieb_K-300x200.jpg 300w, https:\/\/www.pr-neu.de\/newsroom\/wordpress\/wp-content\/uploads\/2024\/11\/24_05_Koeln_Balkone_11_Entwaesserung_Sieb_K-1024x683.jpg 1024w, https:\/\/www.pr-neu.de\/newsroom\/wordpress\/wp-content\/uploads\/2024\/11\/24_05_Koeln_Balkone_11_Entwaesserung_Sieb_K-768x512.jpg 768w, https:\/\/www.pr-neu.de\/newsroom\/wordpress\/wp-content\/uploads\/2024\/11\/24_05_Koeln_Balkone_11_Entwaesserung_Sieb_K-1536x1024.jpg 1536w, https:\/\/www.pr-neu.de\/newsroom\/wordpress\/wp-content\/uploads\/2024\/11\/24_05_Koeln_Balkone_11_Entwaesserung_Sieb_K-2048x1365.jpg 2048w, https:\/\/www.pr-neu.de\/newsroom\/wordpress\/wp-content\/uploads\/2024\/11\/24_05_Koeln_Balkone_11_Entwaesserung_Sieb_K-110x73.jpg 110w, https:\/\/www.pr-neu.de\/newsroom\/wordpress\/wp-content\/uploads\/2024\/11\/24_05_Koeln_Balkone_11_Entwaesserung_Sieb_K-420x280.jpg 420w, https:\/\/www.pr-neu.de\/newsroom\/wordpress\/wp-content\/uploads\/2024\/11\/24_05_Koeln_Balkone_11_Entwaesserung_Sieb_K-645x430.jpg 645w\" sizes=\"auto, (max-width: 300px) 100vw, 300px\" \/><\/a><\/p>\n<p style=\"text-align: center;\">Ablauf des obersten Balkons: Hier sorgt ein Sieb daf\u00fcr, dass keine gro\u00dfen Gegen st\u00e4nde in das Rohr gelangen.<\/p>\n<p>&nbsp;<\/p>\n<p><a href=\"http:\/\/www.pr-neu.de\/newsroom\/wordpress\/wp-content\/uploads\/2024\/11\/24_05_Koeln_Balkone_12_Anschluss_K.jpg\" target=\"_blank\" rel=\"noopener\"><img loading=\"lazy\" decoding=\"async\" class=\"aligncenter wp-image-17304 size-medium\" src=\"http:\/\/www.pr-neu.de\/newsroom\/wordpress\/wp-content\/uploads\/2024\/11\/24_05_Koeln_Balkone_12_Anschluss_K-300x225.jpg\" alt=\"Anschluss auf der Unterseite: Die Durchf\u00fchrung geht in das Anschlussrohr \u00fcber, eine Abdeckrosette liegt \u00fcber der Kernbohrung.\" width=\"300\" height=\"225\" srcset=\"https:\/\/www.pr-neu.de\/newsroom\/wordpress\/wp-content\/uploads\/2024\/11\/24_05_Koeln_Balkone_12_Anschluss_K-300x225.jpg 300w, https:\/\/www.pr-neu.de\/newsroom\/wordpress\/wp-content\/uploads\/2024\/11\/24_05_Koeln_Balkone_12_Anschluss_K-1024x768.jpg 1024w, https:\/\/www.pr-neu.de\/newsroom\/wordpress\/wp-content\/uploads\/2024\/11\/24_05_Koeln_Balkone_12_Anschluss_K-768x576.jpg 768w, https:\/\/www.pr-neu.de\/newsroom\/wordpress\/wp-content\/uploads\/2024\/11\/24_05_Koeln_Balkone_12_Anschluss_K-1536x1152.jpg 1536w, https:\/\/www.pr-neu.de\/newsroom\/wordpress\/wp-content\/uploads\/2024\/11\/24_05_Koeln_Balkone_12_Anschluss_K-2048x1536.jpg 2048w, https:\/\/www.pr-neu.de\/newsroom\/wordpress\/wp-content\/uploads\/2024\/11\/24_05_Koeln_Balkone_12_Anschluss_K-110x83.jpg 110w, https:\/\/www.pr-neu.de\/newsroom\/wordpress\/wp-content\/uploads\/2024\/11\/24_05_Koeln_Balkone_12_Anschluss_K-420x315.jpg 420w, https:\/\/www.pr-neu.de\/newsroom\/wordpress\/wp-content\/uploads\/2024\/11\/24_05_Koeln_Balkone_12_Anschluss_K-573x430.jpg 573w\" sizes=\"auto, (max-width: 300px) 100vw, 300px\" \/><\/a><\/p>\n<p style=\"text-align: center;\">Anschluss auf der Unterseite: Die Durchf\u00fchrung geht in das Anschlussrohr \u00fcber, eine Abdeckrosette liegt \u00fcber der Kernbohrung.<\/p>\n<p>&nbsp;<\/p>\n<p><a href=\"http:\/\/www.pr-neu.de\/newsroom\/wordpress\/wp-content\/uploads\/2024\/11\/24_05_Koeln_Balkone_13_Abfluss_K.jpg\" target=\"_blank\" rel=\"noopener\"><img loading=\"lazy\" decoding=\"async\" class=\"aligncenter wp-image-17305 size-medium\" src=\"http:\/\/www.pr-neu.de\/newsroom\/wordpress\/wp-content\/uploads\/2024\/11\/24_05_Koeln_Balkone_13_Abfluss_K-300x200.jpg\" alt=\"Das Wasser flie\u00dft auf die freie Fl\u00e4che, weg von der Hauswand.\" width=\"300\" height=\"200\" srcset=\"https:\/\/www.pr-neu.de\/newsroom\/wordpress\/wp-content\/uploads\/2024\/11\/24_05_Koeln_Balkone_13_Abfluss_K-300x200.jpg 300w, https:\/\/www.pr-neu.de\/newsroom\/wordpress\/wp-content\/uploads\/2024\/11\/24_05_Koeln_Balkone_13_Abfluss_K-1024x683.jpg 1024w, https:\/\/www.pr-neu.de\/newsroom\/wordpress\/wp-content\/uploads\/2024\/11\/24_05_Koeln_Balkone_13_Abfluss_K-768x512.jpg 768w, https:\/\/www.pr-neu.de\/newsroom\/wordpress\/wp-content\/uploads\/2024\/11\/24_05_Koeln_Balkone_13_Abfluss_K-1536x1024.jpg 1536w, https:\/\/www.pr-neu.de\/newsroom\/wordpress\/wp-content\/uploads\/2024\/11\/24_05_Koeln_Balkone_13_Abfluss_K-2048x1365.jpg 2048w, https:\/\/www.pr-neu.de\/newsroom\/wordpress\/wp-content\/uploads\/2024\/11\/24_05_Koeln_Balkone_13_Abfluss_K-110x73.jpg 110w, https:\/\/www.pr-neu.de\/newsroom\/wordpress\/wp-content\/uploads\/2024\/11\/24_05_Koeln_Balkone_13_Abfluss_K-420x280.jpg 420w, https:\/\/www.pr-neu.de\/newsroom\/wordpress\/wp-content\/uploads\/2024\/11\/24_05_Koeln_Balkone_13_Abfluss_K-645x430.jpg 645w\" sizes=\"auto, (max-width: 300px) 100vw, 300px\" \/><\/a><\/p>\n<p style=\"text-align: center;\">Das Wasser flie\u00dft auf die freie Fl\u00e4che, weg von der Hauswand.<\/p>\n<p>&nbsp;<\/p>\n<p><a href=\"http:\/\/www.pr-neu.de\/newsroom\/wordpress\/wp-content\/uploads\/2024\/11\/24_05_Koeln_Balkone_14_Boden_Balkon_K.jpg\" target=\"_blank\" rel=\"noopener\"><img loading=\"lazy\" decoding=\"async\" class=\"aligncenter wp-image-17306 size-medium\" src=\"http:\/\/www.pr-neu.de\/newsroom\/wordpress\/wp-content\/uploads\/2024\/11\/24_05_Koeln_Balkone_14_Boden_Balkon_K-300x225.jpg\" alt=\"Fertig instandgesetzter Balkonboden.\" width=\"300\" height=\"225\" srcset=\"https:\/\/www.pr-neu.de\/newsroom\/wordpress\/wp-content\/uploads\/2024\/11\/24_05_Koeln_Balkone_14_Boden_Balkon_K-300x225.jpg 300w, https:\/\/www.pr-neu.de\/newsroom\/wordpress\/wp-content\/uploads\/2024\/11\/24_05_Koeln_Balkone_14_Boden_Balkon_K-1024x768.jpg 1024w, https:\/\/www.pr-neu.de\/newsroom\/wordpress\/wp-content\/uploads\/2024\/11\/24_05_Koeln_Balkone_14_Boden_Balkon_K-768x576.jpg 768w, https:\/\/www.pr-neu.de\/newsroom\/wordpress\/wp-content\/uploads\/2024\/11\/24_05_Koeln_Balkone_14_Boden_Balkon_K-1536x1152.jpg 1536w, https:\/\/www.pr-neu.de\/newsroom\/wordpress\/wp-content\/uploads\/2024\/11\/24_05_Koeln_Balkone_14_Boden_Balkon_K-2048x1536.jpg 2048w, https:\/\/www.pr-neu.de\/newsroom\/wordpress\/wp-content\/uploads\/2024\/11\/24_05_Koeln_Balkone_14_Boden_Balkon_K-110x83.jpg 110w, https:\/\/www.pr-neu.de\/newsroom\/wordpress\/wp-content\/uploads\/2024\/11\/24_05_Koeln_Balkone_14_Boden_Balkon_K-420x315.jpg 420w, https:\/\/www.pr-neu.de\/newsroom\/wordpress\/wp-content\/uploads\/2024\/11\/24_05_Koeln_Balkone_14_Boden_Balkon_K-573x430.jpg 573w\" sizes=\"auto, (max-width: 300px) 100vw, 300px\" \/><\/a><\/p>\n<p style=\"text-align: center;\">Fertig instandgesetzter Balkonboden.<\/p>\n<p style=\"text-align: center;\">Alle Bilder: Dirk Baumbach \/ Loro<\/p>\n<p>&nbsp;<\/p>\n<hr \/>\n<p>&nbsp;<\/p>\n<p>Abdruck honorarfrei, Belegexemplar erbeten<\/p>\n","protected":false},"excerpt":{"rendered":"<p>74 schadhafte Balkone saniert \u2013 mit einem neuen, widerstandsf\u00e4higen Boden und einer langfristig funktionsf\u00e4higen Entw\u00e4sserung \u00fcber alle Stockwerke.<\/p>\n","protected":false},"author":9,"featured_media":17293,"comment_status":"closed","ping_status":"open","sticky":false,"template":"","format":"standard","meta":{"footnotes":""},"categories":[1531],"tags":[1905,1907,1855,1673,1977,3232,1669,353,1689,439,2672],"class_list":["post-17292","post","type-post","status-publish","format-standard","has-post-thumbnail","hentry","category-loro","tag-abfluss","tag-ablauf","tag-balkon","tag-entwaesserung","tag-koeln","tag-leitung","tag-loro","tag-mehrfamilienhaus","tag-rohr","tag-sanierung","tag-wohngebaeude"],"_links":{"self":[{"href":"https:\/\/www.pr-neu.de\/newsroom\/wp-json\/wp\/v2\/posts\/17292","targetHints":{"allow":["GET"]}}],"collection":[{"href":"https:\/\/www.pr-neu.de\/newsroom\/wp-json\/wp\/v2\/posts"}],"about":[{"href":"https:\/\/www.pr-neu.de\/newsroom\/wp-json\/wp\/v2\/types\/post"}],"author":[{"embeddable":true,"href":"https:\/\/www.pr-neu.de\/newsroom\/wp-json\/wp\/v2\/users\/9"}],"replies":[{"embeddable":true,"href":"https:\/\/www.pr-neu.de\/newsroom\/wp-json\/wp\/v2\/comments?post=17292"}],"version-history":[{"count":2,"href":"https:\/\/www.pr-neu.de\/newsroom\/wp-json\/wp\/v2\/posts\/17292\/revisions"}],"predecessor-version":[{"id":17308,"href":"https:\/\/www.pr-neu.de\/newsroom\/wp-json\/wp\/v2\/posts\/17292\/revisions\/17308"}],"wp:featuredmedia":[{"embeddable":true,"href":"https:\/\/www.pr-neu.de\/newsroom\/wp-json\/wp\/v2\/media\/17293"}],"wp:attachment":[{"href":"https:\/\/www.pr-neu.de\/newsroom\/wp-json\/wp\/v2\/media?parent=17292"}],"wp:term":[{"taxonomy":"category","embeddable":true,"href":"https:\/\/www.pr-neu.de\/newsroom\/wp-json\/wp\/v2\/categories?post=17292"},{"taxonomy":"post_tag","embeddable":true,"href":"https:\/\/www.pr-neu.de\/newsroom\/wp-json\/wp\/v2\/tags?post=17292"}],"curies":[{"name":"wp","href":"https:\/\/api.w.org\/{rel}","templated":true}]}}