{"id":17255,"date":"2024-11-04T10:47:26","date_gmt":"2024-11-04T09:47:26","guid":{"rendered":"https:\/\/www.pr-neu.de\/newsroom\/?p=17255"},"modified":"2024-11-04T10:47:26","modified_gmt":"2024-11-04T09:47:26","slug":"voll-schraeg","status":"publish","type":"post","link":"https:\/\/www.pr-neu.de\/newsroom\/voll-schraeg\/","title":{"rendered":"Voll schr\u00e4g"},"content":{"rendered":"<p>&nbsp;<\/p>\n<p><u>Neubau in Ludwigsburg von Steimle Architekten<\/u><\/p>\n<p><strong>Vorbildliche innerst\u00e4dtische Nachverdichtung in Ludwigsburg: Drei \u00fcber ein gemeinsames Erdgeschoss verkn\u00fcpfte Punkth\u00e4user \u00fcberzeugen mit ausgefeilten Kubaturen und Fassaden, die ihre st\u00e4dtebauliche Integration betonen. Die hohe Qualit\u00e4t bei der Fassadengestaltung \u2013 inklusive geklinkerter (Dach-)Schr\u00e4gen, Lichtkeile, Handformriemchen \u2013 ist das Ergebnis exakter Planung und umfangreicher Vorarbeiten, inklusive zahlreicher Musterfl\u00e4chen und Mock-ups. Als KfW-55-Geb\u00e4ude erf\u00fcllen die Bauten zudem energetisch hohe Anspr\u00fcche.<\/strong><\/p>\n<p>Auf einer Brache in der Ludwigsburger Innenstadt entwarfen Steimle Architekten ein ausdrucksstarkes Wohn- und B\u00fcroensemble inmitten eines Viertels, dessen Bebauung noch mehrheitlich aus klinkergepr\u00e4gten gr\u00fcnderzeitlichen Geb\u00e4uden besteht. Das Quartier mit hochwertigem Wohnraum und ansprechenden Arbeitspl\u00e4tzen umfasst drei polygonale Punkth\u00e4user auf einem verbindenden Sockelgeschoss. Dessen abgeknickte Kubatur ist Resultat einer ungew\u00f6hnlichen, historisch gewachsenen Grundst\u00fccksform. Diese tief in den H\u00e4userblock reichende vieleckige Form des Hofes erm\u00f6glicht eine Abfolge von dynamischen zu ruhigeren R\u00e4umen.<\/p>\n<p><strong>Noch Fassade oder schon Dach?<\/strong><\/p>\n<p>Der Bauk\u00f6rper direkt an der quer durch die Altstadt f\u00fchrenden Karlstra\u00dfe dient als B\u00fcrogeb\u00e4ude. Seine Fassade ist im gr\u00fcnderzeitlichen Stil gegliedert \u2013 bis zu den obersten beiden Geschossen. Der Unterschied: Wo fr\u00fcher unter den Mansardd\u00e4chern R\u00e4ume mit geringerer Aufenthaltsqualit\u00e4t lagen (\u201eDienstbotenzimmer\u201c), befinden sich im Neubau hochwertige, gut ged\u00e4mmte R\u00e4ume. Die Anmutung ist aber durch die schr\u00e4g ausgef\u00fchrte, verklinkerte Fl\u00e4che wie ehedem. Der technische Clou: Die Schr\u00e4ge ist nicht als Dach, sondern als weitergef\u00fchrte Fassade konzipiert, hier nicht mit einem W\u00e4rmed\u00e4mm-Verbundsystem, sondern als vorgeh\u00e4ngte, hinterl\u00fcftete Fassade, die \u00fcber eine Sonderkonstruktion gef\u00fchrt wird. So lie\u00df sich die einheitliche Bekleidung mit den Klinkern technisch sicher realisieren.<\/p>\n<p>Die beiden tiefer im Hof liegenden Punkth\u00e4user umfassen 18 Ein- bis Vierzimmer-Wohnungen. An ihren Fassaden sind die bodentiefen Fenster weniger gleichm\u00e4\u00dfig gesetzt, zudem sind sie mit Balkonen versehen. Der verbindende Sockel mit Gemeinschaftsr\u00e4umen und Zugang zur Tiefgarage im Untergeschoss ist von gro\u00dfen schaufensterartigen Geb\u00e4ude\u00f6ffnungen gepr\u00e4gt. Das Dach des Sockelgeschosses bildet zwischen den H\u00e4usern zwei begr\u00fcnte Freifl\u00e4chen, die vom \u00f6ffentlich zug\u00e4nglichen Hof getrennt sind.<\/p>\n<p>Moderne D\u00e4mmsysteme, Photovoltaik auf den Flachdachfl\u00e4chen, ein ambitioniertes Regenwasserkonzept und der Anschluss an das st\u00e4dtische Fernw\u00e4rmenetz erm\u00f6glichen die Einstufung des Neubauensembles in den KfW 55-Standard.<\/p>\n<p><strong>Optimierte Auswahlprozesse<\/strong><\/p>\n<p>Die Gestaltung der Fassaden orientiert sich an den gealterten Klinkersteinen der Gr\u00fcnderzeitbauten in der Nachbarschaft. Auf zweierlei Fassadensystemen (StoTherm Mineral\/WDVS und StoVentec C\/VHF) kamen raue, unregelm\u00e4\u00dfig geformte Handformriemchen (StoBrick) zum Einsatz. Dieser Aufbau hatte sich in der Planung als wirtschaftlicher erwiesen als ein zweischaliger Aufbau. Um die perfekte Oberfl\u00e4che zu bestimmen, wurden zahlreiche Musterverb\u00e4nde gelegt und ma\u00dfstabsgetreue Mock-ups gebaut. Schlie\u00dflich wurde eine Mischung aus zwei Klinkerfarbt\u00f6nen (StoBrick Rau 2079 und 2083) festgelegt, die asymmetrisch im Verh\u00e4ltnis 1:1 verlegt wurden, was auf den gro\u00dfen Fl\u00e4chen dennoch eine homogene Wirkung erzielt. Die zirka zwei Zentimeter dicken Riemchen wurden werkseitig aus Vollsteinen geschnitten.<\/p>\n<p>Durch die Fenster mit ihren als Lichtkeile ausgef\u00fchrten Laibungen findet sich die Schr\u00e4ge ein zweites Mal in der Fassade und unterstreicht so den ausdrucksstarken Charakter. Mit vorgefertigten Formteilen aus D\u00e4mmstoff, die sich keilf\u00f6rmig von 18 auf 10 Zentimeter verj\u00fcngen, lie\u00df sich auch diese ungew\u00f6hnliche Architektur rationell erstellen. Sie bieten zudem einen konkreten Nutzen: Mehr Tageslicht in den Innenr\u00e4umen. Vor den Badezimmerfenstern verhindern Klinker im marokkanischen Verband unerw\u00fcnschte Einblicke.<\/p>\n<p><strong>Die Sprache der Basis<\/strong><\/p>\n<p>Das Erdgeschoss hebt sich mit einer eigenen Formensprache und Materialit\u00e4t von den Punkth\u00e4usern ab. Sein fein gefilzter Putz korrespondiert farblich mit dem hellen Belag des Hofes und unterstreicht so nochmals den Ensemblecharakter der innerst\u00e4dtischen Nachverdichtung.<\/p>\n<p>&nbsp;<\/p>\n<hr \/>\n<p>&nbsp;<\/p>\n<p><strong>Bautafel<\/strong><\/p>\n<p><em>Architekten<\/em><br \/>\nSteimle Architekten Stuttgart (Planung)<br \/>\nbopp herrmann architekten, Stuttgart (Ausf\u00fchrung)<\/p>\n<p><em>Bauherr<\/em><br \/>\nStrenger Holding, Ludwigsburg<\/p>\n<p><em>Fachhandwerker<\/em><br \/>\nWOFA-Wolf GmbH, Weil im Sch\u00f6nbuch<\/p>\n<p><em>D\u00e4mmung<\/em><br \/>\nMineralisches Fassadend\u00e4mmsystem (StoTherm Mineral)<br \/>\nbzw. vorgeh\u00e4ngtes hinterl\u00fcftetes Fassadensystem (StoVentec C),<br \/>\njeweils belegt mit Klinkerriemchen (StoBrick Rau 2079 \/ 2083)<\/p>\n<p><em>Putzoberfl\u00e4che Sockelgeschoss<\/em><br \/>\nStoSignature Fine 20 (Kratzputz Stolit K 1,5 mit gefilztem und angeschliffenem Feinputz Stolit Milano)<\/p>\n<p>&nbsp;<\/p>\n<hr \/>\n<p>&nbsp;<\/p>\n<p style=\"text-align: center;\"><a href=\"http:\/\/www.pr-neu.de\/newsroom\/wordpress\/wp-content\/uploads\/2024\/11\/24_31_Punkthaeuser_Ludwigsburg_1_K.jpg\" target=\"_blank\" rel=\"noopener\"><img loading=\"lazy\" decoding=\"async\" class=\"aligncenter wp-image-17256 size-medium\" src=\"http:\/\/www.pr-neu.de\/newsroom\/wordpress\/wp-content\/uploads\/2024\/11\/24_31_Punkthaeuser_Ludwigsburg_1_K-300x203.jpg\" alt=\"Lichtkeil und Mansard-Fl\u00e4chen an\" width=\"300\" height=\"203\" srcset=\"https:\/\/www.pr-neu.de\/newsroom\/wordpress\/wp-content\/uploads\/2024\/11\/24_31_Punkthaeuser_Ludwigsburg_1_K-300x203.jpg 300w, https:\/\/www.pr-neu.de\/newsroom\/wordpress\/wp-content\/uploads\/2024\/11\/24_31_Punkthaeuser_Ludwigsburg_1_K-1024x692.jpg 1024w, https:\/\/www.pr-neu.de\/newsroom\/wordpress\/wp-content\/uploads\/2024\/11\/24_31_Punkthaeuser_Ludwigsburg_1_K-768x519.jpg 768w, https:\/\/www.pr-neu.de\/newsroom\/wordpress\/wp-content\/uploads\/2024\/11\/24_31_Punkthaeuser_Ludwigsburg_1_K-1536x1037.jpg 1536w, https:\/\/www.pr-neu.de\/newsroom\/wordpress\/wp-content\/uploads\/2024\/11\/24_31_Punkthaeuser_Ludwigsburg_1_K-2048x1383.jpg 2048w, https:\/\/www.pr-neu.de\/newsroom\/wordpress\/wp-content\/uploads\/2024\/11\/24_31_Punkthaeuser_Ludwigsburg_1_K-110x74.jpg 110w, https:\/\/www.pr-neu.de\/newsroom\/wordpress\/wp-content\/uploads\/2024\/11\/24_31_Punkthaeuser_Ludwigsburg_1_K-420x284.jpg 420w, https:\/\/www.pr-neu.de\/newsroom\/wordpress\/wp-content\/uploads\/2024\/11\/24_31_Punkthaeuser_Ludwigsburg_1_K-637x430.jpg 637w\" sizes=\"auto, (max-width: 300px) 100vw, 300px\" \/><\/a><\/p>\n<p style=\"text-align: center;\">Modernes Geb\u00e4udeensemble von Steimle Architekten in Ludwigsburg.<br \/>\nBild: Brigida Gonz\u00e1lez, Stuttgart \/ Sto SE &amp; Co. KGaA<\/p>\n<p>&nbsp;<\/p>\n<p><a href=\"http:\/\/www.pr-neu.de\/newsroom\/wordpress\/wp-content\/uploads\/2024\/11\/24_31_Punkthaeuser_Ludwigsburg_2_K.jpg\" target=\"_blank\" rel=\"noopener\"><img loading=\"lazy\" decoding=\"async\" class=\"aligncenter wp-image-17257 size-medium\" src=\"http:\/\/www.pr-neu.de\/newsroom\/wordpress\/wp-content\/uploads\/2024\/11\/24_31_Punkthaeuser_Ludwigsburg_2_K-300x200.jpg\" alt=\"Lichtkeil und Mansard-Fl\u00e4chen an\" width=\"300\" height=\"200\" srcset=\"https:\/\/www.pr-neu.de\/newsroom\/wordpress\/wp-content\/uploads\/2024\/11\/24_31_Punkthaeuser_Ludwigsburg_2_K-300x200.jpg 300w, https:\/\/www.pr-neu.de\/newsroom\/wordpress\/wp-content\/uploads\/2024\/11\/24_31_Punkthaeuser_Ludwigsburg_2_K-1024x683.jpg 1024w, https:\/\/www.pr-neu.de\/newsroom\/wordpress\/wp-content\/uploads\/2024\/11\/24_31_Punkthaeuser_Ludwigsburg_2_K-768x512.jpg 768w, https:\/\/www.pr-neu.de\/newsroom\/wordpress\/wp-content\/uploads\/2024\/11\/24_31_Punkthaeuser_Ludwigsburg_2_K-1536x1024.jpg 1536w, https:\/\/www.pr-neu.de\/newsroom\/wordpress\/wp-content\/uploads\/2024\/11\/24_31_Punkthaeuser_Ludwigsburg_2_K-2048x1365.jpg 2048w, https:\/\/www.pr-neu.de\/newsroom\/wordpress\/wp-content\/uploads\/2024\/11\/24_31_Punkthaeuser_Ludwigsburg_2_K-110x73.jpg 110w, https:\/\/www.pr-neu.de\/newsroom\/wordpress\/wp-content\/uploads\/2024\/11\/24_31_Punkthaeuser_Ludwigsburg_2_K-420x280.jpg 420w, https:\/\/www.pr-neu.de\/newsroom\/wordpress\/wp-content\/uploads\/2024\/11\/24_31_Punkthaeuser_Ludwigsburg_2_K-645x430.jpg 645w\" sizes=\"auto, (max-width: 300px) 100vw, 300px\" \/><\/a><\/p>\n<p style=\"text-align: center;\">Von der Form wie eine Dachmansarde, vom Aufbau wie die Klinker-Fassade: Schr\u00e4g abfallende Obergeschosse verleihen dem Geb\u00e4ude zur Stra\u00dfenseite Charakter.<br \/>\nBild: Brigida Gonz\u00e1lez, Stuttgart \/ Sto SE &amp; Co. KGaA<\/p>\n<p>&nbsp;<\/p>\n<p><a href=\"http:\/\/www.pr-neu.de\/newsroom\/wordpress\/wp-content\/uploads\/2024\/11\/24_31_Punkthaeuser_Ludwigsburg_3_K.jpg\" target=\"_blank\" rel=\"noopener\"><img loading=\"lazy\" decoding=\"async\" class=\"aligncenter wp-image-17258 size-medium\" src=\"http:\/\/www.pr-neu.de\/newsroom\/wordpress\/wp-content\/uploads\/2024\/11\/24_31_Punkthaeuser_Ludwigsburg_3_K-200x300.jpg\" alt=\"\" width=\"200\" height=\"300\" srcset=\"https:\/\/www.pr-neu.de\/newsroom\/wordpress\/wp-content\/uploads\/2024\/11\/24_31_Punkthaeuser_Ludwigsburg_3_K-200x300.jpg 200w, https:\/\/www.pr-neu.de\/newsroom\/wordpress\/wp-content\/uploads\/2024\/11\/24_31_Punkthaeuser_Ludwigsburg_3_K-683x1024.jpg 683w, https:\/\/www.pr-neu.de\/newsroom\/wordpress\/wp-content\/uploads\/2024\/11\/24_31_Punkthaeuser_Ludwigsburg_3_K-768x1151.jpg 768w, https:\/\/www.pr-neu.de\/newsroom\/wordpress\/wp-content\/uploads\/2024\/11\/24_31_Punkthaeuser_Ludwigsburg_3_K-1025x1536.jpg 1025w, https:\/\/www.pr-neu.de\/newsroom\/wordpress\/wp-content\/uploads\/2024\/11\/24_31_Punkthaeuser_Ludwigsburg_3_K-1366x2048.jpg 1366w, https:\/\/www.pr-neu.de\/newsroom\/wordpress\/wp-content\/uploads\/2024\/11\/24_31_Punkthaeuser_Ludwigsburg_3_K-73x110.jpg 73w, https:\/\/www.pr-neu.de\/newsroom\/wordpress\/wp-content\/uploads\/2024\/11\/24_31_Punkthaeuser_Ludwigsburg_3_K-280x420.jpg 280w, https:\/\/www.pr-neu.de\/newsroom\/wordpress\/wp-content\/uploads\/2024\/11\/24_31_Punkthaeuser_Ludwigsburg_3_K-287x430.jpg 287w, https:\/\/www.pr-neu.de\/newsroom\/wordpress\/wp-content\/uploads\/2024\/11\/24_31_Punkthaeuser_Ludwigsburg_3_K.jpg 1601w\" sizes=\"auto, (max-width: 200px) 100vw, 200px\" \/><\/a><\/p>\n<p><a href=\"http:\/\/www.pr-neu.de\/newsroom\/wordpress\/wp-content\/uploads\/2024\/11\/24_31_Punkthaeuser_Ludwigsburg_4_K.jpg\" target=\"_blank\" rel=\"noopener\"><img loading=\"lazy\" decoding=\"async\" class=\"aligncenter wp-image-17259 size-medium\" src=\"http:\/\/www.pr-neu.de\/newsroom\/wordpress\/wp-content\/uploads\/2024\/11\/24_31_Punkthaeuser_Ludwigsburg_4_K-300x200.jpg\" alt=\"\" width=\"300\" height=\"200\" srcset=\"https:\/\/www.pr-neu.de\/newsroom\/wordpress\/wp-content\/uploads\/2024\/11\/24_31_Punkthaeuser_Ludwigsburg_4_K-300x200.jpg 300w, https:\/\/www.pr-neu.de\/newsroom\/wordpress\/wp-content\/uploads\/2024\/11\/24_31_Punkthaeuser_Ludwigsburg_4_K-1024x683.jpg 1024w, https:\/\/www.pr-neu.de\/newsroom\/wordpress\/wp-content\/uploads\/2024\/11\/24_31_Punkthaeuser_Ludwigsburg_4_K-768x512.jpg 768w, https:\/\/www.pr-neu.de\/newsroom\/wordpress\/wp-content\/uploads\/2024\/11\/24_31_Punkthaeuser_Ludwigsburg_4_K-1536x1025.jpg 1536w, https:\/\/www.pr-neu.de\/newsroom\/wordpress\/wp-content\/uploads\/2024\/11\/24_31_Punkthaeuser_Ludwigsburg_4_K-2048x1366.jpg 2048w, https:\/\/www.pr-neu.de\/newsroom\/wordpress\/wp-content\/uploads\/2024\/11\/24_31_Punkthaeuser_Ludwigsburg_4_K-110x73.jpg 110w, https:\/\/www.pr-neu.de\/newsroom\/wordpress\/wp-content\/uploads\/2024\/11\/24_31_Punkthaeuser_Ludwigsburg_4_K-420x280.jpg 420w, https:\/\/www.pr-neu.de\/newsroom\/wordpress\/wp-content\/uploads\/2024\/11\/24_31_Punkthaeuser_Ludwigsburg_4_K-645x430.jpg 645w\" sizes=\"auto, (max-width: 300px) 100vw, 300px\" \/><\/a><\/p>\n<p style=\"text-align: center;\">Mehr Licht! Die abgeschr\u00e4gten Laibungen lassen mehr Sonne in den Innenraum und den Blick weiter nach drau\u00dfen schweifen. Das architektonische Detail pr\u00e4gt zudem die Geb\u00e4udearchitektur als Ensemble.<\/p>\n<p style=\"text-align: center;\">Bilder: Brigida Gonz\u00e1lez, Stuttgart \/ Sto SE &amp; Co. KGaA<\/p>\n<p>&nbsp;<\/p>\n<p><a href=\"http:\/\/www.pr-neu.de\/newsroom\/wordpress\/wp-content\/uploads\/2024\/11\/24_31_Punkthaeuser_Ludwigsburg_5_K.jpg\" target=\"_blank\" rel=\"noopener\"><img loading=\"lazy\" decoding=\"async\" class=\"aligncenter wp-image-17260 size-medium\" src=\"http:\/\/www.pr-neu.de\/newsroom\/wordpress\/wp-content\/uploads\/2024\/11\/24_31_Punkthaeuser_Ludwigsburg_5_K-300x169.jpg\" alt=\"Detail Fensterlaibung: Der \u201eLichtkeil\u201c kam werkseitig vorkonfektioniert auf die Baustelle und verj\u00fcngt sich von 18 auf 10 Zentimeter D\u00e4mmstoffdicke. Je nach Einbausituation ist die Breite unterschiedlich vom Architekten gew\u00e4hlt.\" width=\"300\" height=\"169\" srcset=\"https:\/\/www.pr-neu.de\/newsroom\/wordpress\/wp-content\/uploads\/2024\/11\/24_31_Punkthaeuser_Ludwigsburg_5_K-300x169.jpg 300w, https:\/\/www.pr-neu.de\/newsroom\/wordpress\/wp-content\/uploads\/2024\/11\/24_31_Punkthaeuser_Ludwigsburg_5_K-1024x576.jpg 1024w, https:\/\/www.pr-neu.de\/newsroom\/wordpress\/wp-content\/uploads\/2024\/11\/24_31_Punkthaeuser_Ludwigsburg_5_K-768x432.jpg 768w, https:\/\/www.pr-neu.de\/newsroom\/wordpress\/wp-content\/uploads\/2024\/11\/24_31_Punkthaeuser_Ludwigsburg_5_K-1536x864.jpg 1536w, https:\/\/www.pr-neu.de\/newsroom\/wordpress\/wp-content\/uploads\/2024\/11\/24_31_Punkthaeuser_Ludwigsburg_5_K-2048x1152.jpg 2048w, https:\/\/www.pr-neu.de\/newsroom\/wordpress\/wp-content\/uploads\/2024\/11\/24_31_Punkthaeuser_Ludwigsburg_5_K-110x62.jpg 110w, https:\/\/www.pr-neu.de\/newsroom\/wordpress\/wp-content\/uploads\/2024\/11\/24_31_Punkthaeuser_Ludwigsburg_5_K-420x236.jpg 420w, https:\/\/www.pr-neu.de\/newsroom\/wordpress\/wp-content\/uploads\/2024\/11\/24_31_Punkthaeuser_Ludwigsburg_5_K-770x430.jpg 770w, https:\/\/www.pr-neu.de\/newsroom\/wordpress\/wp-content\/uploads\/2024\/11\/24_31_Punkthaeuser_Ludwigsburg_5_K-764x430.jpg 764w\" sizes=\"auto, (max-width: 300px) 100vw, 300px\" \/><\/a><\/p>\n<p style=\"text-align: center;\">Klinker im marokkanischen Verband vor den Badfenstern geben Sichtschutz und lassen Tageslicht nach innen.<br \/>\nBild: Sto SE &amp; Co. KGaA<\/p>\n<p>&nbsp;<\/p>\n<p><a href=\"http:\/\/www.pr-neu.de\/newsroom\/wordpress\/wp-content\/uploads\/2024\/11\/24_31_Punkthaeuser_Ludwigsburg_6_K.jpg\" target=\"_blank\" rel=\"noopener\"><img loading=\"lazy\" decoding=\"async\" class=\"aligncenter wp-image-17261 size-medium\" src=\"http:\/\/www.pr-neu.de\/newsroom\/wordpress\/wp-content\/uploads\/2024\/11\/24_31_Punkthaeuser_Ludwigsburg_6_K-225x300.jpg\" alt=\"Bauphase: Konstruktion der schr\u00e4gen Fassade.\" width=\"225\" height=\"300\" srcset=\"https:\/\/www.pr-neu.de\/newsroom\/wordpress\/wp-content\/uploads\/2024\/11\/24_31_Punkthaeuser_Ludwigsburg_6_K-225x300.jpg 225w, https:\/\/www.pr-neu.de\/newsroom\/wordpress\/wp-content\/uploads\/2024\/11\/24_31_Punkthaeuser_Ludwigsburg_6_K-768x1024.jpg 768w, https:\/\/www.pr-neu.de\/newsroom\/wordpress\/wp-content\/uploads\/2024\/11\/24_31_Punkthaeuser_Ludwigsburg_6_K-1152x1536.jpg 1152w, https:\/\/www.pr-neu.de\/newsroom\/wordpress\/wp-content\/uploads\/2024\/11\/24_31_Punkthaeuser_Ludwigsburg_6_K-1536x2048.jpg 1536w, https:\/\/www.pr-neu.de\/newsroom\/wordpress\/wp-content\/uploads\/2024\/11\/24_31_Punkthaeuser_Ludwigsburg_6_K-83x110.jpg 83w, https:\/\/www.pr-neu.de\/newsroom\/wordpress\/wp-content\/uploads\/2024\/11\/24_31_Punkthaeuser_Ludwigsburg_6_K-315x420.jpg 315w, https:\/\/www.pr-neu.de\/newsroom\/wordpress\/wp-content\/uploads\/2024\/11\/24_31_Punkthaeuser_Ludwigsburg_6_K-323x430.jpg 323w, https:\/\/www.pr-neu.de\/newsroom\/wordpress\/wp-content\/uploads\/2024\/11\/24_31_Punkthaeuser_Ludwigsburg_6_K.jpg 1800w\" sizes=\"auto, (max-width: 225px) 100vw, 225px\" \/><\/a><\/p>\n<p style=\"text-align: center;\">Noch Fassade oder schon Dach? Konstruktion der schr\u00e4gen Fassade der beiden Obergeschosse.<br \/>\nBild: Sto SE &amp; Co. KGaA<\/p>\n<p>&nbsp;<\/p>\n<p><a href=\"http:\/\/www.pr-neu.de\/newsroom\/wordpress\/wp-content\/uploads\/2024\/11\/24_31_Punkthaeuser_Ludwigsburg_7_K.jpg\" target=\"_blank\" rel=\"noopener\"><img loading=\"lazy\" decoding=\"async\" class=\"aligncenter wp-image-17262 size-medium\" src=\"http:\/\/www.pr-neu.de\/newsroom\/wordpress\/wp-content\/uploads\/2024\/11\/24_31_Punkthaeuser_Ludwigsburg_7_K-214x300.jpg\" alt=\"Zwei Klinkerfarbt\u00f6ne, gut gemischt, wirken besonders auf den gro\u00dfen Fl\u00e4chen sehr harmonisch.\" width=\"214\" height=\"300\" srcset=\"https:\/\/www.pr-neu.de\/newsroom\/wordpress\/wp-content\/uploads\/2024\/11\/24_31_Punkthaeuser_Ludwigsburg_7_K-214x300.jpg 214w, https:\/\/www.pr-neu.de\/newsroom\/wordpress\/wp-content\/uploads\/2024\/11\/24_31_Punkthaeuser_Ludwigsburg_7_K-731x1024.jpg 731w, https:\/\/www.pr-neu.de\/newsroom\/wordpress\/wp-content\/uploads\/2024\/11\/24_31_Punkthaeuser_Ludwigsburg_7_K-768x1075.jpg 768w, https:\/\/www.pr-neu.de\/newsroom\/wordpress\/wp-content\/uploads\/2024\/11\/24_31_Punkthaeuser_Ludwigsburg_7_K-1097x1536.jpg 1097w, https:\/\/www.pr-neu.de\/newsroom\/wordpress\/wp-content\/uploads\/2024\/11\/24_31_Punkthaeuser_Ludwigsburg_7_K-1463x2048.jpg 1463w, https:\/\/www.pr-neu.de\/newsroom\/wordpress\/wp-content\/uploads\/2024\/11\/24_31_Punkthaeuser_Ludwigsburg_7_K-79x110.jpg 79w, https:\/\/www.pr-neu.de\/newsroom\/wordpress\/wp-content\/uploads\/2024\/11\/24_31_Punkthaeuser_Ludwigsburg_7_K-300x420.jpg 300w, https:\/\/www.pr-neu.de\/newsroom\/wordpress\/wp-content\/uploads\/2024\/11\/24_31_Punkthaeuser_Ludwigsburg_7_K-307x430.jpg 307w, https:\/\/www.pr-neu.de\/newsroom\/wordpress\/wp-content\/uploads\/2024\/11\/24_31_Punkthaeuser_Ludwigsburg_7_K.jpg 1714w\" sizes=\"auto, (max-width: 214px) 100vw, 214px\" \/><\/a><\/p>\n<p style=\"text-align: center;\">Zwei Klinkerfarbt\u00f6ne, gut gemischt, wirken besonders auf den gro\u00dfen Fl\u00e4chen sehr harmonisch.<br \/>\nBild: Brigida Gonz\u00e1lez, Stuttgart \/ Sto SE &amp; Co. KGaA<\/p>\n<p>&nbsp;<\/p>\n<hr \/>\n<p>&nbsp;<\/p>\n<p>Abdruck honorarfrei, Belegexemplar erbeten<\/p>\n","protected":false},"excerpt":{"rendered":"<p>Vorbildliche innerst\u00e4dtische Nachverdichtung in Ludwigsburg: Drei \u00fcber ein gemeinsames Erdgeschoss verkn\u00fcpfte Punkth\u00e4user \u00fcberzeugen mit ausgefeilten Kubaturen und Fassaden, die ihre st\u00e4dtebauliche Integration betonen.<\/p>\n","protected":false},"author":9,"featured_media":17256,"comment_status":"closed","ping_status":"open","sticky":false,"template":"","format":"standard","meta":{"footnotes":""},"categories":[15],"tags":[3208,3204,3206,504,2764,2688,3210,533,538,2672],"class_list":["post-17255","post","type-post","status-publish","format-standard","has-post-thumbnail","hentry","category-sto","tag-dachschraege","tag-ludwigsburg","tag-steimle-architekten","tag-sto-2","tag-stobrick","tag-stolit","tag-stosignature","tag-stotherm","tag-stoventec","tag-wohngebaeude"],"_links":{"self":[{"href":"https:\/\/www.pr-neu.de\/newsroom\/wp-json\/wp\/v2\/posts\/17255","targetHints":{"allow":["GET"]}}],"collection":[{"href":"https:\/\/www.pr-neu.de\/newsroom\/wp-json\/wp\/v2\/posts"}],"about":[{"href":"https:\/\/www.pr-neu.de\/newsroom\/wp-json\/wp\/v2\/types\/post"}],"author":[{"embeddable":true,"href":"https:\/\/www.pr-neu.de\/newsroom\/wp-json\/wp\/v2\/users\/9"}],"replies":[{"embeddable":true,"href":"https:\/\/www.pr-neu.de\/newsroom\/wp-json\/wp\/v2\/comments?post=17255"}],"version-history":[{"count":1,"href":"https:\/\/www.pr-neu.de\/newsroom\/wp-json\/wp\/v2\/posts\/17255\/revisions"}],"predecessor-version":[{"id":17263,"href":"https:\/\/www.pr-neu.de\/newsroom\/wp-json\/wp\/v2\/posts\/17255\/revisions\/17263"}],"wp:featuredmedia":[{"embeddable":true,"href":"https:\/\/www.pr-neu.de\/newsroom\/wp-json\/wp\/v2\/media\/17256"}],"wp:attachment":[{"href":"https:\/\/www.pr-neu.de\/newsroom\/wp-json\/wp\/v2\/media?parent=17255"}],"wp:term":[{"taxonomy":"category","embeddable":true,"href":"https:\/\/www.pr-neu.de\/newsroom\/wp-json\/wp\/v2\/categories?post=17255"},{"taxonomy":"post_tag","embeddable":true,"href":"https:\/\/www.pr-neu.de\/newsroom\/wp-json\/wp\/v2\/tags?post=17255"}],"curies":[{"name":"wp","href":"https:\/\/api.w.org\/{rel}","templated":true}]}}