{"id":17239,"date":"2024-10-16T10:18:27","date_gmt":"2024-10-16T08:18:27","guid":{"rendered":"https:\/\/www.pr-neu.de\/newsroom\/?p=17239"},"modified":"2024-10-16T10:18:27","modified_gmt":"2024-10-16T08:18:27","slug":"hanno-erweitert-und-modernisiert-standort-laatzen","status":"publish","type":"post","link":"https:\/\/www.pr-neu.de\/newsroom\/hanno-erweitert-und-modernisiert-standort-laatzen\/","title":{"rendered":"Hanno erweitert und modernisiert Standort Laatzen"},"content":{"rendered":"<p>&nbsp;<\/p>\n<p><u>Hanno auf Wachstumskurs<\/u><\/p>\n<p><strong>Neue Maschinen, eine weitere Photovoltaikanlage und die Genehmigung f\u00fcr eine weitere Produktions- und Lagerhalle \u2013 der Dicht- und D\u00e4mmstoffhersteller Hanno baut seinen Standort weiter aus. \u201eDie Investition ist strategisch und st\u00e4rkt unsere internationale Wettbewerbsf\u00e4higkeit langfristig\u201c, sagt Hanno-Gesch\u00e4ftsf\u00fchrer Volker Brock.<\/strong><\/p>\n<p>Die stetige Entwicklung zeigt sich bereits am Gel\u00e4nde des Dicht- und D\u00e4mmstoffhersteller Hanno in Laatzen. Seit Bezug des Gel\u00e4ndes 1995 baute das Unternehmen bereits f\u00fcnf Mal an \u2013 der sechste Anbau ist bereits in Planung. Die Genehmigung f\u00fcr ein Erweiterungsgeb\u00e4udes hat Hanno k\u00fcrzlich erhalten. Platz ist vorhanden: 2023 hat Hanno ein 2.700-Quadratmeter-Nachbargrundst\u00fcck gekauft. Jetzt umfasst das Firmengel\u00e4nde rund 51.000 Quadratmeter, von denen 21.000 Quadratmeter bebaut sind. \u201eEinen Plan f\u00fcr die neue Produktions- und Lagerhalle gibt es bereits. Da unsere Produkte einen Gro\u00dfteil ihrer qualitativ hochwertigen Anwendung in der Baubranche findet und diese aktuell nicht boomt, starten wir mit dem Bau noch nicht jetzt\u201c, erkl\u00e4rt Volker Brock.<\/p>\n<p>Zudem investiert Hanno intensiv, um die Produktion zu modernisieren. Der Maschinenpark wird sukzessiv erneuert und erweitert. Im Herbst geht eine weitere Spaltanlage speziell f\u00fcr Produktneuerungen in Betrieb. Geplant ist eine weitere Beschichtungsanlage, welche die selbstentwickelten und selbstproduzierten Klebstoffe auf Folienb\u00e4nder, Liner oder Papiere auftr\u00e4gt.<\/p>\n<p>Um unabh\u00e4ngiger von den Energiepreisen zu werden, plant Hanno dar\u00fcber hinaus die Inbetriebnahme einer dritten Photovoltaikanlage in diesem Jahr. Die beiden bereits vorhandenen Anlagen liefern zusammen 250 Kilowattpeak, die nun um nahezu 100 kWp erg\u00e4nzt werden.<\/p>\n<p>&nbsp;<\/p>\n<hr \/>\n<p>&nbsp;<\/p>\n<p><a href=\"http:\/\/www.pr-neu.de\/newsroom\/wordpress\/wp-content\/uploads\/2024\/10\/24-11_Volker_Brock_K.jpg\" target=\"_blank\" rel=\"noopener\"><img loading=\"lazy\" decoding=\"async\" class=\"aligncenter wp-image-17240 size-medium\" src=\"http:\/\/www.pr-neu.de\/newsroom\/wordpress\/wp-content\/uploads\/2024\/10\/24-11_Volker_Brock_K-200x300.jpg\" alt=\"\" width=\"200\" height=\"300\" srcset=\"https:\/\/www.pr-neu.de\/newsroom\/wordpress\/wp-content\/uploads\/2024\/10\/24-11_Volker_Brock_K-200x300.jpg 200w, https:\/\/www.pr-neu.de\/newsroom\/wordpress\/wp-content\/uploads\/2024\/10\/24-11_Volker_Brock_K-683x1024.jpg 683w, https:\/\/www.pr-neu.de\/newsroom\/wordpress\/wp-content\/uploads\/2024\/10\/24-11_Volker_Brock_K-768x1152.jpg 768w, https:\/\/www.pr-neu.de\/newsroom\/wordpress\/wp-content\/uploads\/2024\/10\/24-11_Volker_Brock_K-1024x1536.jpg 1024w, https:\/\/www.pr-neu.de\/newsroom\/wordpress\/wp-content\/uploads\/2024\/10\/24-11_Volker_Brock_K-1365x2048.jpg 1365w, https:\/\/www.pr-neu.de\/newsroom\/wordpress\/wp-content\/uploads\/2024\/10\/24-11_Volker_Brock_K-73x110.jpg 73w, https:\/\/www.pr-neu.de\/newsroom\/wordpress\/wp-content\/uploads\/2024\/10\/24-11_Volker_Brock_K-280x420.jpg 280w, https:\/\/www.pr-neu.de\/newsroom\/wordpress\/wp-content\/uploads\/2024\/10\/24-11_Volker_Brock_K-287x430.jpg 287w, https:\/\/www.pr-neu.de\/newsroom\/wordpress\/wp-content\/uploads\/2024\/10\/24-11_Volker_Brock_K.jpg 1600w\" sizes=\"auto, (max-width: 200px) 100vw, 200px\" \/><\/a><\/p>\n<p style=\"text-align: center;\">Volker Brock, Gesch\u00e4ftsf\u00fchrer bei Hanno.<br \/>\nBild: Hanno Werk GmbH &amp; Co. KG<\/p>\n<p>&nbsp;<\/p>\n<hr \/>\n<p>&nbsp;<\/p>\n<p>Abdruck honorarfrei, Belegexemplar erbeten<\/p>\n","protected":false},"excerpt":{"rendered":"<p>Neue Maschinen, eine weitere Photovoltaikanlage und die Genehmigung f\u00fcr eine weitere Produktions- und Lagerhalle \u2013 der Dicht- und D\u00e4mmstoffhersteller Hanno baut seinen Standort weiter aus.<\/p>\n","protected":false},"author":10,"featured_media":17241,"comment_status":"closed","ping_status":"open","sticky":false,"template":"","format":"standard","meta":{"footnotes":""},"categories":[655],"tags":[1743,3182,1757,1923],"class_list":["post-17239","post","type-post","status-publish","format-standard","has-post-thumbnail","hentry","category-hanno","tag-hanno","tag-investition","tag-unternehmen","tag-werk"],"_links":{"self":[{"href":"https:\/\/www.pr-neu.de\/newsroom\/wp-json\/wp\/v2\/posts\/17239","targetHints":{"allow":["GET"]}}],"collection":[{"href":"https:\/\/www.pr-neu.de\/newsroom\/wp-json\/wp\/v2\/posts"}],"about":[{"href":"https:\/\/www.pr-neu.de\/newsroom\/wp-json\/wp\/v2\/types\/post"}],"author":[{"embeddable":true,"href":"https:\/\/www.pr-neu.de\/newsroom\/wp-json\/wp\/v2\/users\/10"}],"replies":[{"embeddable":true,"href":"https:\/\/www.pr-neu.de\/newsroom\/wp-json\/wp\/v2\/comments?post=17239"}],"version-history":[{"count":1,"href":"https:\/\/www.pr-neu.de\/newsroom\/wp-json\/wp\/v2\/posts\/17239\/revisions"}],"predecessor-version":[{"id":17242,"href":"https:\/\/www.pr-neu.de\/newsroom\/wp-json\/wp\/v2\/posts\/17239\/revisions\/17242"}],"wp:featuredmedia":[{"embeddable":true,"href":"https:\/\/www.pr-neu.de\/newsroom\/wp-json\/wp\/v2\/media\/17241"}],"wp:attachment":[{"href":"https:\/\/www.pr-neu.de\/newsroom\/wp-json\/wp\/v2\/media?parent=17239"}],"wp:term":[{"taxonomy":"category","embeddable":true,"href":"https:\/\/www.pr-neu.de\/newsroom\/wp-json\/wp\/v2\/categories?post=17239"},{"taxonomy":"post_tag","embeddable":true,"href":"https:\/\/www.pr-neu.de\/newsroom\/wp-json\/wp\/v2\/tags?post=17239"}],"curies":[{"name":"wp","href":"https:\/\/api.w.org\/{rel}","templated":true}]}}