{"id":17207,"date":"2024-09-23T09:32:30","date_gmt":"2024-09-23T07:32:30","guid":{"rendered":"https:\/\/www.pr-neu.de\/newsroom\/?p=17207"},"modified":"2024-09-23T09:32:30","modified_gmt":"2024-09-23T07:32:30","slug":"sicher-streichen-ab-1-%cb%9ac","status":"publish","type":"post","link":"https:\/\/www.pr-neu.de\/newsroom\/sicher-streichen-ab-1-%cb%9ac\/","title":{"rendered":"Sicher streichen ab +1 \u02daC"},"content":{"rendered":"<p>&nbsp;<\/p>\n<p><u>Neu: QS-Technology f\u00fcr Lotusan und StoColor Crylan<\/u><\/p>\n<p>Damit Fassadensarbeiten bei nasskaltem Wetter im Fr\u00fchjahr und Herbst nicht ruhen m\u00fcssen, gibt es Additive wie die QS-, FT- und HDTechnology. Sie sorgen daf\u00fcr, dass Beschichtungen bei k\u00fchlen Temperaturen zuverl\u00e4ssig abbinden. Das StoAdditiv QS ist in erster Linie f\u00fcr Fassadenfarben konzipiert, jetzt wurde sein Einsatz auf Lotusan und StoColor Crylan erweitert. Es wird (nur) bei entsprechender Witterung zur Farbe hinzugegeben im Mischungsverh\u00e4ltnis 150 Milliliter auf 5 Liter Farbe. Damit l\u00e4sst sich noch bei 1 Grad Celsius und 85 Prozent Luftfeuchte sicher drau\u00dfen arbeiten.<\/p>\n<p>Mit der QuickSet-Technology (QS) f\u00fcr organische Produkte, der FastTrack-Technology (FT) f\u00fcr mineralische Produkte und der HybridDrying Technology (HD) f\u00fcr den organischen Unterputz StoArmat Classic HD gibt es bei Sto f\u00fcr jede Au\u00dfenbeschichtung ein Additiv f\u00fcr verk\u00fcrzte Abbinde- und Trocknungszeiten. Damit k\u00f6nnen Handwerker die Baustellen-Saison um bis zu 70 Tage im Jahr verl\u00e4ngern.<\/p>\n<p>&nbsp;<\/p>\n<hr \/>\n<p>&nbsp;<\/p>\n<p><a href=\"http:\/\/www.pr-neu.de\/newsroom\/wordpress\/wp-content\/uploads\/2024\/09\/24_39_QS_K.jpg\" target=\"_blank\" rel=\"noopener\"><img loading=\"lazy\" decoding=\"async\" class=\"aligncenter wp-image-17208 size-medium\" src=\"http:\/\/www.pr-neu.de\/newsroom\/wordpress\/wp-content\/uploads\/2024\/09\/24_39_QS_K-200x300.jpg\" alt=\"Das StoAdditiv QS l\u00e4sst sich spontan und schnell in Fassadenfarben mischen \u2013 genau dann, wenn es gebraucht wird.\" width=\"200\" height=\"300\" srcset=\"https:\/\/www.pr-neu.de\/newsroom\/wordpress\/wp-content\/uploads\/2024\/09\/24_39_QS_K-200x300.jpg 200w, https:\/\/www.pr-neu.de\/newsroom\/wordpress\/wp-content\/uploads\/2024\/09\/24_39_QS_K-683x1024.jpg 683w, https:\/\/www.pr-neu.de\/newsroom\/wordpress\/wp-content\/uploads\/2024\/09\/24_39_QS_K-768x1152.jpg 768w, https:\/\/www.pr-neu.de\/newsroom\/wordpress\/wp-content\/uploads\/2024\/09\/24_39_QS_K-1024x1536.jpg 1024w, https:\/\/www.pr-neu.de\/newsroom\/wordpress\/wp-content\/uploads\/2024\/09\/24_39_QS_K-1365x2048.jpg 1365w, https:\/\/www.pr-neu.de\/newsroom\/wordpress\/wp-content\/uploads\/2024\/09\/24_39_QS_K-73x110.jpg 73w, https:\/\/www.pr-neu.de\/newsroom\/wordpress\/wp-content\/uploads\/2024\/09\/24_39_QS_K-280x420.jpg 280w, https:\/\/www.pr-neu.de\/newsroom\/wordpress\/wp-content\/uploads\/2024\/09\/24_39_QS_K-287x430.jpg 287w, https:\/\/www.pr-neu.de\/newsroom\/wordpress\/wp-content\/uploads\/2024\/09\/24_39_QS_K.jpg 1600w\" sizes=\"auto, (max-width: 200px) 100vw, 200px\" \/><\/a><\/p>\n<p style=\"text-align: center;\">StoAdditiv QS l\u00e4sst sich spontan und schnell in Fassadenfarben mischen \u2013 genau dann, wenn es gebraucht wird.<br \/>\nBild: Martin Baitinger \/ Sto SE &amp; Co. KGaA<\/p>\n<p>&nbsp;<\/p>\n<hr \/>\n<p>&nbsp;<\/p>\n<p>Abdruck honorarfrei, Belegexemplar erbeten<\/p>\n","protected":false},"excerpt":{"rendered":"<p>Damit Fassadensarbeiten bei nasskaltem Wetter im Fr\u00fchjahr und Herbst nicht ruhen m\u00fcssen, gibt es Additive wie die QS-, FT- und HDTechnology. Sie sorgen daf\u00fcr, dass Beschichtungen bei k\u00fchlen Temperaturen zuverl\u00e4ssig abbinden.<\/p>\n","protected":false},"author":9,"featured_media":17209,"comment_status":"closed","ping_status":"open","sticky":false,"template":"","format":"standard","meta":{"footnotes":""},"categories":[15],"tags":[3178,3180,187,414,504,509],"class_list":["post-17207","post","type-post","status-publish","format-standard","has-post-thumbnail","hentry","category-sto","tag-additiv","tag-crylan","tag-fassade","tag-putz","tag-sto-2","tag-stocolor"],"_links":{"self":[{"href":"https:\/\/www.pr-neu.de\/newsroom\/wp-json\/wp\/v2\/posts\/17207","targetHints":{"allow":["GET"]}}],"collection":[{"href":"https:\/\/www.pr-neu.de\/newsroom\/wp-json\/wp\/v2\/posts"}],"about":[{"href":"https:\/\/www.pr-neu.de\/newsroom\/wp-json\/wp\/v2\/types\/post"}],"author":[{"embeddable":true,"href":"https:\/\/www.pr-neu.de\/newsroom\/wp-json\/wp\/v2\/users\/9"}],"replies":[{"embeddable":true,"href":"https:\/\/www.pr-neu.de\/newsroom\/wp-json\/wp\/v2\/comments?post=17207"}],"version-history":[{"count":1,"href":"https:\/\/www.pr-neu.de\/newsroom\/wp-json\/wp\/v2\/posts\/17207\/revisions"}],"predecessor-version":[{"id":17210,"href":"https:\/\/www.pr-neu.de\/newsroom\/wp-json\/wp\/v2\/posts\/17207\/revisions\/17210"}],"wp:featuredmedia":[{"embeddable":true,"href":"https:\/\/www.pr-neu.de\/newsroom\/wp-json\/wp\/v2\/media\/17209"}],"wp:attachment":[{"href":"https:\/\/www.pr-neu.de\/newsroom\/wp-json\/wp\/v2\/media?parent=17207"}],"wp:term":[{"taxonomy":"category","embeddable":true,"href":"https:\/\/www.pr-neu.de\/newsroom\/wp-json\/wp\/v2\/categories?post=17207"},{"taxonomy":"post_tag","embeddable":true,"href":"https:\/\/www.pr-neu.de\/newsroom\/wp-json\/wp\/v2\/tags?post=17207"}],"curies":[{"name":"wp","href":"https:\/\/api.w.org\/{rel}","templated":true}]}}