{"id":17199,"date":"2024-09-16T08:12:37","date_gmt":"2024-09-16T06:12:37","guid":{"rendered":"https:\/\/www.pr-neu.de\/newsroom\/?p=17199"},"modified":"2024-09-12T14:05:04","modified_gmt":"2024-09-12T12:05:04","slug":"haesslich-sorgt-fuer-aufmerksamkeit-bei-der-garagentorvermarktung","status":"publish","type":"post","link":"https:\/\/www.pr-neu.de\/newsroom\/haesslich-sorgt-fuer-aufmerksamkeit-bei-der-garagentorvermarktung\/","title":{"rendered":"\u201eH\u00e4sslich\u201c sorgt f\u00fcr Aufmerksamkeit bei der Garagentorvermarktung"},"content":{"rendered":"<p>&nbsp;<\/p>\n<p><u>Teckentrup und Partner haben das h\u00e4sslichste Garagentor Deutschlands gesucht \u2013 und gefunden<\/u><\/p>\n<p><strong>Gemeinsam mit seinen CarTeck-Partnern hat Teckentrup das h\u00e4sslichste Garagentor Deutschlands gesucht \u2013 und gefunden. Im Rahmen eines deutschlandweiten Gewinnspiels konnten Besitzer alter, kaputter oder unansehnlicher Garagentore Fotos ihres h\u00e4sslichen Tores einsenden und auf eine umfassende Verj\u00fcngungskur hoffen.<\/strong><\/p>\n<p>Zahlreiche Teilnehmer reichten ihre Bewerbungen mit eindrucksvollen Bildern ihrer betagten Garagentore ein. Eine Jury w\u00e4hlte daraus das \u201eh\u00e4sslichste Garagentor Deutschlands\u201c. Ma\u00dfgeblich zur Entscheidung beigetragen haben Geschichte und Alter, die Einbausituation sowie der Zustand des Garagentors. Das Gewinnerpaar erhielt, festgehalten in einer informativen Videoreportage, ein ma\u00dfgefertigtes CarTeck-Sektionaltor, das alle W\u00fcnsche und Bed\u00fcrfnisse des Paars erf\u00fcllt. Auch zwei weitere Teilnehmer d\u00fcrfen sich freuen, sie wurden ebenfalls mit einem neuen Garagentor ausgestattet. Die Montage erfolgte in enger Zusammenarbeit mit den regional zust\u00e4ndigen CarTeck-Partnern.<\/p>\n<p>Mitmachen hat sich, nicht nur f\u00fcr die Gewinner gelohnt: Alle Teilnehmer erhielten einen Cashback-Gutschein f\u00fcr den Kauf eines Teckentrup-Garagentores. F\u00fcr die Promotion der Aktion haben Teckentrup und seine Partner diverse Kan\u00e4le genutzt, darunter Social Media, das Online-Gewinnspiel und Printwerbung wie Flyer.<\/p>\n<p>\u201eMit dieser aufmerksamkeitsstarken Aktion konnten wir gezielt Kontakte f\u00fcr unsere Partner im Handwerk generieren\u201c, erkl\u00e4rt Uwe G\u00f6tze, Marketingleiter bei Teckentrup. \u201eDie redaktionelle Begleitung und Videodokumentation des Einbaus sorgt zudem f\u00fcr eine nachhaltige Vermarktung unserer Partner und bietet einen informativen Mehrwert f\u00fcr Endverbraucher, Renovierer oder Garagentor-Interessierte. Unser Plan ist, die Aktion im n\u00e4chsten Jahr auszubauen und unseren Partner zus\u00e4tzliche Marketingtools anzubieten.\u201c<\/p>\n<hr \/>\n<p>&nbsp;<\/p>\n<p><a href=\"http:\/\/www.pr-neu.de\/newsroom\/wordpress\/wp-content\/uploads\/2024\/09\/24_09_Aktion_K.jpg\" target=\"_blank\" rel=\"noopener\"><img loading=\"lazy\" decoding=\"async\" class=\"aligncenter wp-image-17200 size-medium\" src=\"http:\/\/www.pr-neu.de\/newsroom\/wordpress\/wp-content\/uploads\/2024\/09\/24_09_Aktion_K-300x300.jpg\" alt=\"\" width=\"300\" height=\"300\" srcset=\"https:\/\/www.pr-neu.de\/newsroom\/wordpress\/wp-content\/uploads\/2024\/09\/24_09_Aktion_K-300x300.jpg 300w, https:\/\/www.pr-neu.de\/newsroom\/wordpress\/wp-content\/uploads\/2024\/09\/24_09_Aktion_K-1024x1024.jpg 1024w, https:\/\/www.pr-neu.de\/newsroom\/wordpress\/wp-content\/uploads\/2024\/09\/24_09_Aktion_K-150x150.jpg 150w, https:\/\/www.pr-neu.de\/newsroom\/wordpress\/wp-content\/uploads\/2024\/09\/24_09_Aktion_K-768x768.jpg 768w, https:\/\/www.pr-neu.de\/newsroom\/wordpress\/wp-content\/uploads\/2024\/09\/24_09_Aktion_K-250x250.jpg 250w, https:\/\/www.pr-neu.de\/newsroom\/wordpress\/wp-content\/uploads\/2024\/09\/24_09_Aktion_K-125x125.jpg 125w, https:\/\/www.pr-neu.de\/newsroom\/wordpress\/wp-content\/uploads\/2024\/09\/24_09_Aktion_K-110x110.jpg 110w, https:\/\/www.pr-neu.de\/newsroom\/wordpress\/wp-content\/uploads\/2024\/09\/24_09_Aktion_K-420x420.jpg 420w, https:\/\/www.pr-neu.de\/newsroom\/wordpress\/wp-content\/uploads\/2024\/09\/24_09_Aktion_K-430x430.jpg 430w, https:\/\/www.pr-neu.de\/newsroom\/wordpress\/wp-content\/uploads\/2024\/09\/24_09_Aktion_K.jpg 1200w\" sizes=\"auto, (max-width: 300px) 100vw, 300px\" \/><\/a><\/p>\n<p style=\"text-align: center;\">In Magazinen, Newslettern auf Social-Media: Um Garagentor-Besitzer zu erreichen, nutzte Teckentrup zahlreiche Kan\u00e4le.<\/p>\n<p>&nbsp;<\/p>\n<p><a href=\"http:\/\/www.pr-neu.de\/newsroom\/wordpress\/wp-content\/uploads\/2024\/09\/24_09_Goetze_K.jpg\" target=\"_blank\" rel=\"noopener\"><img loading=\"lazy\" decoding=\"async\" class=\"aligncenter wp-image-17201 size-medium\" src=\"http:\/\/www.pr-neu.de\/newsroom\/wordpress\/wp-content\/uploads\/2024\/09\/24_09_Goetze_K-300x227.jpg\" alt=\"\u201eDie Schritte Planung, Beratung und Bestellung werden immer digitaler und vernetzter. Die Produktsuche und die Angebotsanfrage verlagern sich mehr und mehr ins Internet \u2013 auch in der Baubranche. Mit TEO bieten wir den passenden Rahmen, um diese Entwicklung als Handwerker oder H\u00e4ndler mitgehen zu k\u00f6nnen.\u201c Uwe G\u00f6tze, Leiter Marketing bei Teckentrup Door Solutions.\" width=\"300\" height=\"227\" srcset=\"https:\/\/www.pr-neu.de\/newsroom\/wordpress\/wp-content\/uploads\/2024\/09\/24_09_Goetze_K-300x227.jpg 300w, https:\/\/www.pr-neu.de\/newsroom\/wordpress\/wp-content\/uploads\/2024\/09\/24_09_Goetze_K-1024x776.jpg 1024w, https:\/\/www.pr-neu.de\/newsroom\/wordpress\/wp-content\/uploads\/2024\/09\/24_09_Goetze_K-768x582.jpg 768w, https:\/\/www.pr-neu.de\/newsroom\/wordpress\/wp-content\/uploads\/2024\/09\/24_09_Goetze_K-1536x1164.jpg 1536w, https:\/\/www.pr-neu.de\/newsroom\/wordpress\/wp-content\/uploads\/2024\/09\/24_09_Goetze_K-2048x1552.jpg 2048w, https:\/\/www.pr-neu.de\/newsroom\/wordpress\/wp-content\/uploads\/2024\/09\/24_09_Goetze_K-110x83.jpg 110w, https:\/\/www.pr-neu.de\/newsroom\/wordpress\/wp-content\/uploads\/2024\/09\/24_09_Goetze_K-420x318.jpg 420w, https:\/\/www.pr-neu.de\/newsroom\/wordpress\/wp-content\/uploads\/2024\/09\/24_09_Goetze_K-567x430.jpg 567w\" sizes=\"auto, (max-width: 300px) 100vw, 300px\" \/><\/a><\/p>\n<p style=\"text-align: center;\">\u201eDie gute Resonanz in diesem Jahr hat die Entscheidung leicht gemacht: 2025 folgt eine Neuauflage dieser Aktion, bei der wir gemeinsam mit dem Handwerk neue Privatkunden gewinnen\u201c, res\u00fcmiert Uwe G\u00f6tze, Marketingleiter bei Teckentrup.<br \/>\nBilder: Teckentrup<\/p>\n<p>&nbsp;<\/p>\n<hr \/>\n<p>&nbsp;<\/p>\n<p>Abdruck honorarfrei, Belegexemplar erbeten<\/p>\n","protected":false},"excerpt":{"rendered":"<p>Gemeinsam mit seinen CarTeck-Partnern hat Teckentrup das h\u00e4sslichste Garagentor Deutschlands gesucht \u2013 und gefunden. Im Rahmen eines deutschlandweiten Gewinnspiels konnten Besitzer alter, kaputter oder unansehnlicher Garagentore Fotos ihres h\u00e4sslichen Tores einsenden und auf eine umfassende Verj\u00fcngungskur hoffen.<\/p>\n","protected":false},"author":9,"featured_media":17200,"comment_status":"closed","ping_status":"open","sticky":false,"template":"","format":"standard","meta":{"footnotes":""},"categories":[18],"tags":[3174,102,217,218,565,577],"class_list":["post-17199","post","type-post","status-publish","format-standard","has-post-thumbnail","hentry","category-teckentrup","tag-austausch","tag-carteck","tag-garage","tag-garagentor","tag-teckentrup","tag-tor"],"_links":{"self":[{"href":"https:\/\/www.pr-neu.de\/newsroom\/wp-json\/wp\/v2\/posts\/17199","targetHints":{"allow":["GET"]}}],"collection":[{"href":"https:\/\/www.pr-neu.de\/newsroom\/wp-json\/wp\/v2\/posts"}],"about":[{"href":"https:\/\/www.pr-neu.de\/newsroom\/wp-json\/wp\/v2\/types\/post"}],"author":[{"embeddable":true,"href":"https:\/\/www.pr-neu.de\/newsroom\/wp-json\/wp\/v2\/users\/9"}],"replies":[{"embeddable":true,"href":"https:\/\/www.pr-neu.de\/newsroom\/wp-json\/wp\/v2\/comments?post=17199"}],"version-history":[{"count":1,"href":"https:\/\/www.pr-neu.de\/newsroom\/wp-json\/wp\/v2\/posts\/17199\/revisions"}],"predecessor-version":[{"id":17202,"href":"https:\/\/www.pr-neu.de\/newsroom\/wp-json\/wp\/v2\/posts\/17199\/revisions\/17202"}],"wp:featuredmedia":[{"embeddable":true,"href":"https:\/\/www.pr-neu.de\/newsroom\/wp-json\/wp\/v2\/media\/17200"}],"wp:attachment":[{"href":"https:\/\/www.pr-neu.de\/newsroom\/wp-json\/wp\/v2\/media?parent=17199"}],"wp:term":[{"taxonomy":"category","embeddable":true,"href":"https:\/\/www.pr-neu.de\/newsroom\/wp-json\/wp\/v2\/categories?post=17199"},{"taxonomy":"post_tag","embeddable":true,"href":"https:\/\/www.pr-neu.de\/newsroom\/wp-json\/wp\/v2\/tags?post=17199"}],"curies":[{"name":"wp","href":"https:\/\/api.w.org\/{rel}","templated":true}]}}