{"id":17184,"date":"2024-09-16T08:11:28","date_gmt":"2024-09-16T06:11:28","guid":{"rendered":"https:\/\/www.pr-neu.de\/newsroom\/?p=17184"},"modified":"2024-09-12T13:46:44","modified_gmt":"2024-09-12T11:46:44","slug":"tueren-in-tropische-tierwelten","status":"publish","type":"post","link":"https:\/\/www.pr-neu.de\/newsroom\/tueren-in-tropische-tierwelten\/","title":{"rendered":"T\u00fcren in tropische Tierwelten"},"content":{"rendered":"<p>&nbsp;<\/p>\n<p><u>Meranti-Halle im Allwetterzoo M\u00fcnster: T\u00fcren und Tore von Teckentrup<\/u><\/p>\n<p><strong>Ein Dschungel-Abenteuer auf mehr als 4000 Quadratmetern erstreckt sich seit Neuestem im Allwetterzoo in M\u00fcnster. Bereits von au\u00dfen besticht die Halle durch die enorme Folienkuppel, die 16 Meter in die H\u00f6he ragt. Innen erleben Besucherinnen und Besucher hautnah exotische Tiere und eine beeindruckende Pflanzenwelt. Hauptakteure sind hier definitiv die tierischen Bewohner, stilvoll zur\u00fcck nehmen sich die T\u00fcren in und zu den Gehegen, die sich dank individueller Bemalung bestens in die spektakul\u00e4re Kulisse eingliedern. Der Bau des in Europa einzigartigen Projekts im laufenden Zoo-Betrieb stellte alle Beteiligten dabei vor gro\u00dfe Herausforderungen.<\/strong><\/p>\n<p>Ihren Namen verdankt sie einer Gruppe tropischer Laubh\u00f6lzer: Die Meranti-Halle im Allwetterzoo M\u00fcnster ist das neue Zuhause f\u00fcr 15 exotische Tierarten. \u00dcber der tropischen Flora und Fauna bereits von weitem auszumachen, schwebt das Dach mit einer komplexen Tragstruktur. F\u00fcr die Besucher dagegen nicht direkt sichtbar ist die vollst\u00e4ndig regenerative W\u00e4rme- und K\u00e4ltekonzeption, die f\u00fcr den klimaneutralen Betrieb der Halle sorgt.<\/p>\n<p><strong>Verborgenes Highlight hinter den T\u00fcren<\/strong><br \/>\nF\u00fcr die Zoog\u00e4ste nicht sichtbar liegt das Herzst\u00fcck des Projekts im Bauch der Halle, zuverl\u00e4ssig gesch\u00fctzt durch robuste Stahlt\u00fcren: die vollst\u00e4ndig regenerative W\u00e4rme- und K\u00e4ltekonzeption. Betrieben wird die Halle mit Erdw\u00e4rme. Das ETFE-Foliendach sorgt daf\u00fcr, dass die warme Luft nicht nach au\u00dfen dringt. Pumpen und die Wasseraufbereitung werden durch Solarenergie angetrieben.<\/p>\n<p>Dank der Kombination aus Geothermie, Betonkernaktivierung und Photovoltaik wird die Tropenhalle nach Bedarf gek\u00fchlt oder geheizt. Temperaturspitzen werden \u00fcber eine zus\u00e4tzlich eingebaute L\u00fcftungsanlage abgefedert. Den ben\u00f6tigten Strom liefern PV-Anlagen, welche auf den umgebenden Geb\u00e4uden installiert wurden. Hohe Luftfeuchtigkeit und Temperaturen jenseits der 30 Grad Celsius kommen den tierischen Bewohnern entgegen, an die T\u00fcren stellen diese klimatischen Bedingungen jedoch erh\u00f6hte Anforderungen. T\u00fcren aus feuerverzinktem Stahlblech \u00fcberzeugen hier durch ihre Langlebigkeit und Widerstandsf\u00e4higkeit.<\/p>\n<p>Die doppelwandigen Mehrzweckt\u00fcren aus Stahl mit einem 62 Millimeter dicken T\u00fcrblatt bieten zudem eine effektive W\u00e4rmed\u00e4mmung und tragen damit zus\u00e4tzlich zum regenerativen Konzept der Halle bei. Zoodirektorin Dr. Simone Schehka ist daher optimistisch: \u201eWenn die Winter, wie in den vergangenen Jahren, recht mild ausfallen, k\u00f6nnen wir die Meranti-Halle ganzj\u00e4hrig nahezu klimaneutral betreiben\u201c.<\/p>\n<p><strong>Robust und elegant<\/strong><\/p>\n<p>Viele der in der Halle lebenden Tierarten kommen friedlich daher und ein Teil der Gehege ist sogar begehbar. F\u00fcr das volle Erlebnis der exotischen Flora und Fauna wurde in der Meranti-Halle bewusst auf Gitter, Z\u00e4une oder Netze verzichtet. Auf Br\u00fccken, Podesten, H\u00f6henwegen oder Aussichtst\u00fcrmen erleben die Besucherinnen und Besucher das Tropenhaus aus unterschiedlichen H\u00f6hen und Perspektiven.<\/p>\n<p>Nichtsdestotrotz ist der Schutz f\u00fcr Pfleger und Besucher vor den Wildtieren elementar. F\u00fcr den reibungslosen Zoo-Alltag sorgen auch die T\u00fcrelemente, die in unterschiedlichen Ausf\u00fchrungen (u.a. mit Lichtfenstern f\u00fcr den direkten Sichtkontakt), teils mit zus\u00e4tzlicher Gittert\u00fcr. Die Stahlt\u00fcr dw 62-1\/2 \u201eTeckentrup\u201c ist \u00e4u\u00dferst robust. Das kommt dem Ablauf im Zoo sehr entgegen, denn Pflegerinnen und Pfleger passieren die T\u00fcren regelm\u00e4\u00dfig mit Schubkarren und weiteren Ger\u00e4ten zur S\u00e4uberung der Gehege sowie F\u00fctterung der Tiere. Insbesondere die zweifl\u00fcgeligen T\u00fcren sowie T\u00fcren mit Standfl\u00fcgel lassen dabei Platz f\u00fcr gro\u00dfe Ger\u00e4te und dienen gleichzeitig als Fluchtweg.<\/p>\n<p>Viele Gehege der Meranti-Halle sind au\u00dferdem doppelt gesichert: Zus\u00e4tzlich zur massiven Stahlt\u00fcr werden die Durchg\u00e4nge durch eine Gittert\u00fcr verriegelt. Das hat gleich zwei Vorteile: T\u00fcren k\u00f6nnen bspw. zur L\u00fcftung offenstehen, ohne dass die auf der Anlage lebenden Tiere diese ungewollt verlassen k\u00f6nnen. Gleichzeitig verhindern die Gittert\u00fcren bei T\u00fcren ohne weitere Sichtfenster eine \u00fcberraschende Begegnung von Mensch und Tier beim \u00d6ffnen des Geheges. F\u00fcr die Montage der T\u00fcren stellt diese spezielle Anforderung eine Herausforderung dar. Viel Knowhow seitens der technischen Berater und die passende Zargenauswahl erm\u00f6glichen die Montage beider T\u00fcren im Durchgang.<\/p>\n<p>F\u00fcr die T\u00fcren und Tore zeichnete ein ortsans\u00e4ssiger Baufachh\u00e4ndler verantwortlich, der bereits mehrere Projekte im Zoo begleitet hat. Dennoch \u00e4u\u00dfert sich der technische Berater Jonas Volkmar mit gro\u00dfem Respekt \u00fcber das erfolgreich abgeschlossene Projekt: \u201eDie Baulogistik mitten im Zoo war auch f\u00fcr uns etwas ganz Besonderes und wartete mit der einen oder anderen Herausforderung auf: Zum einen erfolgten Anlieferung und Einbau w\u00e4hrend des laufenden Zoobetriebs \u2013 der Zoo war ja weiterhin regul\u00e4r ge\u00f6ffnet. Ein Teil der Endmontage sogar, als schon Tiere auf den Anlagen waren. Hier mussten wir also extrem vorsichtig vorgehen, auch, um die Tiere zu sch\u00fctzen. Zum anderen erfolgte die Montage der endlackierten T\u00fcren mitten im Rohbau. Die T\u00fcren mussten daher nachtr\u00e4glich gesch\u00fctzt werden.\u201c<\/p>\n<p><strong>Tarnoptik f\u00fcr Tor und T\u00fcr<\/strong><\/p>\n<p>Die Optik der T\u00fcren in elegantem Anthrazitgrau (RAL 7016) passt sich harmonisch in die moderne Fassade aus schlichten Wei\u00df- und Holzt\u00f6nen bzw. die Betonoptik ein. Ein Teil der in der Halle sichtbaren T\u00fcren ist ebenso wie das Sektionaltor an einem der Hallen-Zug\u00e4nge individuell bemalt und f\u00fcgt sich dadurch fast unsichtbar in die tropische Kulisse ein.<br \/>\nDas Industrie-Sektionaltor mit Schlupft\u00fcr grenzt die f\u00fcr Besucher nicht zug\u00e4nglichen Trakte (u.a. Zoo-K\u00fcche und Aufenthaltsr\u00e4ume) optisch ansprechend von der Halle ab und bietet gleichzeitig bei Bedarf genug Durchgangsbreite und -h\u00f6he f\u00fcr Fahrzeuge und gr\u00f6\u00dfere Ger\u00e4tschaften.<\/p>\n<p>&nbsp;<\/p>\n<hr \/>\n<p>&nbsp;<\/p>\n<p><strong>Bautafel<\/strong><br \/>\nBauherr: Westf\u00e4lischer Zoologischer Garten M\u00fcnster GmbH<br \/>\nArchitekten: BAnTec GmbH, Berlin<br \/>\nBeratung und Montage T\u00fcren\/Tore:<br \/>\nR\u00fcschenschmidt &amp; T\u00fcllmann GmbH &amp; Co. KG<br \/>\nProdukte Teckentrup:<br \/>\n39 Stahlt\u00fcren (dw 62-1\/2, EI\u208230 \u201e62\u201c-1\/2,<br \/>\nEI\u208230-C5-S\u2082\u2080\u2080, T30-FSA \u201e62\u201c1\/2),<br \/>\n1 Industrie-Sektionaltor SW 40<br \/>\nBauzeit: 2020 bis 2023<\/p>\n<p>&nbsp;<\/p>\n<hr \/>\n<p>&nbsp;<\/p>\n<p><a href=\"http:\/\/www.pr-neu.de\/newsroom\/wordpress\/wp-content\/uploads\/2024\/09\/24-07_01_Meranti_Halle_K.jpg\" target=\"_blank\" rel=\"noopener\"><img loading=\"lazy\" decoding=\"async\" class=\"aligncenter wp-image-17185 size-medium\" src=\"http:\/\/www.pr-neu.de\/newsroom\/wordpress\/wp-content\/uploads\/2024\/09\/24-07_01_Meranti_Halle_K-300x200.jpg\" alt=\"Die Meranti-Halle mit ihrem klimaneutralen Konzept stellt ein in Europa einzigartiges Projekt dar. Erster Spatenstich erfolgte auf dem H\u00f6hepunkt der zweiten Corona-Welle. Trotz Personalausf\u00e4llen, Lieferengp\u00e4ssen, Energiekrise und Inflation konnte das 21,5-Millionen-Euro-Projekt mit nur einigen Monaten Versp\u00e4tung im Juni 2023 er\u00f6ffnet werden.\" width=\"300\" height=\"200\" srcset=\"https:\/\/www.pr-neu.de\/newsroom\/wordpress\/wp-content\/uploads\/2024\/09\/24-07_01_Meranti_Halle_K-300x200.jpg 300w, https:\/\/www.pr-neu.de\/newsroom\/wordpress\/wp-content\/uploads\/2024\/09\/24-07_01_Meranti_Halle_K-1024x683.jpg 1024w, https:\/\/www.pr-neu.de\/newsroom\/wordpress\/wp-content\/uploads\/2024\/09\/24-07_01_Meranti_Halle_K-768x512.jpg 768w, https:\/\/www.pr-neu.de\/newsroom\/wordpress\/wp-content\/uploads\/2024\/09\/24-07_01_Meranti_Halle_K-1536x1024.jpg 1536w, https:\/\/www.pr-neu.de\/newsroom\/wordpress\/wp-content\/uploads\/2024\/09\/24-07_01_Meranti_Halle_K-2048x1365.jpg 2048w, https:\/\/www.pr-neu.de\/newsroom\/wordpress\/wp-content\/uploads\/2024\/09\/24-07_01_Meranti_Halle_K-110x73.jpg 110w, https:\/\/www.pr-neu.de\/newsroom\/wordpress\/wp-content\/uploads\/2024\/09\/24-07_01_Meranti_Halle_K-420x280.jpg 420w, https:\/\/www.pr-neu.de\/newsroom\/wordpress\/wp-content\/uploads\/2024\/09\/24-07_01_Meranti_Halle_K-645x430.jpg 645w\" sizes=\"auto, (max-width: 300px) 100vw, 300px\" \/><\/a><\/p>\n<p style=\"text-align: center;\">Die Meranti-Halle mit ihrem klimaneutralen Konzept stellt ein in Europa einzigartiges Projekt dar. Der Spatenstich erfolgte auf dem H\u00f6hepunkt der zweiten Corona-Welle. Trotz Personalausf\u00e4llen, Lieferengp\u00e4ssen, Energiekrise und Inflation wurde das 21,5-Millionen-Euro-Projekt mit nur einigen Monaten Verz\u00f6gerung im Juni 2023 er\u00f6ffnet.<\/p>\n<p>&nbsp;<\/p>\n<p style=\"text-align: center;\"><a href=\"http:\/\/www.pr-neu.de\/newsroom\/wordpress\/wp-content\/uploads\/2024\/09\/24-07_02_Meranti_Halle_Innen_K.jpg\" target=\"_blank\" rel=\"noopener\"><img loading=\"lazy\" decoding=\"async\" class=\"aligncenter wp-image-17186 size-medium\" src=\"http:\/\/www.pr-neu.de\/newsroom\/wordpress\/wp-content\/uploads\/2024\/09\/24-07_02_Meranti_Halle_Innen_K-300x200.jpg\" alt=\"Das Au\u00dfengel\u00e4nde rund um die Halle ist mit 11.000 m2 etwa so gro\u00df wie 1,5 Fu\u00dfballfelder. Die Innenbepflanzung wurde gemeinsam mit dem Botanischen Garten der Uni M\u00fcnster geplant. Der Zoo Leipzig mit Erfahrung im Bereich gro\u00dfer Tropenhallen stand ebenso mit Rat und Tat zur Seite. Das Ziel war und ist es, ein so nat\u00fcrliches Tropengef\u00fchl wie m\u00f6glich f\u00fcr Tiere und Menschen zu schaffen.\" width=\"300\" height=\"200\" srcset=\"https:\/\/www.pr-neu.de\/newsroom\/wordpress\/wp-content\/uploads\/2024\/09\/24-07_02_Meranti_Halle_Innen_K-300x200.jpg 300w, https:\/\/www.pr-neu.de\/newsroom\/wordpress\/wp-content\/uploads\/2024\/09\/24-07_02_Meranti_Halle_Innen_K-1024x683.jpg 1024w, https:\/\/www.pr-neu.de\/newsroom\/wordpress\/wp-content\/uploads\/2024\/09\/24-07_02_Meranti_Halle_Innen_K-768x512.jpg 768w, https:\/\/www.pr-neu.de\/newsroom\/wordpress\/wp-content\/uploads\/2024\/09\/24-07_02_Meranti_Halle_Innen_K-1536x1024.jpg 1536w, https:\/\/www.pr-neu.de\/newsroom\/wordpress\/wp-content\/uploads\/2024\/09\/24-07_02_Meranti_Halle_Innen_K-2048x1365.jpg 2048w, https:\/\/www.pr-neu.de\/newsroom\/wordpress\/wp-content\/uploads\/2024\/09\/24-07_02_Meranti_Halle_Innen_K-110x73.jpg 110w, https:\/\/www.pr-neu.de\/newsroom\/wordpress\/wp-content\/uploads\/2024\/09\/24-07_02_Meranti_Halle_Innen_K-420x280.jpg 420w, https:\/\/www.pr-neu.de\/newsroom\/wordpress\/wp-content\/uploads\/2024\/09\/24-07_02_Meranti_Halle_Innen_K-645x430.jpg 645w\" sizes=\"auto, (max-width: 300px) 100vw, 300px\" \/><\/a><\/p>\n<p style=\"text-align: center;\">Das Au\u00dfengel\u00e4nde rund um die Halle ist mit 11.000 m2 etwa so gro\u00df wie 1,5 Fu\u00dfballfelder. Die Innenbepflanzung wurde gemeinsam mit dem Botanischen Garten der Uni M\u00fcnster geplant. Der Zoo Leipzig mit Erfahrung f\u00fcr gro\u00dfe Tropenhallen stand ebenso mit Rat und Tat zur Seite. Das Ziel war und ist es, ein so nat\u00fcrliches Tropengef\u00fchl wie m\u00f6glich f\u00fcr Tiere und Menschen zu schaffen.<\/p>\n<p>&nbsp;<\/p>\n<p><a href=\"http:\/\/www.pr-neu.de\/newsroom\/wordpress\/wp-content\/uploads\/2024\/09\/24-07_03_Bruellaffen_K.jpg\" target=\"_blank\" rel=\"noopener\"><img loading=\"lazy\" decoding=\"async\" class=\"aligncenter wp-image-17187 size-medium\" src=\"http:\/\/www.pr-neu.de\/newsroom\/wordpress\/wp-content\/uploads\/2024\/09\/24-07_03_Bruellaffen_K-300x200.jpg\" alt=\"Nicht nur die Br\u00fcllaffen, auch die weiteren tierischen Bewohner sowie ein zentraler Wasserfall sorgen f\u00fcr eine beeindruckende Klangkulisse.\" width=\"300\" height=\"200\" srcset=\"https:\/\/www.pr-neu.de\/newsroom\/wordpress\/wp-content\/uploads\/2024\/09\/24-07_03_Bruellaffen_K-300x200.jpg 300w, https:\/\/www.pr-neu.de\/newsroom\/wordpress\/wp-content\/uploads\/2024\/09\/24-07_03_Bruellaffen_K-1024x683.jpg 1024w, https:\/\/www.pr-neu.de\/newsroom\/wordpress\/wp-content\/uploads\/2024\/09\/24-07_03_Bruellaffen_K-768x512.jpg 768w, https:\/\/www.pr-neu.de\/newsroom\/wordpress\/wp-content\/uploads\/2024\/09\/24-07_03_Bruellaffen_K-1536x1024.jpg 1536w, https:\/\/www.pr-neu.de\/newsroom\/wordpress\/wp-content\/uploads\/2024\/09\/24-07_03_Bruellaffen_K-2048x1365.jpg 2048w, https:\/\/www.pr-neu.de\/newsroom\/wordpress\/wp-content\/uploads\/2024\/09\/24-07_03_Bruellaffen_K-110x73.jpg 110w, https:\/\/www.pr-neu.de\/newsroom\/wordpress\/wp-content\/uploads\/2024\/09\/24-07_03_Bruellaffen_K-420x280.jpg 420w, https:\/\/www.pr-neu.de\/newsroom\/wordpress\/wp-content\/uploads\/2024\/09\/24-07_03_Bruellaffen_K-645x430.jpg 645w\" sizes=\"auto, (max-width: 300px) 100vw, 300px\" \/><\/a><\/p>\n<p><a href=\"http:\/\/www.pr-neu.de\/newsroom\/wordpress\/wp-content\/uploads\/2024\/09\/24-07_04_Roter_Vari_K.jpg\" target=\"_blank\" rel=\"noopener\"><img loading=\"lazy\" decoding=\"async\" class=\"aligncenter wp-image-17188 size-medium\" src=\"http:\/\/www.pr-neu.de\/newsroom\/wordpress\/wp-content\/uploads\/2024\/09\/24-07_04_Roter_Vari_K-300x200.jpg\" alt=\"Nicht nur die Br\u00fcllaffen, auch die weiteren tierischen Bewohner sowie ein zentraler Wasserfall sorgen f\u00fcr eine beeindruckende Klangkulisse.\" width=\"300\" height=\"200\" srcset=\"https:\/\/www.pr-neu.de\/newsroom\/wordpress\/wp-content\/uploads\/2024\/09\/24-07_04_Roter_Vari_K-300x200.jpg 300w, https:\/\/www.pr-neu.de\/newsroom\/wordpress\/wp-content\/uploads\/2024\/09\/24-07_04_Roter_Vari_K-1024x683.jpg 1024w, https:\/\/www.pr-neu.de\/newsroom\/wordpress\/wp-content\/uploads\/2024\/09\/24-07_04_Roter_Vari_K-768x512.jpg 768w, https:\/\/www.pr-neu.de\/newsroom\/wordpress\/wp-content\/uploads\/2024\/09\/24-07_04_Roter_Vari_K-1536x1024.jpg 1536w, https:\/\/www.pr-neu.de\/newsroom\/wordpress\/wp-content\/uploads\/2024\/09\/24-07_04_Roter_Vari_K-2048x1365.jpg 2048w, https:\/\/www.pr-neu.de\/newsroom\/wordpress\/wp-content\/uploads\/2024\/09\/24-07_04_Roter_Vari_K-110x73.jpg 110w, https:\/\/www.pr-neu.de\/newsroom\/wordpress\/wp-content\/uploads\/2024\/09\/24-07_04_Roter_Vari_K-420x280.jpg 420w, https:\/\/www.pr-neu.de\/newsroom\/wordpress\/wp-content\/uploads\/2024\/09\/24-07_04_Roter_Vari_K-645x430.jpg 645w\" sizes=\"auto, (max-width: 300px) 100vw, 300px\" \/><\/a><\/p>\n<p><a href=\"http:\/\/www.pr-neu.de\/newsroom\/wordpress\/wp-content\/uploads\/2024\/09\/24-07_05_Wasserfall_K.jpg\" target=\"_blank\" rel=\"noopener\"><img loading=\"lazy\" decoding=\"async\" class=\"aligncenter wp-image-17189 size-medium\" src=\"http:\/\/www.pr-neu.de\/newsroom\/wordpress\/wp-content\/uploads\/2024\/09\/24-07_05_Wasserfall_K-300x200.jpg\" alt=\"Nicht nur die Br\u00fcllaffen, auch die weiteren tierischen Bewohner sowie ein zentraler Wasserfall sorgen f\u00fcr eine beeindruckende Klangkulisse.\" width=\"300\" height=\"200\" srcset=\"https:\/\/www.pr-neu.de\/newsroom\/wordpress\/wp-content\/uploads\/2024\/09\/24-07_05_Wasserfall_K-300x200.jpg 300w, https:\/\/www.pr-neu.de\/newsroom\/wordpress\/wp-content\/uploads\/2024\/09\/24-07_05_Wasserfall_K-1024x683.jpg 1024w, https:\/\/www.pr-neu.de\/newsroom\/wordpress\/wp-content\/uploads\/2024\/09\/24-07_05_Wasserfall_K-768x512.jpg 768w, https:\/\/www.pr-neu.de\/newsroom\/wordpress\/wp-content\/uploads\/2024\/09\/24-07_05_Wasserfall_K-1536x1024.jpg 1536w, https:\/\/www.pr-neu.de\/newsroom\/wordpress\/wp-content\/uploads\/2024\/09\/24-07_05_Wasserfall_K-2048x1365.jpg 2048w, https:\/\/www.pr-neu.de\/newsroom\/wordpress\/wp-content\/uploads\/2024\/09\/24-07_05_Wasserfall_K-110x73.jpg 110w, https:\/\/www.pr-neu.de\/newsroom\/wordpress\/wp-content\/uploads\/2024\/09\/24-07_05_Wasserfall_K-420x280.jpg 420w, https:\/\/www.pr-neu.de\/newsroom\/wordpress\/wp-content\/uploads\/2024\/09\/24-07_05_Wasserfall_K-645x430.jpg 645w\" sizes=\"auto, (max-width: 300px) 100vw, 300px\" \/><\/a><\/p>\n<p style=\"text-align: center;\">Nicht nur die Br\u00fcllaffen, auch die weiteren tierischen Bewohner sowie ein zentraler Wasserfall sorgen f\u00fcr eine beeindruckende Klangkulisse.<\/p>\n<p>&nbsp;<\/p>\n<p><a href=\"http:\/\/www.pr-neu.de\/newsroom\/wordpress\/wp-content\/uploads\/2024\/09\/24-07_06_Gehege_K.jpg\" target=\"_blank\" rel=\"noopener\"><img loading=\"lazy\" decoding=\"async\" class=\"aligncenter wp-image-17190 size-medium\" src=\"http:\/\/www.pr-neu.de\/newsroom\/wordpress\/wp-content\/uploads\/2024\/09\/24-07_06_Gehege_K-300x200.jpg\" alt=\"Individuell bemalt f\u00fcgt sich das Industrie-Sektionaltor SW 40 mit Schlupft\u00fcr ebenso wie ein Teil der Innen- und Au\u00dfent\u00fcren bestens in die tropische Kulisse aus Wasser, Pflanzen und Steinen ein.\" width=\"300\" height=\"200\" srcset=\"https:\/\/www.pr-neu.de\/newsroom\/wordpress\/wp-content\/uploads\/2024\/09\/24-07_06_Gehege_K-300x200.jpg 300w, https:\/\/www.pr-neu.de\/newsroom\/wordpress\/wp-content\/uploads\/2024\/09\/24-07_06_Gehege_K-1024x683.jpg 1024w, https:\/\/www.pr-neu.de\/newsroom\/wordpress\/wp-content\/uploads\/2024\/09\/24-07_06_Gehege_K-768x512.jpg 768w, https:\/\/www.pr-neu.de\/newsroom\/wordpress\/wp-content\/uploads\/2024\/09\/24-07_06_Gehege_K-1536x1024.jpg 1536w, https:\/\/www.pr-neu.de\/newsroom\/wordpress\/wp-content\/uploads\/2024\/09\/24-07_06_Gehege_K-2048x1365.jpg 2048w, https:\/\/www.pr-neu.de\/newsroom\/wordpress\/wp-content\/uploads\/2024\/09\/24-07_06_Gehege_K-110x73.jpg 110w, https:\/\/www.pr-neu.de\/newsroom\/wordpress\/wp-content\/uploads\/2024\/09\/24-07_06_Gehege_K-420x280.jpg 420w, https:\/\/www.pr-neu.de\/newsroom\/wordpress\/wp-content\/uploads\/2024\/09\/24-07_06_Gehege_K-645x430.jpg 645w\" sizes=\"auto, (max-width: 300px) 100vw, 300px\" \/><\/a><\/p>\n<p><a href=\"http:\/\/www.pr-neu.de\/newsroom\/wordpress\/wp-content\/uploads\/2024\/09\/24-07_07_Sektionaltor_Schlupftuer_offen_K.jpg\" target=\"_blank\" rel=\"noopener\"><img loading=\"lazy\" decoding=\"async\" class=\"aligncenter wp-image-17191 size-medium\" src=\"http:\/\/www.pr-neu.de\/newsroom\/wordpress\/wp-content\/uploads\/2024\/09\/24-07_07_Sektionaltor_Schlupftuer_offen_K-300x200.jpg\" alt=\"Individuell bemalt f\u00fcgt sich das Industrie-Sektionaltor SW 40 mit Schlupft\u00fcr ebenso wie ein Teil der Innen- und Au\u00dfent\u00fcren bestens in die tropische Kulisse aus Wasser, Pflanzen und Steinen ein.\" width=\"300\" height=\"200\" srcset=\"https:\/\/www.pr-neu.de\/newsroom\/wordpress\/wp-content\/uploads\/2024\/09\/24-07_07_Sektionaltor_Schlupftuer_offen_K-300x200.jpg 300w, https:\/\/www.pr-neu.de\/newsroom\/wordpress\/wp-content\/uploads\/2024\/09\/24-07_07_Sektionaltor_Schlupftuer_offen_K-1024x683.jpg 1024w, https:\/\/www.pr-neu.de\/newsroom\/wordpress\/wp-content\/uploads\/2024\/09\/24-07_07_Sektionaltor_Schlupftuer_offen_K-768x512.jpg 768w, https:\/\/www.pr-neu.de\/newsroom\/wordpress\/wp-content\/uploads\/2024\/09\/24-07_07_Sektionaltor_Schlupftuer_offen_K-1536x1024.jpg 1536w, https:\/\/www.pr-neu.de\/newsroom\/wordpress\/wp-content\/uploads\/2024\/09\/24-07_07_Sektionaltor_Schlupftuer_offen_K-2048x1365.jpg 2048w, https:\/\/www.pr-neu.de\/newsroom\/wordpress\/wp-content\/uploads\/2024\/09\/24-07_07_Sektionaltor_Schlupftuer_offen_K-110x73.jpg 110w, https:\/\/www.pr-neu.de\/newsroom\/wordpress\/wp-content\/uploads\/2024\/09\/24-07_07_Sektionaltor_Schlupftuer_offen_K-420x280.jpg 420w, https:\/\/www.pr-neu.de\/newsroom\/wordpress\/wp-content\/uploads\/2024\/09\/24-07_07_Sektionaltor_Schlupftuer_offen_K-645x430.jpg 645w\" sizes=\"auto, (max-width: 300px) 100vw, 300px\" \/><\/a><\/p>\n<p><a href=\"http:\/\/www.pr-neu.de\/newsroom\/wordpress\/wp-content\/uploads\/2024\/09\/24-07_08_Sektionaltor_Schlupftuer_geschlossen_K.jpg\" target=\"_blank\" rel=\"noopener\"><img loading=\"lazy\" decoding=\"async\" class=\"aligncenter wp-image-17192 size-medium\" src=\"http:\/\/www.pr-neu.de\/newsroom\/wordpress\/wp-content\/uploads\/2024\/09\/24-07_08_Sektionaltor_Schlupftuer_geschlossen_K-300x200.jpg\" alt=\"Individuell bemalt f\u00fcgt sich das Industrie-Sektionaltor SW 40 mit Schlupft\u00fcr ebenso wie ein Teil der Innen- und Au\u00dfent\u00fcren bestens in die tropische Kulisse aus Wasser, Pflanzen und Steinen ein.\" width=\"300\" height=\"200\" srcset=\"https:\/\/www.pr-neu.de\/newsroom\/wordpress\/wp-content\/uploads\/2024\/09\/24-07_08_Sektionaltor_Schlupftuer_geschlossen_K-300x200.jpg 300w, https:\/\/www.pr-neu.de\/newsroom\/wordpress\/wp-content\/uploads\/2024\/09\/24-07_08_Sektionaltor_Schlupftuer_geschlossen_K-1024x683.jpg 1024w, https:\/\/www.pr-neu.de\/newsroom\/wordpress\/wp-content\/uploads\/2024\/09\/24-07_08_Sektionaltor_Schlupftuer_geschlossen_K-768x512.jpg 768w, https:\/\/www.pr-neu.de\/newsroom\/wordpress\/wp-content\/uploads\/2024\/09\/24-07_08_Sektionaltor_Schlupftuer_geschlossen_K-1536x1024.jpg 1536w, https:\/\/www.pr-neu.de\/newsroom\/wordpress\/wp-content\/uploads\/2024\/09\/24-07_08_Sektionaltor_Schlupftuer_geschlossen_K-2048x1365.jpg 2048w, https:\/\/www.pr-neu.de\/newsroom\/wordpress\/wp-content\/uploads\/2024\/09\/24-07_08_Sektionaltor_Schlupftuer_geschlossen_K-110x73.jpg 110w, https:\/\/www.pr-neu.de\/newsroom\/wordpress\/wp-content\/uploads\/2024\/09\/24-07_08_Sektionaltor_Schlupftuer_geschlossen_K-420x280.jpg 420w, https:\/\/www.pr-neu.de\/newsroom\/wordpress\/wp-content\/uploads\/2024\/09\/24-07_08_Sektionaltor_Schlupftuer_geschlossen_K-645x430.jpg 645w\" sizes=\"auto, (max-width: 300px) 100vw, 300px\" \/><\/a><\/p>\n<p style=\"text-align: center;\">Individuell bemalt f\u00fcgt sich das Industrie-Sektionaltor SW 40 mit Schlupft\u00fcr ebenso wie ein Teil der Innen- und Au\u00dfent\u00fcren harmonisch in die tropische Kulisse aus Wasser, Pflanzen und Steinen ein.<\/p>\n<p>&nbsp;<\/p>\n<p><a href=\"http:\/\/www.pr-neu.de\/newsroom\/wordpress\/wp-content\/uploads\/2024\/09\/24-07_09_Technikraum_K.jpg\" target=\"_blank\" rel=\"noopener\"><img loading=\"lazy\" decoding=\"async\" class=\"aligncenter wp-image-17193 size-medium\" src=\"http:\/\/www.pr-neu.de\/newsroom\/wordpress\/wp-content\/uploads\/2024\/09\/24-07_09_Technikraum_K-300x200.jpg\" alt=\"T\u00fcren in Fluchtwegen m\u00fcssen immer zu \u00f6ffnen sein, selbst wenn die T\u00fcren von au\u00dfen verschlossen sind. Daf\u00fcr sorgen die entsprechenden Schl\u00f6sser mit Panikfunktion. Die Au\u00dfen-Feuerschutzt\u00fcren sind teilweise zus\u00e4tzlich mit Rauchschutz ausgestattet (EI\u208230-C5-S\u2082\u2080\u2080). F\u00fcr die Dichtigkeit sorgt eine absenkbare Bodendichtung.\" width=\"300\" height=\"200\" srcset=\"https:\/\/www.pr-neu.de\/newsroom\/wordpress\/wp-content\/uploads\/2024\/09\/24-07_09_Technikraum_K-300x200.jpg 300w, https:\/\/www.pr-neu.de\/newsroom\/wordpress\/wp-content\/uploads\/2024\/09\/24-07_09_Technikraum_K-1024x683.jpg 1024w, https:\/\/www.pr-neu.de\/newsroom\/wordpress\/wp-content\/uploads\/2024\/09\/24-07_09_Technikraum_K-768x512.jpg 768w, https:\/\/www.pr-neu.de\/newsroom\/wordpress\/wp-content\/uploads\/2024\/09\/24-07_09_Technikraum_K-1536x1024.jpg 1536w, https:\/\/www.pr-neu.de\/newsroom\/wordpress\/wp-content\/uploads\/2024\/09\/24-07_09_Technikraum_K-2048x1365.jpg 2048w, https:\/\/www.pr-neu.de\/newsroom\/wordpress\/wp-content\/uploads\/2024\/09\/24-07_09_Technikraum_K-110x73.jpg 110w, https:\/\/www.pr-neu.de\/newsroom\/wordpress\/wp-content\/uploads\/2024\/09\/24-07_09_Technikraum_K-420x280.jpg 420w, https:\/\/www.pr-neu.de\/newsroom\/wordpress\/wp-content\/uploads\/2024\/09\/24-07_09_Technikraum_K-645x430.jpg 645w\" sizes=\"auto, (max-width: 300px) 100vw, 300px\" \/><\/a><\/p>\n<p style=\"text-align: center;\">T\u00fcren in Fluchtwegen m\u00fcssen immer zu \u00f6ffnen sein, selbst wenn die T\u00fcren von au\u00dfen verschlossen sind. Daf\u00fcr sorgen die entsprechenden Schl\u00f6sser mit Panikfunktion. Die Au\u00dfen-Feuerschutzt\u00fcren sind teilweise zus\u00e4tzlich mit Rauchschutz ausgestattet (EI\u208230-C5-S\u2082\u2080\u2080). F\u00fcr die Dichtigkeit sorgt eine absenkbare Bodendichtung.<\/p>\n<p>&nbsp;<\/p>\n<p><a href=\"http:\/\/www.pr-neu.de\/newsroom\/wordpress\/wp-content\/uploads\/2024\/09\/24-07_10_Technikraum_Tuer_K.jpg\" target=\"_blank\" rel=\"noopener\"><img loading=\"lazy\" decoding=\"async\" class=\"aligncenter wp-image-17194 size-medium\" src=\"http:\/\/www.pr-neu.de\/newsroom\/wordpress\/wp-content\/uploads\/2024\/09\/24-07_10_Technikraum_Tuer_K-300x200.jpg\" alt=\"Bei den Zug\u00e4ngen zu den Technikr\u00e4umen sowie zu den Tierbereichen kommen Stahlt\u00fcren in RAL 7016 in verschiedenen Ausf\u00fchrungen (dw 62, EI\u208230-C5) zum Einsatz. In den Tierbereichen sorgen Verglasungselemente und Oberblenden f\u00fcr einen zus\u00e4tzlichen Lichteinfall bzw. den n\u00f6tigen Sichtkontakt vor Betreten eines Geheges.\" width=\"300\" height=\"200\" srcset=\"https:\/\/www.pr-neu.de\/newsroom\/wordpress\/wp-content\/uploads\/2024\/09\/24-07_10_Technikraum_Tuer_K-300x200.jpg 300w, https:\/\/www.pr-neu.de\/newsroom\/wordpress\/wp-content\/uploads\/2024\/09\/24-07_10_Technikraum_Tuer_K-1024x683.jpg 1024w, https:\/\/www.pr-neu.de\/newsroom\/wordpress\/wp-content\/uploads\/2024\/09\/24-07_10_Technikraum_Tuer_K-768x512.jpg 768w, https:\/\/www.pr-neu.de\/newsroom\/wordpress\/wp-content\/uploads\/2024\/09\/24-07_10_Technikraum_Tuer_K-1536x1024.jpg 1536w, https:\/\/www.pr-neu.de\/newsroom\/wordpress\/wp-content\/uploads\/2024\/09\/24-07_10_Technikraum_Tuer_K-2048x1365.jpg 2048w, https:\/\/www.pr-neu.de\/newsroom\/wordpress\/wp-content\/uploads\/2024\/09\/24-07_10_Technikraum_Tuer_K-110x73.jpg 110w, https:\/\/www.pr-neu.de\/newsroom\/wordpress\/wp-content\/uploads\/2024\/09\/24-07_10_Technikraum_Tuer_K-420x280.jpg 420w, https:\/\/www.pr-neu.de\/newsroom\/wordpress\/wp-content\/uploads\/2024\/09\/24-07_10_Technikraum_Tuer_K-645x430.jpg 645w\" sizes=\"auto, (max-width: 300px) 100vw, 300px\" \/><\/a><\/p>\n<p><a href=\"http:\/\/www.pr-neu.de\/newsroom\/wordpress\/wp-content\/uploads\/2024\/09\/24-07_11_Tuer_mit_Glaseinsatz_K.jpg\" target=\"_blank\" rel=\"noopener\"><img loading=\"lazy\" decoding=\"async\" class=\"aligncenter wp-image-17195 size-medium\" src=\"http:\/\/www.pr-neu.de\/newsroom\/wordpress\/wp-content\/uploads\/2024\/09\/24-07_11_Tuer_mit_Glaseinsatz_K-300x200.jpg\" alt=\"Bei den Zug\u00e4ngen zu den Technikr\u00e4umen sowie zu den Tierbereichen kommen Stahlt\u00fcren in RAL 7016 in verschiedenen Ausf\u00fchrungen (dw 62, EI\u208230-C5) zum Einsatz. In den Tierbereichen sorgen Verglasungselemente und Oberblenden f\u00fcr einen zus\u00e4tzlichen Lichteinfall bzw. den n\u00f6tigen Sichtkontakt vor Betreten eines Geheges.\" width=\"300\" height=\"200\" srcset=\"https:\/\/www.pr-neu.de\/newsroom\/wordpress\/wp-content\/uploads\/2024\/09\/24-07_11_Tuer_mit_Glaseinsatz_K-300x200.jpg 300w, https:\/\/www.pr-neu.de\/newsroom\/wordpress\/wp-content\/uploads\/2024\/09\/24-07_11_Tuer_mit_Glaseinsatz_K-1024x683.jpg 1024w, https:\/\/www.pr-neu.de\/newsroom\/wordpress\/wp-content\/uploads\/2024\/09\/24-07_11_Tuer_mit_Glaseinsatz_K-768x512.jpg 768w, https:\/\/www.pr-neu.de\/newsroom\/wordpress\/wp-content\/uploads\/2024\/09\/24-07_11_Tuer_mit_Glaseinsatz_K-1536x1024.jpg 1536w, https:\/\/www.pr-neu.de\/newsroom\/wordpress\/wp-content\/uploads\/2024\/09\/24-07_11_Tuer_mit_Glaseinsatz_K-2048x1365.jpg 2048w, https:\/\/www.pr-neu.de\/newsroom\/wordpress\/wp-content\/uploads\/2024\/09\/24-07_11_Tuer_mit_Glaseinsatz_K-110x73.jpg 110w, https:\/\/www.pr-neu.de\/newsroom\/wordpress\/wp-content\/uploads\/2024\/09\/24-07_11_Tuer_mit_Glaseinsatz_K-420x280.jpg 420w, https:\/\/www.pr-neu.de\/newsroom\/wordpress\/wp-content\/uploads\/2024\/09\/24-07_11_Tuer_mit_Glaseinsatz_K-645x430.jpg 645w\" sizes=\"auto, (max-width: 300px) 100vw, 300px\" \/><\/a><\/p>\n<p style=\"text-align: center;\">Bei den Zug\u00e4ngen zu den Technikr\u00e4umen sowie zu den Tierbereichen kommen Stahlt\u00fcren in RAL 7016 in verschiedenen Ausf\u00fchrungen (dw 62, EI\u208230-C5) zum Einsatz. In den Tiergehegen sorgen Verglasungselemente und Oberblenden f\u00fcr einen zus\u00e4tzlichen Lichteinfall bzw. den n\u00f6tigen Sichtkontakt vor Betreten eines Geheges.<\/p>\n<p style=\"text-align: center;\">Alle Bilder: Matthias Groppe \/ Teckentrup<\/p>\n<p>&nbsp;<\/p>\n<hr \/>\n<p>&nbsp;<\/p>\n<p>Abdruck honorarfrei, Belegexemplar erbeten<\/p>\n","protected":false},"excerpt":{"rendered":"<p>Ein Dschungel-Abenteuer auf mehr als 4000 Quadratmetern erstreckt sich seit Neuestem im Allwetterzoo in M\u00fcnster. Bereits von au\u00dfen besticht die Halle durch die enorme Folienkuppel, die 16 Meter in die H\u00f6he ragt.<\/p>\n","protected":false},"author":9,"featured_media":17191,"comment_status":"closed","ping_status":"open","sticky":false,"template":"","format":"standard","meta":{"footnotes":""},"categories":[18],"tags":[3166,2734,3168,3172,3044,3170,565,577,589,3164],"class_list":["post-17184","post","type-post","status-publish","format-standard","has-post-thumbnail","hentry","category-teckentrup","tag-allwetterzoo","tag-brandschutztuer","tag-dschungel","tag-gehege","tag-muenster","tag-sicherheitstuer","tag-teckentrup","tag-tor","tag-tur","tag-zoo"],"_links":{"self":[{"href":"https:\/\/www.pr-neu.de\/newsroom\/wp-json\/wp\/v2\/posts\/17184","targetHints":{"allow":["GET"]}}],"collection":[{"href":"https:\/\/www.pr-neu.de\/newsroom\/wp-json\/wp\/v2\/posts"}],"about":[{"href":"https:\/\/www.pr-neu.de\/newsroom\/wp-json\/wp\/v2\/types\/post"}],"author":[{"embeddable":true,"href":"https:\/\/www.pr-neu.de\/newsroom\/wp-json\/wp\/v2\/users\/9"}],"replies":[{"embeddable":true,"href":"https:\/\/www.pr-neu.de\/newsroom\/wp-json\/wp\/v2\/comments?post=17184"}],"version-history":[{"count":3,"href":"https:\/\/www.pr-neu.de\/newsroom\/wp-json\/wp\/v2\/posts\/17184\/revisions"}],"predecessor-version":[{"id":17198,"href":"https:\/\/www.pr-neu.de\/newsroom\/wp-json\/wp\/v2\/posts\/17184\/revisions\/17198"}],"wp:featuredmedia":[{"embeddable":true,"href":"https:\/\/www.pr-neu.de\/newsroom\/wp-json\/wp\/v2\/media\/17191"}],"wp:attachment":[{"href":"https:\/\/www.pr-neu.de\/newsroom\/wp-json\/wp\/v2\/media?parent=17184"}],"wp:term":[{"taxonomy":"category","embeddable":true,"href":"https:\/\/www.pr-neu.de\/newsroom\/wp-json\/wp\/v2\/categories?post=17184"},{"taxonomy":"post_tag","embeddable":true,"href":"https:\/\/www.pr-neu.de\/newsroom\/wp-json\/wp\/v2\/tags?post=17184"}],"curies":[{"name":"wp","href":"https:\/\/api.w.org\/{rel}","templated":true}]}}