{"id":17174,"date":"2024-09-16T08:10:30","date_gmt":"2024-09-16T06:10:30","guid":{"rendered":"https:\/\/www.pr-neu.de\/newsroom\/?p=17174"},"modified":"2026-01-13T16:17:31","modified_gmt":"2026-01-13T15:17:31","slug":"der-weg-eines-lamellendachs-von-der-fertigung-bis-zur-montage","status":"publish","type":"post","link":"https:\/\/www.pr-neu.de\/newsroom\/der-weg-eines-lamellendachs-von-der-fertigung-bis-zur-montage\/","title":{"rendered":"Der Weg eines Lamellendachs von der Fertigung bis zur Montage"},"content":{"rendered":"<p><u>TS-Aluminium: Montage-Praxis<\/u><\/p>\n<p><strong>Jedes Lamellendach-Projekt ist einzigartig \u2013 wie auch die Herausforderungen beim Aufbau. TS-Aluminium unterst\u00fctzt Montagebetriebe von der Planung bis zur Baustelle \u2013 unter anderem mit vorkonfektionierten Baus\u00e4tzen und Statik-Berechnungen. Die Reportage zeigt den Weg des Lamellendaches von der Fertigung bis zur Montage.<\/strong><\/p>\n<p>TS-Aluminium gestaltet seine vorgefertigten Bauteile so montagefreundlich wie m\u00f6glich, mit leicht erreichbaren Verschraub-Punkten, Anschl\u00fcssen und Abdeckungen, alles erkl\u00e4rt in einer Schritt-f\u00fcr-Schritt-Anleitung. Durch die werkseitige Vormontage entfallen sogar auf der Baustelle besonders aufw\u00e4ndige Montageschritte, so dass der Aufbau schnell und effizient erfolgt. Die neue Eckverbindung Ausf\u00fchrung B erleichtert die Montage zus\u00e4tzlich: Die seitlichen Rahmenelemente der Konstruktion und die St\u00fctzen lassen sich mit wenigen, leicht erreichbaren Verschraub-Punkten verbinden.<\/p>\n<p>Mit einer Tragf\u00e4higkeit von bis zu 350 Kilogramm\/Quadratmeter ist das Lamellendach von TS-Aluminium au\u00dfergew\u00f6hnlich hoch belastbar und bietet so selbst in schneereichen Gebieten hohe Sicherheit. Aufgrund dieser Statik ist es nicht nur als Beschattung, sondern auch als Dach nutzbar. Die bis 135 Grad drehbaren Lamellen regulieren Licht, Schatten und nat\u00fcrliche Bel\u00fcftung \u2013 ganz nach Wunsch, bequem per App oder Fernbedienung steuerbar.<\/p>\n<p><strong>Der Weg vom Werk bis zum Montageort<\/strong><\/p>\n<p><strong>1. Vorbereitung und Zuschnitt<\/strong><br \/>\n(24-08_Zuschnitt_Vorbereitung)<br \/>\n<a href=\"http:\/\/www.pr-neu.de\/newsroom\/wordpress\/wp-content\/uploads\/2024\/08\/24-08_Zuschnitt_Vorbereitung_K.jpg\" target=\"_blank\" rel=\"noopener\"><img loading=\"lazy\" decoding=\"async\" class=\"alignnone wp-image-17047 size-medium\" src=\"http:\/\/www.pr-neu.de\/newsroom\/wordpress\/wp-content\/uploads\/2024\/08\/24-08_Zuschnitt_Vorbereitung_K-300x200.jpg\" alt=\"Im TS-Aluminium Werk in Gro\u00dfefehn wird der Lamellendach-Bausatz vorbereitet.\" width=\"300\" height=\"200\" srcset=\"https:\/\/www.pr-neu.de\/newsroom\/wordpress\/wp-content\/uploads\/2024\/08\/24-08_Zuschnitt_Vorbereitung_K-300x200.jpg 300w, https:\/\/www.pr-neu.de\/newsroom\/wordpress\/wp-content\/uploads\/2024\/08\/24-08_Zuschnitt_Vorbereitung_K-1024x683.jpg 1024w, https:\/\/www.pr-neu.de\/newsroom\/wordpress\/wp-content\/uploads\/2024\/08\/24-08_Zuschnitt_Vorbereitung_K-768x512.jpg 768w, https:\/\/www.pr-neu.de\/newsroom\/wordpress\/wp-content\/uploads\/2024\/08\/24-08_Zuschnitt_Vorbereitung_K-1536x1024.jpg 1536w, https:\/\/www.pr-neu.de\/newsroom\/wordpress\/wp-content\/uploads\/2024\/08\/24-08_Zuschnitt_Vorbereitung_K-2048x1365.jpg 2048w, https:\/\/www.pr-neu.de\/newsroom\/wordpress\/wp-content\/uploads\/2024\/08\/24-08_Zuschnitt_Vorbereitung_K-110x73.jpg 110w, https:\/\/www.pr-neu.de\/newsroom\/wordpress\/wp-content\/uploads\/2024\/08\/24-08_Zuschnitt_Vorbereitung_K-420x280.jpg 420w, https:\/\/www.pr-neu.de\/newsroom\/wordpress\/wp-content\/uploads\/2024\/08\/24-08_Zuschnitt_Vorbereitung_K-645x430.jpg 645w\" sizes=\"auto, (max-width: 300px) 100vw, 300px\" \/><\/a><\/p>\n<p>Im TS-Aluminium Werk in Gro\u00dfefehn wird das Lamellendach vorbereitet.<\/p>\n<p>(24-08_Maschine_Zuschnitt) (24-08_Maschine_Bohrung)<br \/>\n<a href=\"http:\/\/www.pr-neu.de\/newsroom\/wordpress\/wp-content\/uploads\/2024\/08\/24-08_Maschine_Zuschnitt_K.jpg\" target=\"_blank\" rel=\"noopener\"><img loading=\"lazy\" decoding=\"async\" class=\"alignnone wp-image-17058 size-medium\" src=\"http:\/\/www.pr-neu.de\/newsroom\/wordpress\/wp-content\/uploads\/2024\/08\/24-08_Maschine_Zuschnitt_K-300x200.jpg\" alt=\"Eine CNC-Maschine schneidet die Bauteile gem\u00e4\u00df den Projektvorgaben zu und bohrt die entsprechenden L\u00f6cher pr\u00e4zise vor, Gehrungsschnitte sind kein Problem.\" width=\"300\" height=\"200\" srcset=\"https:\/\/www.pr-neu.de\/newsroom\/wordpress\/wp-content\/uploads\/2024\/08\/24-08_Maschine_Zuschnitt_K-300x200.jpg 300w, https:\/\/www.pr-neu.de\/newsroom\/wordpress\/wp-content\/uploads\/2024\/08\/24-08_Maschine_Zuschnitt_K-1024x683.jpg 1024w, https:\/\/www.pr-neu.de\/newsroom\/wordpress\/wp-content\/uploads\/2024\/08\/24-08_Maschine_Zuschnitt_K-768x512.jpg 768w, https:\/\/www.pr-neu.de\/newsroom\/wordpress\/wp-content\/uploads\/2024\/08\/24-08_Maschine_Zuschnitt_K-1536x1024.jpg 1536w, https:\/\/www.pr-neu.de\/newsroom\/wordpress\/wp-content\/uploads\/2024\/08\/24-08_Maschine_Zuschnitt_K-2048x1365.jpg 2048w, https:\/\/www.pr-neu.de\/newsroom\/wordpress\/wp-content\/uploads\/2024\/08\/24-08_Maschine_Zuschnitt_K-110x73.jpg 110w, https:\/\/www.pr-neu.de\/newsroom\/wordpress\/wp-content\/uploads\/2024\/08\/24-08_Maschine_Zuschnitt_K-420x280.jpg 420w, https:\/\/www.pr-neu.de\/newsroom\/wordpress\/wp-content\/uploads\/2024\/08\/24-08_Maschine_Zuschnitt_K-645x430.jpg 645w\" sizes=\"auto, (max-width: 300px) 100vw, 300px\" \/><\/a> <a href=\"http:\/\/www.pr-neu.de\/newsroom\/wordpress\/wp-content\/uploads\/2024\/08\/24-08_Maschine_Bohrung_K.jpg\"><img loading=\"lazy\" decoding=\"async\" class=\"size-medium wp-image-17057 alignnone\" src=\"http:\/\/www.pr-neu.de\/newsroom\/wordpress\/wp-content\/uploads\/2024\/08\/24-08_Maschine_Bohrung_K-300x200.jpg\" alt=\"Eine CNC-Maschine schneidet die Bauteile gem\u00e4\u00df den Projektvorgaben zu und bohrt die entsprechenden L\u00f6cher pr\u00e4zise vor, Gehrungsschnitte sind kein Problem.\" width=\"300\" height=\"200\" srcset=\"https:\/\/www.pr-neu.de\/newsroom\/wordpress\/wp-content\/uploads\/2024\/08\/24-08_Maschine_Bohrung_K-300x200.jpg 300w, https:\/\/www.pr-neu.de\/newsroom\/wordpress\/wp-content\/uploads\/2024\/08\/24-08_Maschine_Bohrung_K-1024x683.jpg 1024w, https:\/\/www.pr-neu.de\/newsroom\/wordpress\/wp-content\/uploads\/2024\/08\/24-08_Maschine_Bohrung_K-768x512.jpg 768w, https:\/\/www.pr-neu.de\/newsroom\/wordpress\/wp-content\/uploads\/2024\/08\/24-08_Maschine_Bohrung_K-1536x1024.jpg 1536w, https:\/\/www.pr-neu.de\/newsroom\/wordpress\/wp-content\/uploads\/2024\/08\/24-08_Maschine_Bohrung_K-2048x1365.jpg 2048w, https:\/\/www.pr-neu.de\/newsroom\/wordpress\/wp-content\/uploads\/2024\/08\/24-08_Maschine_Bohrung_K-110x73.jpg 110w, https:\/\/www.pr-neu.de\/newsroom\/wordpress\/wp-content\/uploads\/2024\/08\/24-08_Maschine_Bohrung_K-420x280.jpg 420w, https:\/\/www.pr-neu.de\/newsroom\/wordpress\/wp-content\/uploads\/2024\/08\/24-08_Maschine_Bohrung_K-645x430.jpg 645w\" sizes=\"auto, (max-width: 300px) 100vw, 300px\" \/><\/a><\/p>\n<p>Ein Stabbearbeitungszentrum schneidet die Bauteile gem\u00e4\u00df den individuellen Projektvorgaben zu und bohrt die entsprechenden L\u00f6cher pr\u00e4zise vor, Gehrungsschnitte sind kein Problem.<\/p>\n<p>(24-08_Bauteil_zugeschnitten)<br \/>\n<a href=\"http:\/\/www.pr-neu.de\/newsroom\/wordpress\/wp-content\/uploads\/2024\/08\/24-08_Bauteil_zugeschnitten_K.jpg\" target=\"_blank\" rel=\"noopener\"><img loading=\"lazy\" decoding=\"async\" class=\"alignnone wp-image-17048 size-medium\" src=\"http:\/\/www.pr-neu.de\/newsroom\/wordpress\/wp-content\/uploads\/2024\/08\/24-08_Bauteil_zugeschnitten_K-300x200.jpg\" alt=\"Das Ergebnis sind montagefertige Bauteile \u2013 Zuschnitt- oder Bohrwerkzeuge sind f\u00fcr den Monteur nicht n\u00f6tig.\" width=\"300\" height=\"200\" srcset=\"https:\/\/www.pr-neu.de\/newsroom\/wordpress\/wp-content\/uploads\/2024\/08\/24-08_Bauteil_zugeschnitten_K-300x200.jpg 300w, https:\/\/www.pr-neu.de\/newsroom\/wordpress\/wp-content\/uploads\/2024\/08\/24-08_Bauteil_zugeschnitten_K-1024x683.jpg 1024w, https:\/\/www.pr-neu.de\/newsroom\/wordpress\/wp-content\/uploads\/2024\/08\/24-08_Bauteil_zugeschnitten_K-768x512.jpg 768w, https:\/\/www.pr-neu.de\/newsroom\/wordpress\/wp-content\/uploads\/2024\/08\/24-08_Bauteil_zugeschnitten_K-1536x1024.jpg 1536w, https:\/\/www.pr-neu.de\/newsroom\/wordpress\/wp-content\/uploads\/2024\/08\/24-08_Bauteil_zugeschnitten_K-2048x1365.jpg 2048w, https:\/\/www.pr-neu.de\/newsroom\/wordpress\/wp-content\/uploads\/2024\/08\/24-08_Bauteil_zugeschnitten_K-110x73.jpg 110w, https:\/\/www.pr-neu.de\/newsroom\/wordpress\/wp-content\/uploads\/2024\/08\/24-08_Bauteil_zugeschnitten_K-420x280.jpg 420w, https:\/\/www.pr-neu.de\/newsroom\/wordpress\/wp-content\/uploads\/2024\/08\/24-08_Bauteil_zugeschnitten_K-645x430.jpg 645w\" sizes=\"auto, (max-width: 300px) 100vw, 300px\" \/><\/a><\/p>\n<p>Das Ergebnis sind montagefertige Bauteile \u2013 Zuschnitt- oder Bohrwerkzeuge sind f\u00fcr den Monteur nicht n\u00f6tig und erleichtern so die Montage vor Ort.<\/p>\n<p><strong>2. Die Lamellen und ihre Steuerung<\/strong><br \/>\n(24-08_Lamellen_Transport) (24-08_Lamelle_Beispiel)<br \/>\n<a href=\"http:\/\/www.pr-neu.de\/newsroom\/wordpress\/wp-content\/uploads\/2024\/08\/24-08_Lamellen_Transport_K.jpg\" target=\"_blank\" rel=\"noopener\"><img loading=\"lazy\" decoding=\"async\" class=\"alignnone wp-image-17054 size-medium\" src=\"http:\/\/www.pr-neu.de\/newsroom\/wordpress\/wp-content\/uploads\/2024\/08\/24-08_Lamellen_Transport_K-200x300.jpg\" alt=\"Die einzelnen Lamellen sind bereits ab Werk mit der Drehvorrichtung und der Verkabelung f\u00fcr die optionalen Strahler versehen.\" width=\"200\" height=\"300\" srcset=\"https:\/\/www.pr-neu.de\/newsroom\/wordpress\/wp-content\/uploads\/2024\/08\/24-08_Lamellen_Transport_K-200x300.jpg 200w, https:\/\/www.pr-neu.de\/newsroom\/wordpress\/wp-content\/uploads\/2024\/08\/24-08_Lamellen_Transport_K-683x1024.jpg 683w, https:\/\/www.pr-neu.de\/newsroom\/wordpress\/wp-content\/uploads\/2024\/08\/24-08_Lamellen_Transport_K-768x1152.jpg 768w, https:\/\/www.pr-neu.de\/newsroom\/wordpress\/wp-content\/uploads\/2024\/08\/24-08_Lamellen_Transport_K-1024x1536.jpg 1024w, https:\/\/www.pr-neu.de\/newsroom\/wordpress\/wp-content\/uploads\/2024\/08\/24-08_Lamellen_Transport_K-1365x2048.jpg 1365w, https:\/\/www.pr-neu.de\/newsroom\/wordpress\/wp-content\/uploads\/2024\/08\/24-08_Lamellen_Transport_K-73x110.jpg 73w, https:\/\/www.pr-neu.de\/newsroom\/wordpress\/wp-content\/uploads\/2024\/08\/24-08_Lamellen_Transport_K-280x420.jpg 280w, https:\/\/www.pr-neu.de\/newsroom\/wordpress\/wp-content\/uploads\/2024\/08\/24-08_Lamellen_Transport_K-287x430.jpg 287w, https:\/\/www.pr-neu.de\/newsroom\/wordpress\/wp-content\/uploads\/2024\/08\/24-08_Lamellen_Transport_K.jpg 1600w\" sizes=\"auto, (max-width: 200px) 100vw, 200px\" \/><\/a> <a href=\"http:\/\/www.pr-neu.de\/newsroom\/wordpress\/wp-content\/uploads\/2024\/09\/24-08_Lamelle_Beispiel_K.jpg\"><img loading=\"lazy\" decoding=\"async\" class=\"size-medium wp-image-17175 alignnone\" src=\"http:\/\/www.pr-neu.de\/newsroom\/wordpress\/wp-content\/uploads\/2024\/09\/24-08_Lamelle_Beispiel_K-300x200.jpg\" alt=\"Die einzelnen Lamellen sind bereits ab Werk mit der Drehvorrichtung und der Verkabelung f\u00fcr die optionalen Strahler versehen.\" width=\"300\" height=\"200\" srcset=\"https:\/\/www.pr-neu.de\/newsroom\/wordpress\/wp-content\/uploads\/2024\/09\/24-08_Lamelle_Beispiel_K-300x200.jpg 300w, https:\/\/www.pr-neu.de\/newsroom\/wordpress\/wp-content\/uploads\/2024\/09\/24-08_Lamelle_Beispiel_K-1024x683.jpg 1024w, https:\/\/www.pr-neu.de\/newsroom\/wordpress\/wp-content\/uploads\/2024\/09\/24-08_Lamelle_Beispiel_K-768x512.jpg 768w, https:\/\/www.pr-neu.de\/newsroom\/wordpress\/wp-content\/uploads\/2024\/09\/24-08_Lamelle_Beispiel_K-1536x1024.jpg 1536w, https:\/\/www.pr-neu.de\/newsroom\/wordpress\/wp-content\/uploads\/2024\/09\/24-08_Lamelle_Beispiel_K-2048x1365.jpg 2048w, https:\/\/www.pr-neu.de\/newsroom\/wordpress\/wp-content\/uploads\/2024\/09\/24-08_Lamelle_Beispiel_K-110x73.jpg 110w, https:\/\/www.pr-neu.de\/newsroom\/wordpress\/wp-content\/uploads\/2024\/09\/24-08_Lamelle_Beispiel_K-420x280.jpg 420w, https:\/\/www.pr-neu.de\/newsroom\/wordpress\/wp-content\/uploads\/2024\/09\/24-08_Lamelle_Beispiel_K-645x430.jpg 645w\" sizes=\"auto, (max-width: 300px) 100vw, 300px\" \/><\/a><\/p>\n<p>Die einzelnen Lamellen sind ab Werk mit den Achsen und der Verkabelung f\u00fcr die optionalen Strahler versehen und werden sicher verpackt geliefert.<\/p>\n<p>(24-08_Motor_Lamellensteuerung) (24-08_Motor_Kabel)<br \/>\n<a href=\"http:\/\/www.pr-neu.de\/newsroom\/wordpress\/wp-content\/uploads\/2024\/08\/24-08_Motor_Lamellensteuerung_K.jpg\" target=\"_blank\" rel=\"noopener\"><img loading=\"lazy\" decoding=\"async\" class=\"alignnone wp-image-17043 size-medium\" src=\"http:\/\/www.pr-neu.de\/newsroom\/wordpress\/wp-content\/uploads\/2024\/08\/24-08_Motor_Lamellensteuerung_K-300x200.jpg\" alt=\"Der Motor f\u00fcr die Lamellensteuerung ist bei der Lieferung bereits in einem der seitlichen Rahmenelemente verbaut.\" width=\"300\" height=\"200\" srcset=\"https:\/\/www.pr-neu.de\/newsroom\/wordpress\/wp-content\/uploads\/2024\/08\/24-08_Motor_Lamellensteuerung_K-300x200.jpg 300w, https:\/\/www.pr-neu.de\/newsroom\/wordpress\/wp-content\/uploads\/2024\/08\/24-08_Motor_Lamellensteuerung_K-1024x683.jpg 1024w, https:\/\/www.pr-neu.de\/newsroom\/wordpress\/wp-content\/uploads\/2024\/08\/24-08_Motor_Lamellensteuerung_K-768x512.jpg 768w, https:\/\/www.pr-neu.de\/newsroom\/wordpress\/wp-content\/uploads\/2024\/08\/24-08_Motor_Lamellensteuerung_K-1536x1024.jpg 1536w, https:\/\/www.pr-neu.de\/newsroom\/wordpress\/wp-content\/uploads\/2024\/08\/24-08_Motor_Lamellensteuerung_K-2048x1365.jpg 2048w, https:\/\/www.pr-neu.de\/newsroom\/wordpress\/wp-content\/uploads\/2024\/08\/24-08_Motor_Lamellensteuerung_K-110x73.jpg 110w, https:\/\/www.pr-neu.de\/newsroom\/wordpress\/wp-content\/uploads\/2024\/08\/24-08_Motor_Lamellensteuerung_K-420x280.jpg 420w, https:\/\/www.pr-neu.de\/newsroom\/wordpress\/wp-content\/uploads\/2024\/08\/24-08_Motor_Lamellensteuerung_K-645x430.jpg 645w\" sizes=\"auto, (max-width: 300px) 100vw, 300px\" \/><\/a><\/p>\n<p><a href=\"http:\/\/www.pr-neu.de\/newsroom\/wordpress\/wp-content\/uploads\/2024\/08\/24-08_Motor_Kabel_K.jpg\" target=\"_blank\" rel=\"noopener\"><img loading=\"lazy\" decoding=\"async\" class=\"alignnone wp-image-17061 size-medium\" src=\"http:\/\/www.pr-neu.de\/newsroom\/wordpress\/wp-content\/uploads\/2024\/08\/24-08_Motor_Kabel_K-300x200.jpg\" alt=\"Auch die Kabel sind bereits mit den entsprechenden Ger\u00e4ten verbunden. Einziger Arbeitsschritt vor Ort ist der Anschluss an das E-Board.\" width=\"300\" height=\"200\" srcset=\"https:\/\/www.pr-neu.de\/newsroom\/wordpress\/wp-content\/uploads\/2024\/08\/24-08_Motor_Kabel_K-300x200.jpg 300w, https:\/\/www.pr-neu.de\/newsroom\/wordpress\/wp-content\/uploads\/2024\/08\/24-08_Motor_Kabel_K-1024x683.jpg 1024w, https:\/\/www.pr-neu.de\/newsroom\/wordpress\/wp-content\/uploads\/2024\/08\/24-08_Motor_Kabel_K-768x512.jpg 768w, https:\/\/www.pr-neu.de\/newsroom\/wordpress\/wp-content\/uploads\/2024\/08\/24-08_Motor_Kabel_K-1536x1024.jpg 1536w, https:\/\/www.pr-neu.de\/newsroom\/wordpress\/wp-content\/uploads\/2024\/08\/24-08_Motor_Kabel_K-2048x1365.jpg 2048w, https:\/\/www.pr-neu.de\/newsroom\/wordpress\/wp-content\/uploads\/2024\/08\/24-08_Motor_Kabel_K-110x73.jpg 110w, https:\/\/www.pr-neu.de\/newsroom\/wordpress\/wp-content\/uploads\/2024\/08\/24-08_Motor_Kabel_K-420x280.jpg 420w, https:\/\/www.pr-neu.de\/newsroom\/wordpress\/wp-content\/uploads\/2024\/08\/24-08_Motor_Kabel_K-645x430.jpg 645w\" sizes=\"auto, (max-width: 300px) 100vw, 300px\" \/><\/a><\/p>\n<p>Der Motor f\u00fcr die Lamellensteuerung ist bei der Lieferung bereits in einem der seitlichen Rahmenelemente verbaut, die Kabel mit den entsprechenden Komponenten verbunden. Einziger Arbeitsschritt auf der Baustelle ist der Anschluss an das E-Board (gem\u00e4\u00df detaillierter Anleitung).<\/p>\n<p><strong>3. Die Beleuchtung<\/strong><br \/>\n(24-08_Strahler_eingesetzt) (24-08_Strahler_Beispiel)<br \/>\n<a href=\"http:\/\/www.pr-neu.de\/newsroom\/wordpress\/wp-content\/uploads\/2024\/08\/24-08_Strahler_eingesetzt_K.jpg\"><img loading=\"lazy\" decoding=\"async\" class=\" wp-image-17044 alignnone\" src=\"http:\/\/www.pr-neu.de\/newsroom\/wordpress\/wp-content\/uploads\/2024\/08\/24-08_Strahler_eingesetzt_K-300x200.jpg\" alt=\"Sogar die L\u00f6cher f\u00fcr die Strahler in den einzelnen Lamellen werden vorgebohrt. Auf der Baustelle sind die passgenauen Strahler nur noch einzusetzen \u2013 wenn sie gew\u00fcnscht sind.\" width=\"179\" height=\"119\" srcset=\"https:\/\/www.pr-neu.de\/newsroom\/wordpress\/wp-content\/uploads\/2024\/08\/24-08_Strahler_eingesetzt_K-300x200.jpg 300w, https:\/\/www.pr-neu.de\/newsroom\/wordpress\/wp-content\/uploads\/2024\/08\/24-08_Strahler_eingesetzt_K-1024x683.jpg 1024w, https:\/\/www.pr-neu.de\/newsroom\/wordpress\/wp-content\/uploads\/2024\/08\/24-08_Strahler_eingesetzt_K-768x512.jpg 768w, https:\/\/www.pr-neu.de\/newsroom\/wordpress\/wp-content\/uploads\/2024\/08\/24-08_Strahler_eingesetzt_K-1536x1024.jpg 1536w, https:\/\/www.pr-neu.de\/newsroom\/wordpress\/wp-content\/uploads\/2024\/08\/24-08_Strahler_eingesetzt_K-2048x1365.jpg 2048w, https:\/\/www.pr-neu.de\/newsroom\/wordpress\/wp-content\/uploads\/2024\/08\/24-08_Strahler_eingesetzt_K-110x73.jpg 110w, https:\/\/www.pr-neu.de\/newsroom\/wordpress\/wp-content\/uploads\/2024\/08\/24-08_Strahler_eingesetzt_K-420x280.jpg 420w, https:\/\/www.pr-neu.de\/newsroom\/wordpress\/wp-content\/uploads\/2024\/08\/24-08_Strahler_eingesetzt_K-645x430.jpg 645w\" sizes=\"auto, (max-width: 179px) 100vw, 179px\" \/><\/a>\u00a0<a href=\"http:\/\/www.pr-neu.de\/newsroom\/wordpress\/wp-content\/uploads\/2024\/08\/24-08_Strahler_Beispiel_KK.jpg\" target=\"_blank\" rel=\"noopener\"><img loading=\"lazy\" decoding=\"async\" class=\"alignnone wp-image-17036\" src=\"http:\/\/www.pr-neu.de\/newsroom\/wordpress\/wp-content\/uploads\/2024\/08\/24-08_Strahler_Beispiel_KK.jpg\" alt=\"Sogar die L\u00f6cher f\u00fcr die Strahler in den einzelnen Lamellen werden vorgebohrt. Auf der Baustelle sind die passgenauen Strahler nur noch einzusetzen \u2013 wenn sie gew\u00fcnscht sind.\" width=\"301\" height=\"119\" srcset=\"https:\/\/www.pr-neu.de\/newsroom\/wordpress\/wp-content\/uploads\/2024\/08\/24-08_Strahler_Beispiel_KK.jpg 240w, https:\/\/www.pr-neu.de\/newsroom\/wordpress\/wp-content\/uploads\/2024\/08\/24-08_Strahler_Beispiel_KK-110x44.jpg 110w\" sizes=\"auto, (max-width: 301px) 100vw, 301px\" \/><\/a><\/p>\n<p>Die Strahler sind \u2013 wenn gew\u00fcnscht \u2013 bereits in den Lamellen vormontiert.<\/p>\n<p>(24-08_Stripe_Beleuchtung_Montage) (24-08_Stripe_Beleuchtung_Beispiel)<br \/>\n<a href=\"http:\/\/www.pr-neu.de\/newsroom\/wordpress\/wp-content\/uploads\/2024\/08\/24-08_Stripe_Beleuchtung_Montage_K.jpg\" target=\"_blank\" rel=\"noopener\"><img loading=\"lazy\" decoding=\"async\" class=\"alignnone wp-image-17046 size-medium\" src=\"http:\/\/www.pr-neu.de\/newsroom\/wordpress\/wp-content\/uploads\/2024\/08\/24-08_Stripe_Beleuchtung_Montage_K-300x200.jpg\" alt=\"Die flexible Stripe-Beleuchtung l\u00e4sst sich einfach in die daf\u00fcr vorgesehenen Aussparungen dr\u00fccken.\" width=\"300\" height=\"200\" srcset=\"https:\/\/www.pr-neu.de\/newsroom\/wordpress\/wp-content\/uploads\/2024\/08\/24-08_Stripe_Beleuchtung_Montage_K-300x200.jpg 300w, https:\/\/www.pr-neu.de\/newsroom\/wordpress\/wp-content\/uploads\/2024\/08\/24-08_Stripe_Beleuchtung_Montage_K-1024x683.jpg 1024w, https:\/\/www.pr-neu.de\/newsroom\/wordpress\/wp-content\/uploads\/2024\/08\/24-08_Stripe_Beleuchtung_Montage_K-768x512.jpg 768w, https:\/\/www.pr-neu.de\/newsroom\/wordpress\/wp-content\/uploads\/2024\/08\/24-08_Stripe_Beleuchtung_Montage_K-1536x1024.jpg 1536w, https:\/\/www.pr-neu.de\/newsroom\/wordpress\/wp-content\/uploads\/2024\/08\/24-08_Stripe_Beleuchtung_Montage_K-2048x1365.jpg 2048w, https:\/\/www.pr-neu.de\/newsroom\/wordpress\/wp-content\/uploads\/2024\/08\/24-08_Stripe_Beleuchtung_Montage_K-110x73.jpg 110w, https:\/\/www.pr-neu.de\/newsroom\/wordpress\/wp-content\/uploads\/2024\/08\/24-08_Stripe_Beleuchtung_Montage_K-420x280.jpg 420w, https:\/\/www.pr-neu.de\/newsroom\/wordpress\/wp-content\/uploads\/2024\/08\/24-08_Stripe_Beleuchtung_Montage_K-645x430.jpg 645w\" sizes=\"auto, (max-width: 300px) 100vw, 300px\" \/><\/a><\/p>\n<p><a href=\"http:\/\/www.pr-neu.de\/newsroom\/wordpress\/wp-content\/uploads\/2024\/08\/24-08_Stripe_Beleuchtung_Beispiel_K.jpg\" target=\"_blank\" rel=\"noopener\"><img loading=\"lazy\" decoding=\"async\" class=\"alignnone wp-image-17045 size-medium\" src=\"http:\/\/www.pr-neu.de\/newsroom\/wordpress\/wp-content\/uploads\/2024\/08\/24-08_Stripe_Beleuchtung_Beispiel_K-300x143.jpg\" alt=\"Die flexible Stripe-Beleuchtung l\u00e4sst sich einfach in die daf\u00fcr vorgesehenen Aussparungen dr\u00fccken.\" width=\"300\" height=\"143\" srcset=\"https:\/\/www.pr-neu.de\/newsroom\/wordpress\/wp-content\/uploads\/2024\/08\/24-08_Stripe_Beleuchtung_Beispiel_K-300x143.jpg 300w, https:\/\/www.pr-neu.de\/newsroom\/wordpress\/wp-content\/uploads\/2024\/08\/24-08_Stripe_Beleuchtung_Beispiel_K-1024x489.jpg 1024w, https:\/\/www.pr-neu.de\/newsroom\/wordpress\/wp-content\/uploads\/2024\/08\/24-08_Stripe_Beleuchtung_Beispiel_K-768x367.jpg 768w, https:\/\/www.pr-neu.de\/newsroom\/wordpress\/wp-content\/uploads\/2024\/08\/24-08_Stripe_Beleuchtung_Beispiel_K-1536x733.jpg 1536w, https:\/\/www.pr-neu.de\/newsroom\/wordpress\/wp-content\/uploads\/2024\/08\/24-08_Stripe_Beleuchtung_Beispiel_K-2048x978.jpg 2048w, https:\/\/www.pr-neu.de\/newsroom\/wordpress\/wp-content\/uploads\/2024\/08\/24-08_Stripe_Beleuchtung_Beispiel_K-110x53.jpg 110w, https:\/\/www.pr-neu.de\/newsroom\/wordpress\/wp-content\/uploads\/2024\/08\/24-08_Stripe_Beleuchtung_Beispiel_K-420x201.jpg 420w, https:\/\/www.pr-neu.de\/newsroom\/wordpress\/wp-content\/uploads\/2024\/08\/24-08_Stripe_Beleuchtung_Beispiel_K-770x368.jpg 770w\" sizes=\"auto, (max-width: 300px) 100vw, 300px\" \/><\/a><\/p>\n<p>Die flexible Stripe-Beleuchtung l\u00e4sst sich einfach in die daf\u00fcr vorgesehenen Aussparungen dr\u00fccken.<\/p>\n<p><strong>4. Zusammenf\u00fchren der einzelnen Bauteile<\/strong><br \/>\n(24-08_Ecke_1) (24-08_Ecke_2) (24-08_Ecke_3)<br \/>\n<a href=\"http:\/\/www.pr-neu.de\/newsroom\/wordpress\/wp-content\/uploads\/2024\/08\/24-08_Ecke_1_K.jpg\" target=\"_blank\" rel=\"noopener\"><img loading=\"lazy\" decoding=\"async\" class=\"alignnone wp-image-17050 size-medium\" src=\"http:\/\/www.pr-neu.de\/newsroom\/wordpress\/wp-content\/uploads\/2024\/08\/24-08_Ecke_1_K-200x300.jpg\" alt=\"An den Ecken werden die seitlichen Rahmenelemente des Daches und die St\u00fctzen verschraubt \u2013 im Anschluss versteckt eine Abdeckung die Schrauben.\" width=\"200\" height=\"300\" srcset=\"https:\/\/www.pr-neu.de\/newsroom\/wordpress\/wp-content\/uploads\/2024\/08\/24-08_Ecke_1_K-200x300.jpg 200w, https:\/\/www.pr-neu.de\/newsroom\/wordpress\/wp-content\/uploads\/2024\/08\/24-08_Ecke_1_K-683x1024.jpg 683w, https:\/\/www.pr-neu.de\/newsroom\/wordpress\/wp-content\/uploads\/2024\/08\/24-08_Ecke_1_K-768x1152.jpg 768w, https:\/\/www.pr-neu.de\/newsroom\/wordpress\/wp-content\/uploads\/2024\/08\/24-08_Ecke_1_K-1024x1536.jpg 1024w, https:\/\/www.pr-neu.de\/newsroom\/wordpress\/wp-content\/uploads\/2024\/08\/24-08_Ecke_1_K-1365x2048.jpg 1365w, https:\/\/www.pr-neu.de\/newsroom\/wordpress\/wp-content\/uploads\/2024\/08\/24-08_Ecke_1_K-73x110.jpg 73w, https:\/\/www.pr-neu.de\/newsroom\/wordpress\/wp-content\/uploads\/2024\/08\/24-08_Ecke_1_K-280x420.jpg 280w, https:\/\/www.pr-neu.de\/newsroom\/wordpress\/wp-content\/uploads\/2024\/08\/24-08_Ecke_1_K-287x430.jpg 287w, https:\/\/www.pr-neu.de\/newsroom\/wordpress\/wp-content\/uploads\/2024\/08\/24-08_Ecke_1_K.jpg 1600w\" sizes=\"auto, (max-width: 200px) 100vw, 200px\" \/><\/a><\/p>\n<p><a href=\"http:\/\/www.pr-neu.de\/newsroom\/wordpress\/wp-content\/uploads\/2024\/08\/24-08_Ecke_3_K.jpg\" target=\"_blank\" rel=\"noopener\"><img loading=\"lazy\" decoding=\"async\" class=\"alignnone wp-image-17052 size-medium\" src=\"http:\/\/www.pr-neu.de\/newsroom\/wordpress\/wp-content\/uploads\/2024\/08\/24-08_Ecke_3_K-200x300.jpg\" alt=\"An den Ecken werden die seitlichen Rahmenelemente des Daches und die St\u00fctzen verschraubt \u2013 im Anschluss versteckt eine Abdeckung die Schrauben.\" width=\"200\" height=\"300\" srcset=\"https:\/\/www.pr-neu.de\/newsroom\/wordpress\/wp-content\/uploads\/2024\/08\/24-08_Ecke_3_K-200x300.jpg 200w, https:\/\/www.pr-neu.de\/newsroom\/wordpress\/wp-content\/uploads\/2024\/08\/24-08_Ecke_3_K-683x1024.jpg 683w, https:\/\/www.pr-neu.de\/newsroom\/wordpress\/wp-content\/uploads\/2024\/08\/24-08_Ecke_3_K-768x1152.jpg 768w, https:\/\/www.pr-neu.de\/newsroom\/wordpress\/wp-content\/uploads\/2024\/08\/24-08_Ecke_3_K-1024x1536.jpg 1024w, https:\/\/www.pr-neu.de\/newsroom\/wordpress\/wp-content\/uploads\/2024\/08\/24-08_Ecke_3_K-1365x2048.jpg 1365w, https:\/\/www.pr-neu.de\/newsroom\/wordpress\/wp-content\/uploads\/2024\/08\/24-08_Ecke_3_K-73x110.jpg 73w, https:\/\/www.pr-neu.de\/newsroom\/wordpress\/wp-content\/uploads\/2024\/08\/24-08_Ecke_3_K-280x420.jpg 280w, https:\/\/www.pr-neu.de\/newsroom\/wordpress\/wp-content\/uploads\/2024\/08\/24-08_Ecke_3_K-287x430.jpg 287w, https:\/\/www.pr-neu.de\/newsroom\/wordpress\/wp-content\/uploads\/2024\/08\/24-08_Ecke_3_K.jpg 1600w\" sizes=\"auto, (max-width: 200px) 100vw, 200px\" \/><\/a><\/p>\n<p><a href=\"http:\/\/www.pr-neu.de\/newsroom\/wordpress\/wp-content\/uploads\/2024\/08\/24-08_Ecke_2_K.jpg\" target=\"_blank\" rel=\"noopener\"><img loading=\"lazy\" decoding=\"async\" class=\"alignnone wp-image-17051 size-medium\" src=\"http:\/\/www.pr-neu.de\/newsroom\/wordpress\/wp-content\/uploads\/2024\/08\/24-08_Ecke_2_K-200x300.jpg\" alt=\"An den Ecken werden die seitlichen Rahmenelemente des Daches und die St\u00fctzen verschraubt \u2013 im Anschluss versteckt eine Abdeckung die Schrauben.\" width=\"200\" height=\"300\" srcset=\"https:\/\/www.pr-neu.de\/newsroom\/wordpress\/wp-content\/uploads\/2024\/08\/24-08_Ecke_2_K-200x300.jpg 200w, https:\/\/www.pr-neu.de\/newsroom\/wordpress\/wp-content\/uploads\/2024\/08\/24-08_Ecke_2_K-683x1024.jpg 683w, https:\/\/www.pr-neu.de\/newsroom\/wordpress\/wp-content\/uploads\/2024\/08\/24-08_Ecke_2_K-768x1152.jpg 768w, https:\/\/www.pr-neu.de\/newsroom\/wordpress\/wp-content\/uploads\/2024\/08\/24-08_Ecke_2_K-1024x1536.jpg 1024w, https:\/\/www.pr-neu.de\/newsroom\/wordpress\/wp-content\/uploads\/2024\/08\/24-08_Ecke_2_K-1365x2048.jpg 1365w, https:\/\/www.pr-neu.de\/newsroom\/wordpress\/wp-content\/uploads\/2024\/08\/24-08_Ecke_2_K-73x110.jpg 73w, https:\/\/www.pr-neu.de\/newsroom\/wordpress\/wp-content\/uploads\/2024\/08\/24-08_Ecke_2_K-280x420.jpg 280w, https:\/\/www.pr-neu.de\/newsroom\/wordpress\/wp-content\/uploads\/2024\/08\/24-08_Ecke_2_K-287x430.jpg 287w, https:\/\/www.pr-neu.de\/newsroom\/wordpress\/wp-content\/uploads\/2024\/08\/24-08_Ecke_2_K.jpg 1600w\" sizes=\"auto, (max-width: 200px) 100vw, 200px\" \/><\/a><\/p>\n<p>An den Ecken werden die seitlichen Rahmenelemente des Daches und die St\u00fctzen dank der Eckverbindung Ausf\u00fchrung B besonders leicht verschraubt \u2013 im Anschluss versteckt eine Abdeckung die Schrauben.<\/p>\n<p>(24-08_Lamellen_Einbau) (24-08_Lamellen)<br \/>\n<a href=\"http:\/\/www.pr-neu.de\/newsroom\/wordpress\/wp-content\/uploads\/2024\/08\/24-08_Lamellen_Einbau_K.jpg\" target=\"_blank\" rel=\"noopener\"><img loading=\"lazy\" decoding=\"async\" class=\"alignnone wp-image-17053 \" src=\"http:\/\/www.pr-neu.de\/newsroom\/wordpress\/wp-content\/uploads\/2024\/08\/24-08_Lamellen_Einbau_K-300x225.jpg\" alt=\"Die Lamellen werden St\u00fcck f\u00fcr St\u00fcck in die Rahmenkonstruktion eingesetzt.\" width=\"264\" height=\"198\" srcset=\"https:\/\/www.pr-neu.de\/newsroom\/wordpress\/wp-content\/uploads\/2024\/08\/24-08_Lamellen_Einbau_K-300x225.jpg 300w, https:\/\/www.pr-neu.de\/newsroom\/wordpress\/wp-content\/uploads\/2024\/08\/24-08_Lamellen_Einbau_K-1024x768.jpg 1024w, https:\/\/www.pr-neu.de\/newsroom\/wordpress\/wp-content\/uploads\/2024\/08\/24-08_Lamellen_Einbau_K-768x576.jpg 768w, https:\/\/www.pr-neu.de\/newsroom\/wordpress\/wp-content\/uploads\/2024\/08\/24-08_Lamellen_Einbau_K-1536x1152.jpg 1536w, https:\/\/www.pr-neu.de\/newsroom\/wordpress\/wp-content\/uploads\/2024\/08\/24-08_Lamellen_Einbau_K-2048x1536.jpg 2048w, https:\/\/www.pr-neu.de\/newsroom\/wordpress\/wp-content\/uploads\/2024\/08\/24-08_Lamellen_Einbau_K-110x83.jpg 110w, https:\/\/www.pr-neu.de\/newsroom\/wordpress\/wp-content\/uploads\/2024\/08\/24-08_Lamellen_Einbau_K-420x315.jpg 420w, https:\/\/www.pr-neu.de\/newsroom\/wordpress\/wp-content\/uploads\/2024\/08\/24-08_Lamellen_Einbau_K-573x430.jpg 573w\" sizes=\"auto, (max-width: 264px) 100vw, 264px\" \/><\/a> <a href=\"http:\/\/www.pr-neu.de\/newsroom\/wordpress\/wp-content\/uploads\/2024\/09\/24-08_Lamellen_K.jpg\"><img loading=\"lazy\" decoding=\"async\" class=\"size-medium wp-image-17176 alignnone\" src=\"http:\/\/www.pr-neu.de\/newsroom\/wordpress\/wp-content\/uploads\/2024\/09\/24-08_Lamellen_K-300x200.jpg\" alt=\"Die Lamellen werden St\u00fcck f\u00fcr St\u00fcck in die Rahmenkonstruktion eingesetzt.\" width=\"300\" height=\"200\" srcset=\"https:\/\/www.pr-neu.de\/newsroom\/wordpress\/wp-content\/uploads\/2024\/09\/24-08_Lamellen_K-300x200.jpg 300w, https:\/\/www.pr-neu.de\/newsroom\/wordpress\/wp-content\/uploads\/2024\/09\/24-08_Lamellen_K-1024x683.jpg 1024w, https:\/\/www.pr-neu.de\/newsroom\/wordpress\/wp-content\/uploads\/2024\/09\/24-08_Lamellen_K-768x512.jpg 768w, https:\/\/www.pr-neu.de\/newsroom\/wordpress\/wp-content\/uploads\/2024\/09\/24-08_Lamellen_K-1536x1024.jpg 1536w, https:\/\/www.pr-neu.de\/newsroom\/wordpress\/wp-content\/uploads\/2024\/09\/24-08_Lamellen_K-2048x1365.jpg 2048w, https:\/\/www.pr-neu.de\/newsroom\/wordpress\/wp-content\/uploads\/2024\/09\/24-08_Lamellen_K-110x73.jpg 110w, https:\/\/www.pr-neu.de\/newsroom\/wordpress\/wp-content\/uploads\/2024\/09\/24-08_Lamellen_K-420x280.jpg 420w, https:\/\/www.pr-neu.de\/newsroom\/wordpress\/wp-content\/uploads\/2024\/09\/24-08_Lamellen_K-645x430.jpg 645w\" sizes=\"auto, (max-width: 300px) 100vw, 300px\" \/><\/a><\/p>\n<p>Die Lamellen werden St\u00fcck f\u00fcr St\u00fcck in die Rahmenkonstruktion eingesetzt.<\/p>\n<p>(24-08_E-Board) (24-08_E-Board_montiert)<br \/>\n<a href=\"http:\/\/www.pr-neu.de\/newsroom\/wordpress\/wp-content\/uploads\/2024\/08\/24-08_E-Board_K.jpg\" target=\"_blank\" rel=\"noopener\"><img loading=\"lazy\" decoding=\"async\" class=\"alignnone wp-image-17049 size-medium\" src=\"http:\/\/www.pr-neu.de\/newsroom\/wordpress\/wp-content\/uploads\/2024\/08\/24-08_E-Board_K-300x200.jpg\" alt=\"Lamellensteuerung, Beleuchtung, Smart Home Anbindung \u2013 die gesamte Elektronik und Verkabelung finden am E-Board zusammen. Dank der detaillierten Anleitung sind die Kabel unkompliziert anzuschlie\u00dfen \u2013 alles nicht sichtbar in einer St\u00fctze integriert.\" width=\"300\" height=\"200\" srcset=\"https:\/\/www.pr-neu.de\/newsroom\/wordpress\/wp-content\/uploads\/2024\/08\/24-08_E-Board_K-300x200.jpg 300w, https:\/\/www.pr-neu.de\/newsroom\/wordpress\/wp-content\/uploads\/2024\/08\/24-08_E-Board_K-1024x683.jpg 1024w, https:\/\/www.pr-neu.de\/newsroom\/wordpress\/wp-content\/uploads\/2024\/08\/24-08_E-Board_K-768x512.jpg 768w, https:\/\/www.pr-neu.de\/newsroom\/wordpress\/wp-content\/uploads\/2024\/08\/24-08_E-Board_K-1536x1024.jpg 1536w, https:\/\/www.pr-neu.de\/newsroom\/wordpress\/wp-content\/uploads\/2024\/08\/24-08_E-Board_K-2048x1365.jpg 2048w, https:\/\/www.pr-neu.de\/newsroom\/wordpress\/wp-content\/uploads\/2024\/08\/24-08_E-Board_K-110x73.jpg 110w, https:\/\/www.pr-neu.de\/newsroom\/wordpress\/wp-content\/uploads\/2024\/08\/24-08_E-Board_K-420x280.jpg 420w, https:\/\/www.pr-neu.de\/newsroom\/wordpress\/wp-content\/uploads\/2024\/08\/24-08_E-Board_K-645x430.jpg 645w\" sizes=\"auto, (max-width: 300px) 100vw, 300px\" \/><\/a> <a href=\"http:\/\/www.pr-neu.de\/newsroom\/wordpress\/wp-content\/uploads\/2024\/09\/24-08_E-Board_montiert_K.jpg\"><img loading=\"lazy\" decoding=\"async\" class=\" wp-image-17177 alignnone\" src=\"http:\/\/www.pr-neu.de\/newsroom\/wordpress\/wp-content\/uploads\/2024\/09\/24-08_E-Board_montiert_K-212x300.jpg\" alt=\"Lamellensteuerung, Beleuchtung, Smart Home Anbindung \u2013 die gesamte Elektronik und Verkabelung finden am E-Board zusammen. Dank der detaillierten Anleitung sind die Kabel unkompliziert anzuschlie\u00dfen \u2013 alles nicht sichtbar in einer St\u00fctze integriert.\" width=\"142\" height=\"201\" srcset=\"https:\/\/www.pr-neu.de\/newsroom\/wordpress\/wp-content\/uploads\/2024\/09\/24-08_E-Board_montiert_K-212x300.jpg 212w, https:\/\/www.pr-neu.de\/newsroom\/wordpress\/wp-content\/uploads\/2024\/09\/24-08_E-Board_montiert_K-724x1024.jpg 724w, https:\/\/www.pr-neu.de\/newsroom\/wordpress\/wp-content\/uploads\/2024\/09\/24-08_E-Board_montiert_K-768x1086.jpg 768w, https:\/\/www.pr-neu.de\/newsroom\/wordpress\/wp-content\/uploads\/2024\/09\/24-08_E-Board_montiert_K-1087x1536.jpg 1087w, https:\/\/www.pr-neu.de\/newsroom\/wordpress\/wp-content\/uploads\/2024\/09\/24-08_E-Board_montiert_K-1449x2048.jpg 1449w, https:\/\/www.pr-neu.de\/newsroom\/wordpress\/wp-content\/uploads\/2024\/09\/24-08_E-Board_montiert_K-78x110.jpg 78w, https:\/\/www.pr-neu.de\/newsroom\/wordpress\/wp-content\/uploads\/2024\/09\/24-08_E-Board_montiert_K-297x420.jpg 297w, https:\/\/www.pr-neu.de\/newsroom\/wordpress\/wp-content\/uploads\/2024\/09\/24-08_E-Board_montiert_K-304x430.jpg 304w, https:\/\/www.pr-neu.de\/newsroom\/wordpress\/wp-content\/uploads\/2024\/09\/24-08_E-Board_montiert_K.jpg 1698w\" sizes=\"auto, (max-width: 142px) 100vw, 142px\" \/><\/a><\/p>\n<p>Lamellensteuerung, Beleuchtung, Smart Home Anbindung \u2013 die gesamte Elektronik und Verkabelung finden am E-Board zusammen. Dank der detaillierten Anleitung sind die Kabel unkompliziert anzuschlie\u00dfen \u2013 alles nicht sichtbar in einer St\u00fctze integriert.<\/p>\n<p>Alle Bilder: TS-Aluminium-Profilsysteme GmbH &amp; Co. KG<\/p>\n<p><strong>Das fertige Lamellendach<\/strong><br \/>\n(24-08_Lamellendach_geschlossen) (24-08_Lamellendach_offen)<br \/>\n<a href=\"http:\/\/www.pr-neu.de\/newsroom\/wordpress\/wp-content\/uploads\/2024\/08\/24-08_Lamellendach_geschlossen_K.jpg\" target=\"_blank\" rel=\"noopener\"><img loading=\"lazy\" decoding=\"async\" class=\"alignnone wp-image-17055 size-medium\" src=\"http:\/\/www.pr-neu.de\/newsroom\/wordpress\/wp-content\/uploads\/2024\/08\/24-08_Lamellendach_geschlossen_K-300x200.jpg\" alt=\"Die bis 135 Grad drehbaren Lamellen regulieren Licht, Schatten und nat\u00fcrliche Bel\u00fcftung ganz nach Wunsch \u2013 bequem per App oder Fernbedienung. Mit einer Tragf\u00e4higkeit von 350 Kilogramm\/Quadratmeter ist das Lamellendach von TS-Aluminium au\u00dfergew\u00f6hnlich hoch belastbar und bietet so selbst in schneereichen Gebieten hohe Sicherheit.\" width=\"300\" height=\"200\" srcset=\"https:\/\/www.pr-neu.de\/newsroom\/wordpress\/wp-content\/uploads\/2024\/08\/24-08_Lamellendach_geschlossen_K-300x200.jpg 300w, https:\/\/www.pr-neu.de\/newsroom\/wordpress\/wp-content\/uploads\/2024\/08\/24-08_Lamellendach_geschlossen_K-1024x683.jpg 1024w, https:\/\/www.pr-neu.de\/newsroom\/wordpress\/wp-content\/uploads\/2024\/08\/24-08_Lamellendach_geschlossen_K-768x512.jpg 768w, https:\/\/www.pr-neu.de\/newsroom\/wordpress\/wp-content\/uploads\/2024\/08\/24-08_Lamellendach_geschlossen_K-1536x1024.jpg 1536w, https:\/\/www.pr-neu.de\/newsroom\/wordpress\/wp-content\/uploads\/2024\/08\/24-08_Lamellendach_geschlossen_K-2048x1365.jpg 2048w, https:\/\/www.pr-neu.de\/newsroom\/wordpress\/wp-content\/uploads\/2024\/08\/24-08_Lamellendach_geschlossen_K-110x73.jpg 110w, https:\/\/www.pr-neu.de\/newsroom\/wordpress\/wp-content\/uploads\/2024\/08\/24-08_Lamellendach_geschlossen_K-420x280.jpg 420w, https:\/\/www.pr-neu.de\/newsroom\/wordpress\/wp-content\/uploads\/2024\/08\/24-08_Lamellendach_geschlossen_K-645x430.jpg 645w\" sizes=\"auto, (max-width: 300px) 100vw, 300px\" \/><img loading=\"lazy\" decoding=\"async\" class=\"alignnone size-medium wp-image-18192\" src=\"http:\/\/www.pr-neu.de\/newsroom\/wordpress\/wp-content\/uploads\/2024\/09\/24-08_Lamellendach_offen_K-300x200.jpg\" alt=\"\" width=\"300\" height=\"200\" srcset=\"https:\/\/www.pr-neu.de\/newsroom\/wordpress\/wp-content\/uploads\/2024\/09\/24-08_Lamellendach_offen_K-300x200.jpg 300w, https:\/\/www.pr-neu.de\/newsroom\/wordpress\/wp-content\/uploads\/2024\/09\/24-08_Lamellendach_offen_K-1024x683.jpg 1024w, https:\/\/www.pr-neu.de\/newsroom\/wordpress\/wp-content\/uploads\/2024\/09\/24-08_Lamellendach_offen_K-768x512.jpg 768w, https:\/\/www.pr-neu.de\/newsroom\/wordpress\/wp-content\/uploads\/2024\/09\/24-08_Lamellendach_offen_K-1536x1024.jpg 1536w, https:\/\/www.pr-neu.de\/newsroom\/wordpress\/wp-content\/uploads\/2024\/09\/24-08_Lamellendach_offen_K-2048x1365.jpg 2048w, https:\/\/www.pr-neu.de\/newsroom\/wordpress\/wp-content\/uploads\/2024\/09\/24-08_Lamellendach_offen_K-110x73.jpg 110w, https:\/\/www.pr-neu.de\/newsroom\/wordpress\/wp-content\/uploads\/2024\/09\/24-08_Lamellendach_offen_K-420x280.jpg 420w, https:\/\/www.pr-neu.de\/newsroom\/wordpress\/wp-content\/uploads\/2024\/09\/24-08_Lamellendach_offen_K-645x430.jpg 645w\" sizes=\"auto, (max-width: 300px) 100vw, 300px\" \/><\/a><\/p>\n<p>Die bis 135 Grad drehbaren Lamellen regulieren Licht, Schatten und nat\u00fcrliche Bel\u00fcftung ganz nach Wunsch \u2013 bequem per App oder Fernbedienung. Mit einer Tragf\u00e4higkeit von bis zu 350 Kilogramm\/Quadratmeter ist das Lamellendach au\u00dfergew\u00f6hnlich hoch belastbar und bietet so selbst in schneereichen Gebieten hohe Sicherheit.<br \/>\nBeide Bilder: hip Concept Bauelemente GmbH<\/p>\n<p><em>Mehr Infos unter:<br \/>\n<a href=\"https:\/\/www.ts-alu.com\/produkte\/dachprofilsysteme\/lamellendach\/\">www.ts-alu.com\/produkte\/dachprofilsysteme\/lamellendach\/<\/a><br \/>\n<\/em><\/p>\n<p><strong>Unterst\u00fctzung von der Planung bis zur Baustelle<\/strong><\/p>\n<p>Bereits bei der Planung steht TS-Aluminium als Partner des Handwerks dem ausf\u00fchrenden Betrieb beratend zur Seite \u2013 vom Entwurf bis zur Baustelle. Au\u00dfendienst-Mitarbeiter besuchen den Bauort im Vorfeld und unterst\u00fctzen bei der Berechnung von Statik, Schnee- und Windlast gem\u00e4\u00df Bauvorgaben. Auch w\u00e4hrend der Montage unterst\u00fctzen die Profis des Herstellers.<\/p>\n<p>Kurzfristige Lieferungen werden in enger Absprache umgesetzt. Besonders schnell geht dies mit dem neuen \u201eFixdach\u201c-System. Der standardisierte Flachdach-Bausatz ist in acht Gr\u00f6\u00dfen vorproduziert und damit unverz\u00fcglich lieferbar.<\/p>\n<p><strong>Fachwissen und Marketingunterst\u00fctzung<\/strong><\/p>\n<p>Fachkenntnis ist das notwendigste \u201eWerkzeug\u201c. Mit Seminaren sch\u00e4rft TS-Aluminium das Know-how des Handwerks zur Planung und Montage. Dabei kombiniert der Hersteller theoretische Grundlagen in Statik, L\u00fcftung und W\u00e4rmeschutz mit der Montage in der Praxis. Auch Tipps zur bedarfsgerechten Verkaufsf\u00f6rderung und zum Marken-Auftritt kommen nicht zu kurz. \u201eVeranstaltungen wie diese sind uns enorm wichtig\u201c, erkl\u00e4rt Roland Drechsel, Vertriebsleiter S\u00fcd von TS-Aluminium, \u201eso haben wir das Ohr direkt am Verarbeiter. Wir erfahren die Sorgen und W\u00fcnsche der Monteure aus erster Hand und k\u00f6nnen daraus weitere Schritte ableiten, um uns noch weiter zu verbessern.\u201c<\/p>\n<p>Das Mitgliederprogramm \u201eSonne-am-Haus\u201c unterst\u00fctzt Fachbetriebe mit Sichtbarkeit \u00fcber seine Web-Plattform und hilfreichen Marketing-Tools. Bauherren k\u00f6nnen mit dem Online-Konfigurator auf Sonne-am-Haus.de ihren Sommergarten, Wintergarten oder ihre Terrassen\u00fcberdachung gestalten und finden \u00fcber die Postleitzahlsuche einen Mitglieds-Fachbetrieb in der N\u00e4he \u2013 so erhalten Metallbauer direkt qualifizierte Auftr\u00e4ge. Mit dem Marketingservice steht zudem umfangreiches Material zur Verkaufsf\u00f6rderung zur Verf\u00fcgung \u2013 unter anderem Brosch\u00fcren, Social-Media-Material und eigene Webauftritte.<\/p>\n<p>&nbsp;<\/p>\n<hr \/>\n<p>&nbsp;<\/p>\n<p><a href=\"https:\/\/www.pr-neu.de\/download\/24-08_Lamellendach_Reportage.zip\">Alle Bilder hier zum Download<\/a><\/p>\n<p>&nbsp;<\/p>\n<hr \/>\n<p>&nbsp;<\/p>\n<p><strong>Die Nummer Eins unter den Dachprofilsystemen<\/strong><\/p>\n<p>TS-Aluminium ist der f\u00fchrende Anbieter von hochwertigen Aluminium-Profilsystemen \u201eMade in Germany\u201c. Das Familienunternehmen entwickelt, produziert und liefert ma\u00dfgeschneiderte Systeml\u00f6sungen f\u00fcr Winterg\u00e4rten, Sommerg\u00e4rten und Terrassend\u00e4cher in Premium-Qualit\u00e4t. Zus\u00e4tzlich geh\u00f6ren Faltanlagen, \u00d6ffnungselemente, L\u00fcftungs- und Steuerungssysteme zum Portfolio des \u201eHidden Champions\u201c. Gemeinsam mit einem Netz aus Verarbeitern und Fachh\u00e4ndlern setzt TS-Aluminium auch im europ\u00e4ischen Ausland Standards und steht f\u00fcr h\u00f6chste Qualit\u00e4t und Kundenorientierung. Mit mehr als 40 Jahren Expertise entwickelt der Systemgeber seine Produkte kontinuierlich weiter und bietet umfassende Beratungs- und Serviceleistungen auf Augenh\u00f6he.<\/p>\n<p>Vom Zwei-Mann-Betrieb zum Marktf\u00fchrer in Deutschland: TS-Aluminium besch\u00e4ftigt in Gro\u00dfefehn \u00fcber 130 Arbeitnehmer.<\/p>\n<p>&nbsp;<\/p>\n<hr \/>\n<p>&nbsp;<\/p>\n<p>Abdruck honorarfrei, Belegexemplar erbeten<\/p>\n","protected":false},"excerpt":{"rendered":"<p>Jedes Lamellendach-Projekt ist einzigartig \u2013 wie auch die Herausforderungen beim Aufbau. TS-Aluminium unterst\u00fctzt Montagebetriebe von der Planung bis zur Baustelle \u2013 unter anderem mit vorkonfektionierten Baus\u00e4tzen und Statik-Berechnungen. Die Reportage zeigt den Weg des Lamellendaches von der Fertigung bis zur Montage.<\/p>\n","protected":false},"author":10,"featured_media":17047,"comment_status":"closed","ping_status":"open","sticky":false,"template":"","format":"standard","meta":{"footnotes":""},"categories":[1761],"tags":[3080,1883,1935,1793,3160,3162],"class_list":["post-17174","post","type-post","status-publish","format-standard","has-post-thumbnail","hentry","category-ts-aluminium","tag-bausatz","tag-lamellendach","tag-service","tag-ts-aluminium","tag-vorkonfektionierung","tag-zuschnitt"],"_links":{"self":[{"href":"https:\/\/www.pr-neu.de\/newsroom\/wp-json\/wp\/v2\/posts\/17174","targetHints":{"allow":["GET"]}}],"collection":[{"href":"https:\/\/www.pr-neu.de\/newsroom\/wp-json\/wp\/v2\/posts"}],"about":[{"href":"https:\/\/www.pr-neu.de\/newsroom\/wp-json\/wp\/v2\/types\/post"}],"author":[{"embeddable":true,"href":"https:\/\/www.pr-neu.de\/newsroom\/wp-json\/wp\/v2\/users\/10"}],"replies":[{"embeddable":true,"href":"https:\/\/www.pr-neu.de\/newsroom\/wp-json\/wp\/v2\/comments?post=17174"}],"version-history":[{"count":7,"href":"https:\/\/www.pr-neu.de\/newsroom\/wp-json\/wp\/v2\/posts\/17174\/revisions"}],"predecessor-version":[{"id":18193,"href":"https:\/\/www.pr-neu.de\/newsroom\/wp-json\/wp\/v2\/posts\/17174\/revisions\/18193"}],"wp:featuredmedia":[{"embeddable":true,"href":"https:\/\/www.pr-neu.de\/newsroom\/wp-json\/wp\/v2\/media\/17047"}],"wp:attachment":[{"href":"https:\/\/www.pr-neu.de\/newsroom\/wp-json\/wp\/v2\/media?parent=17174"}],"wp:term":[{"taxonomy":"category","embeddable":true,"href":"https:\/\/www.pr-neu.de\/newsroom\/wp-json\/wp\/v2\/categories?post=17174"},{"taxonomy":"post_tag","embeddable":true,"href":"https:\/\/www.pr-neu.de\/newsroom\/wp-json\/wp\/v2\/tags?post=17174"}],"curies":[{"name":"wp","href":"https:\/\/api.w.org\/{rel}","templated":true}]}}