{"id":17169,"date":"2024-09-12T10:21:21","date_gmt":"2024-09-12T08:21:21","guid":{"rendered":"https:\/\/www.pr-neu.de\/newsroom\/?p=17169"},"modified":"2024-09-12T10:21:21","modified_gmt":"2024-09-12T08:21:21","slug":"anja-beyer-uebernimmt-marketing-bei-suedwest","status":"publish","type":"post","link":"https:\/\/www.pr-neu.de\/newsroom\/anja-beyer-uebernimmt-marketing-bei-suedwest\/","title":{"rendered":"Anja Beyer \u00fcbernimmt Marketing bei S\u00fcdwest"},"content":{"rendered":"<p>&nbsp;<\/p>\n<p><u>Personalia<\/u><\/p>\n<p>Seit September 2024 leitet Anja Beyer das Marketing des Farben- und Lackherstellers S\u00fcdwest (B\u00f6hl-Iggelheim). In dieser Funktion steuert sie Werbung und PR, Produktmanagement, F&amp;E sowie den Technischen Service, und berichtet direkt an Gesch\u00e4ftsf\u00fchrer Hans-J\u00f6rg von Rhade. Nach ihrem BWL-Studium in Bamberg und einem Executive MBA im Strategischen Marketing waren ihre beruflichen Stationen u.a. im Automobilhandel und internationalen Konzern. Zuletzt wirkte Beyer als Director Marketing f\u00fcr die TU M\u00fcnchen am Campus Heilbronn. Erfahrungen in leitender Funktion im mittelst\u00e4ndischen Unternehmen der Baustoffbranche mit zweistufigem Vertriebssystem sammelte sie bei einem Hersteller von Outdoor Living Produkten. \u201eIch freue mich sehr auf die Aufgaben bei S\u00fcdwest und sehe viele Chancen, die Marke in Deutschland und europaweit zu entwickeln\u201c meinte Beyer zum Amtsantritt.<\/p>\n<p>&nbsp;<\/p>\n<hr \/>\n<p>&nbsp;<\/p>\n<p><a href=\"http:\/\/www.pr-neu.de\/newsroom\/wordpress\/wp-content\/uploads\/2024\/09\/24-14_Anja_Beyer_K.jpg\" target=\"_blank\" rel=\"noopener\"><img loading=\"lazy\" decoding=\"async\" class=\"aligncenter wp-image-17170 size-medium\" src=\"http:\/\/www.pr-neu.de\/newsroom\/wordpress\/wp-content\/uploads\/2024\/09\/24-14_Anja_Beyer_K-241x300.jpg\" alt=\"Anja Beyer, neue Marketingleiterin bei S\u00fcdwest Lacke und Farben.\" width=\"241\" height=\"300\" srcset=\"https:\/\/www.pr-neu.de\/newsroom\/wordpress\/wp-content\/uploads\/2024\/09\/24-14_Anja_Beyer_K-241x300.jpg 241w, https:\/\/www.pr-neu.de\/newsroom\/wordpress\/wp-content\/uploads\/2024\/09\/24-14_Anja_Beyer_K-821x1024.jpg 821w, https:\/\/www.pr-neu.de\/newsroom\/wordpress\/wp-content\/uploads\/2024\/09\/24-14_Anja_Beyer_K-768x958.jpg 768w, https:\/\/www.pr-neu.de\/newsroom\/wordpress\/wp-content\/uploads\/2024\/09\/24-14_Anja_Beyer_K-1232x1536.jpg 1232w, https:\/\/www.pr-neu.de\/newsroom\/wordpress\/wp-content\/uploads\/2024\/09\/24-14_Anja_Beyer_K-1643x2048.jpg 1643w, https:\/\/www.pr-neu.de\/newsroom\/wordpress\/wp-content\/uploads\/2024\/09\/24-14_Anja_Beyer_K-88x110.jpg 88w, https:\/\/www.pr-neu.de\/newsroom\/wordpress\/wp-content\/uploads\/2024\/09\/24-14_Anja_Beyer_K-337x420.jpg 337w, https:\/\/www.pr-neu.de\/newsroom\/wordpress\/wp-content\/uploads\/2024\/09\/24-14_Anja_Beyer_K-345x430.jpg 345w, https:\/\/www.pr-neu.de\/newsroom\/wordpress\/wp-content\/uploads\/2024\/09\/24-14_Anja_Beyer_K.jpg 1925w\" sizes=\"auto, (max-width: 241px) 100vw, 241px\" \/><\/a><\/p>\n<p style=\"text-align: center;\">Anja Beyer, neue Marketingleiterin bei S\u00fcdwest Lacke und Farben.<br \/>\nBild: S\u00fcdwest Lacke + Farben GmbH &amp; Co. KG<\/p>\n<p>&nbsp;<\/p>\n<hr \/>\n<p>&nbsp;<\/p>\n<p>Abdruck honorarfrei, Belegexemplar erbeten<\/p>\n","protected":false},"excerpt":{"rendered":"<p>Seit September 2024 leitet Anja Beyer das Marketing des Farben- und Lackherstellers S\u00fcdwest (B\u00f6hl-Iggelheim).<\/p>\n","protected":false},"author":9,"featured_media":17171,"comment_status":"closed","ping_status":"open","sticky":false,"template":"","format":"standard","meta":{"footnotes":""},"categories":[17],"tags":[180,330,1933,554,1757],"class_list":["post-17169","post","type-post","status-publish","format-standard","has-post-thumbnail","hentry","category-sudwest","tag-farbe","tag-lack","tag-marketing","tag-sudwest","tag-unternehmen"],"_links":{"self":[{"href":"https:\/\/www.pr-neu.de\/newsroom\/wp-json\/wp\/v2\/posts\/17169","targetHints":{"allow":["GET"]}}],"collection":[{"href":"https:\/\/www.pr-neu.de\/newsroom\/wp-json\/wp\/v2\/posts"}],"about":[{"href":"https:\/\/www.pr-neu.de\/newsroom\/wp-json\/wp\/v2\/types\/post"}],"author":[{"embeddable":true,"href":"https:\/\/www.pr-neu.de\/newsroom\/wp-json\/wp\/v2\/users\/9"}],"replies":[{"embeddable":true,"href":"https:\/\/www.pr-neu.de\/newsroom\/wp-json\/wp\/v2\/comments?post=17169"}],"version-history":[{"count":1,"href":"https:\/\/www.pr-neu.de\/newsroom\/wp-json\/wp\/v2\/posts\/17169\/revisions"}],"predecessor-version":[{"id":17172,"href":"https:\/\/www.pr-neu.de\/newsroom\/wp-json\/wp\/v2\/posts\/17169\/revisions\/17172"}],"wp:featuredmedia":[{"embeddable":true,"href":"https:\/\/www.pr-neu.de\/newsroom\/wp-json\/wp\/v2\/media\/17171"}],"wp:attachment":[{"href":"https:\/\/www.pr-neu.de\/newsroom\/wp-json\/wp\/v2\/media?parent=17169"}],"wp:term":[{"taxonomy":"category","embeddable":true,"href":"https:\/\/www.pr-neu.de\/newsroom\/wp-json\/wp\/v2\/categories?post=17169"},{"taxonomy":"post_tag","embeddable":true,"href":"https:\/\/www.pr-neu.de\/newsroom\/wp-json\/wp\/v2\/tags?post=17169"}],"curies":[{"name":"wp","href":"https:\/\/api.w.org\/{rel}","templated":true}]}}