{"id":17145,"date":"2024-09-16T08:08:12","date_gmt":"2024-09-16T06:08:12","guid":{"rendered":"https:\/\/www.pr-neu.de\/newsroom\/?p=17145"},"modified":"2024-09-11T11:02:33","modified_gmt":"2024-09-11T09:02:33","slug":"teckentrup-erweitert-rohrrahmentueren-portfolio","status":"publish","type":"post","link":"https:\/\/www.pr-neu.de\/newsroom\/teckentrup-erweitert-rohrrahmentueren-portfolio\/","title":{"rendered":"Teckentrup erweitert Rohrrahment\u00fcren-Portfolio"},"content":{"rendered":"<p>&nbsp;<\/p>\n<p><u>Neu: Festelemente und Aluminiumt\u00fcren f\u00fcr den Au\u00dfeneinsatz<\/u><\/p>\n<p>Mit Au\u00dfent\u00fcren und weiteren Sortimentserweiterungen baut Teckentrup 2025 das Sch\u00fcco-Rohrprofilsystem aus. Das Innent\u00fcrenprogramm erh\u00e4lt T\u00fcren mit Oberlichtern und Seitenteilen. Qualit\u00e4t made in Germany, einfache Konfiguration mit breiter Auswahl in Funktion und Optik sowie attraktive Lieferzeiten waren bereits im ersten Schritt zentrale Bausteine des Angebotsspektrums. \u201eDie Konfiguration ist komplett in unser Tool TEO integriert, die T\u00fcrenplanung l\u00e4sst sich also vollst\u00e4ndig \u2013 selbst bei hohen Auftragsgr\u00f6\u00dfen \u2013 in einem System bis zur Bestellung abwickeln\u201c, erl\u00e4utert Marcus Wolf, Projektleiter Rohrrahment\u00fcren bei Teckentrup. Das ist sehr gut angekommen, daher sind die Produkt-Erweiterungen der folgerichtige Schritt.<\/p>\n<hr \/>\n<p>&nbsp;<\/p>\n<p><strong>Produktupdates 2025<\/strong><br \/>\nIm Innent\u00fcrenprogramm sind folgende T\u00fcren ab dann auch mit <strong>Oberlichtern und Seitenteilen<\/strong> erh\u00e4ltlich:<br \/>\n\u2022 Feuerhemmende Aluminiumt\u00fcr T30-1\/2-FSA \u201eSCH\u00dcCO Firestop ADS 90 FR 30\u201c<br \/>\n\u2022 Feuerbest\u00e4ndige Aluminiumt\u00fcr T90-1\/2-FSA \u201eSCH\u00dcCO Firestop ADS 90 FR 90\u201c<br \/>\n\u2022 Rauchdichte Aluminiumt\u00fcr RS-1\/2 \u201eSCH\u00dcCO ADS 76 NI. SP\u201c<br \/>\n\u2022 Mehrzweck Aluminiumt\u00fcr ALU RR-1\/2 \u201eSCH\u00dcCO ADS 76 NI.\u201c<\/p>\n<p>Erg\u00e4nzt wird das Programm durch <strong>Au\u00dfent\u00fcren<\/strong>:<br \/>\n\u2022 EI230 \u201cSCH\u00dcCO ADS 90 FR30-CE\u201d<br \/>\n\u2022 Thermisch getrennte Elemente f\u00fcr den Einsatz im Au\u00dfenbereich AT-1\/2 \u201eSCH\u00dcCO AD UP 75\u201c<\/p>\n<p><strong>Technische Eigenschaften Teckentrup Rohrrahment\u00fcren<\/strong><br \/>\n\u2022 Breite 1flg. 605 \u2026 1.642 mm<br \/>\n\u2022 Breite 2flg. 1.355 \u2026 3.164 mm<br \/>\n\u2022 H\u00f6he 1.740 \u2026 3.171 mm<br \/>\n\u2022 Brandschutz T30 \/ T90 \/ EI230<br \/>\n\u2022 Rauchschutz je nach Ausf\u00fchrung<br \/>\n\u2022 Schallschutz bis 42 dB<br \/>\n\u2022 Einbruchschutz bis RC2<br \/>\n\u2022 Schwelle schwellenlos<\/p>\n<p>&nbsp;<\/p>\n<hr \/>\n<p>&nbsp;<\/p>\n<p><a href=\"http:\/\/www.pr-neu.de\/newsroom\/wordpress\/wp-content\/uploads\/2024\/09\/24_10_RRT_01_K.jpg\" target=\"_blank\" rel=\"noopener\"><img loading=\"lazy\" decoding=\"async\" class=\"aligncenter wp-image-17146 size-medium\" src=\"http:\/\/www.pr-neu.de\/newsroom\/wordpress\/wp-content\/uploads\/2024\/09\/24_10_RRT_01_K-286x300.jpg\" alt=\"F\u00fcr das Rohrrahmen-System stehen Oberlichter und Seitenteile zur Wahl, die T\u00fcren k\u00f6nnen zudem mit Fluchtt\u00fcrstangen ausger\u00fcstet werden.\" width=\"286\" height=\"300\" srcset=\"https:\/\/www.pr-neu.de\/newsroom\/wordpress\/wp-content\/uploads\/2024\/09\/24_10_RRT_01_K-286x300.jpg 286w, https:\/\/www.pr-neu.de\/newsroom\/wordpress\/wp-content\/uploads\/2024\/09\/24_10_RRT_01_K-975x1024.jpg 975w, https:\/\/www.pr-neu.de\/newsroom\/wordpress\/wp-content\/uploads\/2024\/09\/24_10_RRT_01_K-768x807.jpg 768w, https:\/\/www.pr-neu.de\/newsroom\/wordpress\/wp-content\/uploads\/2024\/09\/24_10_RRT_01_K-1462x1536.jpg 1462w, https:\/\/www.pr-neu.de\/newsroom\/wordpress\/wp-content\/uploads\/2024\/09\/24_10_RRT_01_K-1950x2048.jpg 1950w, https:\/\/www.pr-neu.de\/newsroom\/wordpress\/wp-content\/uploads\/2024\/09\/24_10_RRT_01_K-105x110.jpg 105w, https:\/\/www.pr-neu.de\/newsroom\/wordpress\/wp-content\/uploads\/2024\/09\/24_10_RRT_01_K-400x420.jpg 400w, https:\/\/www.pr-neu.de\/newsroom\/wordpress\/wp-content\/uploads\/2024\/09\/24_10_RRT_01_K-409x430.jpg 409w\" sizes=\"auto, (max-width: 286px) 100vw, 286px\" \/><\/a><\/p>\n<p style=\"text-align: center;\">F\u00fcr das Rohrrahmen-System stehen Oberlichter und Seitenteile zur Wahl, die T\u00fcren k\u00f6nnen zudem mit Fluchtt\u00fcrstangen ausger\u00fcstet werden.<\/p>\n<p>&nbsp;<\/p>\n<p><a href=\"http:\/\/www.pr-neu.de\/newsroom\/wordpress\/wp-content\/uploads\/2024\/09\/24_10_RRT_02_K.jpg\" target=\"_blank\" rel=\"noopener\"><img loading=\"lazy\" decoding=\"async\" class=\"aligncenter wp-image-17147 size-medium\" src=\"http:\/\/www.pr-neu.de\/newsroom\/wordpress\/wp-content\/uploads\/2024\/09\/24_10_RRT_02_K-300x300.jpg\" alt=\"Einfl\u00fcgelige Variante. Die eleganten T\u00fcren mit einer Bautiefe von 90 Millimetern sind hoch transparent mit einer Ansichtsbreite von 71 Millimeter f\u00fcr den Blendrahmen bzw. 145 Millimeter f\u00fcr Blendrahmen und T\u00fcrfl\u00fcgel.\" width=\"300\" height=\"300\" srcset=\"https:\/\/www.pr-neu.de\/newsroom\/wordpress\/wp-content\/uploads\/2024\/09\/24_10_RRT_02_K-300x300.jpg 300w, https:\/\/www.pr-neu.de\/newsroom\/wordpress\/wp-content\/uploads\/2024\/09\/24_10_RRT_02_K-1024x1024.jpg 1024w, https:\/\/www.pr-neu.de\/newsroom\/wordpress\/wp-content\/uploads\/2024\/09\/24_10_RRT_02_K-150x150.jpg 150w, https:\/\/www.pr-neu.de\/newsroom\/wordpress\/wp-content\/uploads\/2024\/09\/24_10_RRT_02_K-768x768.jpg 768w, https:\/\/www.pr-neu.de\/newsroom\/wordpress\/wp-content\/uploads\/2024\/09\/24_10_RRT_02_K-1536x1536.jpg 1536w, https:\/\/www.pr-neu.de\/newsroom\/wordpress\/wp-content\/uploads\/2024\/09\/24_10_RRT_02_K-2048x2048.jpg 2048w, https:\/\/www.pr-neu.de\/newsroom\/wordpress\/wp-content\/uploads\/2024\/09\/24_10_RRT_02_K-250x250.jpg 250w, https:\/\/www.pr-neu.de\/newsroom\/wordpress\/wp-content\/uploads\/2024\/09\/24_10_RRT_02_K-125x125.jpg 125w, https:\/\/www.pr-neu.de\/newsroom\/wordpress\/wp-content\/uploads\/2024\/09\/24_10_RRT_02_K-110x110.jpg 110w, https:\/\/www.pr-neu.de\/newsroom\/wordpress\/wp-content\/uploads\/2024\/09\/24_10_RRT_02_K-420x420.jpg 420w, https:\/\/www.pr-neu.de\/newsroom\/wordpress\/wp-content\/uploads\/2024\/09\/24_10_RRT_02_K-430x430.jpg 430w\" sizes=\"auto, (max-width: 300px) 100vw, 300px\" \/><\/a><\/p>\n<p style=\"text-align: center;\">Einfl\u00fcgelige Variante. Die eleganten T\u00fcren mit einer Bautiefe von 90 Millimetern sind hoch transparent mit einer Ansichtsbreite von 71 Millimeter f\u00fcr den Blendrahmen bzw. 145 Millimeter f\u00fcr Blendrahmen und T\u00fcrfl\u00fcgel.<\/p>\n<p>&nbsp;<\/p>\n<p><a href=\"http:\/\/www.pr-neu.de\/newsroom\/wordpress\/wp-content\/uploads\/2024\/09\/24_10_RRT_03_K.jpg\" target=\"_blank\" rel=\"noopener\"><img loading=\"lazy\" decoding=\"async\" class=\"aligncenter wp-image-17148 size-medium\" src=\"http:\/\/www.pr-neu.de\/newsroom\/wordpress\/wp-content\/uploads\/2024\/09\/24_10_RRT_03_K-300x200.jpg\" alt=\"System ohne Grenze: Im Zusammenspiel mit Verglasungs-w\u00e4nden entstehen elegante, hochtransparente Brandschutz-l\u00f6sungen. Aufgrund der falzoffenen Profile bleibt die Konstruktion dabei besonders variabel und kann bei Umnutzungen neuen Normforderungen angepasst werden.\" width=\"300\" height=\"200\" srcset=\"https:\/\/www.pr-neu.de\/newsroom\/wordpress\/wp-content\/uploads\/2024\/09\/24_10_RRT_03_K-300x200.jpg 300w, https:\/\/www.pr-neu.de\/newsroom\/wordpress\/wp-content\/uploads\/2024\/09\/24_10_RRT_03_K-1024x683.jpg 1024w, https:\/\/www.pr-neu.de\/newsroom\/wordpress\/wp-content\/uploads\/2024\/09\/24_10_RRT_03_K-768x512.jpg 768w, https:\/\/www.pr-neu.de\/newsroom\/wordpress\/wp-content\/uploads\/2024\/09\/24_10_RRT_03_K-1536x1025.jpg 1536w, https:\/\/www.pr-neu.de\/newsroom\/wordpress\/wp-content\/uploads\/2024\/09\/24_10_RRT_03_K-2048x1366.jpg 2048w, https:\/\/www.pr-neu.de\/newsroom\/wordpress\/wp-content\/uploads\/2024\/09\/24_10_RRT_03_K-110x73.jpg 110w, https:\/\/www.pr-neu.de\/newsroom\/wordpress\/wp-content\/uploads\/2024\/09\/24_10_RRT_03_K-420x280.jpg 420w, https:\/\/www.pr-neu.de\/newsroom\/wordpress\/wp-content\/uploads\/2024\/09\/24_10_RRT_03_K-645x430.jpg 645w\" sizes=\"auto, (max-width: 300px) 100vw, 300px\" \/><\/a><\/p>\n<p style=\"text-align: center;\">System ohne Grenze: Im Zusammenspiel mit Verglasungsw\u00e4nden entstehen elegante, hochtransparente Brandschutzl\u00f6sungen. Aufgrund der falzoffenen Profile bleibt die Konstruktion dabei besonders variabel und kann bei Umnutzungen neuen Normforderungen angepasst werden.<\/p>\n<p style=\"text-align: center;\">Alle Bilder: Sch\u00fcco\/Teckentrup<\/p>\n<p>&nbsp;<\/p>\n<hr \/>\n<p>&nbsp;<\/p>\n<p>Abdruck honorarfrei, Belegexemplar erbeten<\/p>\n","protected":false},"excerpt":{"rendered":"<p>Mit Au\u00dfent\u00fcren und weiteren Sortimentserweiterungen baut Teckentrup 2025 das Sch\u00fcco-Rohrprofilsystem aus. Das Innent\u00fcrenprogramm erh\u00e4lt T\u00fcren mit Oberlichtern und Seitenteilen.<\/p>\n","protected":false},"author":9,"featured_media":17148,"comment_status":"closed","ping_status":"open","sticky":false,"template":"","format":"standard","meta":{"footnotes":""},"categories":[18],"tags":[2398,94,199,3140,2239,2609,565,577,589],"class_list":["post-17145","post","type-post","status-publish","format-standard","has-post-thumbnail","hentry","category-teckentrup","tag-aussentuer","tag-brandschutz","tag-feuerschutz","tag-made-in-germany","tag-qualitaet","tag-rohrrahmentuer","tag-teckentrup","tag-tor","tag-tur"],"_links":{"self":[{"href":"https:\/\/www.pr-neu.de\/newsroom\/wp-json\/wp\/v2\/posts\/17145","targetHints":{"allow":["GET"]}}],"collection":[{"href":"https:\/\/www.pr-neu.de\/newsroom\/wp-json\/wp\/v2\/posts"}],"about":[{"href":"https:\/\/www.pr-neu.de\/newsroom\/wp-json\/wp\/v2\/types\/post"}],"author":[{"embeddable":true,"href":"https:\/\/www.pr-neu.de\/newsroom\/wp-json\/wp\/v2\/users\/9"}],"replies":[{"embeddable":true,"href":"https:\/\/www.pr-neu.de\/newsroom\/wp-json\/wp\/v2\/comments?post=17145"}],"version-history":[{"count":1,"href":"https:\/\/www.pr-neu.de\/newsroom\/wp-json\/wp\/v2\/posts\/17145\/revisions"}],"predecessor-version":[{"id":17149,"href":"https:\/\/www.pr-neu.de\/newsroom\/wp-json\/wp\/v2\/posts\/17145\/revisions\/17149"}],"wp:featuredmedia":[{"embeddable":true,"href":"https:\/\/www.pr-neu.de\/newsroom\/wp-json\/wp\/v2\/media\/17148"}],"wp:attachment":[{"href":"https:\/\/www.pr-neu.de\/newsroom\/wp-json\/wp\/v2\/media?parent=17145"}],"wp:term":[{"taxonomy":"category","embeddable":true,"href":"https:\/\/www.pr-neu.de\/newsroom\/wp-json\/wp\/v2\/categories?post=17145"},{"taxonomy":"post_tag","embeddable":true,"href":"https:\/\/www.pr-neu.de\/newsroom\/wp-json\/wp\/v2\/tags?post=17145"}],"curies":[{"name":"wp","href":"https:\/\/api.w.org\/{rel}","templated":true}]}}