{"id":17115,"date":"2024-09-16T08:03:43","date_gmt":"2024-09-16T06:03:43","guid":{"rendered":"https:\/\/www.pr-neu.de\/newsroom\/?p=17115"},"modified":"2025-02-17T15:28:28","modified_gmt":"2025-02-17T14:28:28","slug":"metallbauunternehmen-nachfolge-regeln-mit-konzept","status":"publish","type":"post","link":"https:\/\/www.pr-neu.de\/newsroom\/metallbauunternehmen-nachfolge-regeln-mit-konzept\/","title":{"rendered":"Metallbauunternehmen: Nachfolge regeln mit Konzept"},"content":{"rendered":"<p>&nbsp;<\/p>\n<p><u>TS-Aluminium Seminare 2025: Grundwissen und Konzepte zum Nachfolgeprozess<\/u><\/p>\n<p><strong>Mit neuen Formaten weitet TS-Aluminium 2025 sein Seminarangebot weiter aus und widmet sich als Partner der Verarbeiter wie schon 2024 auch unternehmerischen Themen. Mit Blick auf den Generationswechsel in der Branche vermitteln sie Know-how und durchdachte Konzepte f\u00fcr die Unternehmensnachfolge und den Unternehmensverkauf.<\/strong><\/p>\n<p>Zwei neue Seminar-Formate pr\u00e4sentiert TS-Aluminium f\u00fcr 2025: Das Seminar \u201eUnternehmensnachfolge\u201c vermittelt wichtiges Wissen zur Planung und Wertbestimmung f\u00fcr den Nachfolgeprozess. Das Seminar \u201eUnternehmensverkauf\u201c zeigt das Vorgehen f\u00fcr eine erfolgreiche Betriebs\u00fcbernahme und den Inhalt eines zielf\u00fchrenden \u00dcbernahmekonzepts.<\/p>\n<p>Mit \u00fcber 50 Jahren Erfahrung und enger Vernetzung in der Branche kennt TS-Aluminium die Herausforderungen der Fachhandwerksbetriebe im Metallbau. Nicht wenige Unternehmen stehen vor einem Generationswechsel \u2013 und hadern mit dessen H\u00fcrden. Als Partner der Praxisbetriebe erg\u00e4nzt der Hersteller die Weiterbildungen seiner TS-Aluminium Akademie, damit Betriebe sowohl die Nachfolgevorbereitung als auch die Aufgaben der \u00dcbernahme durchdacht meistern. Zu den Inhalten der Seminare geh\u00f6ren steuerliche Aspekte, die Ermittlung des Unternehmenswerts und das Entwickeln von Konzepten f\u00fcr die erfolgreiche \u00dcbergabe des Unternehmens.<\/p>\n<p>Fragen an Kim-Sarah Ukena (Telefon: +49 (0) 4943 9191-805)<br \/>\nAnmeldung unter www.ts-alu.de\/seminare<\/p>\n<p>&nbsp;<\/p>\n<hr \/>\n<p>&nbsp;<\/p>\n<p><strong>Seminar-Termine 2025<\/strong><\/p>\n<p>TS Seminar Unternehmensnachfolge<br \/>\n31.03.2025 Gro\u00dfefehn<br \/>\n14.04.2025 N\u00fcrnberg<br \/>\nTeilnahmegeb\u00fchr: 159 Euro zzgl. MwSt.<\/p>\n<p>TS Seminar Unternehmensverkauf<br \/>\n01.04.2025 Gro\u00dfefehn<br \/>\n15.04.2025 N\u00fcrnberg<br \/>\nTeilnahmegeb\u00fchr: 159 Euro zzgl. MwSt.<\/p>\n<p>&nbsp;<\/p>\n<hr \/>\n<p>&nbsp;<\/p>\n<p><a href=\"http:\/\/www.pr-neu.de\/newsroom\/wordpress\/wp-content\/uploads\/2024\/09\/24-18_Seminare_Unternehmensnachfolge_K.jpg\"><img loading=\"lazy\" decoding=\"async\" class=\"aligncenter size-medium wp-image-17216\" src=\"http:\/\/www.pr-neu.de\/newsroom\/wordpress\/wp-content\/uploads\/2024\/09\/24-18_Seminare_Unternehmensnachfolge_K-300x153.jpg\" alt=\"TS-Aluminium Seminare 2025 zur Unternehmensnachfolge\" width=\"300\" height=\"153\" srcset=\"https:\/\/www.pr-neu.de\/newsroom\/wordpress\/wp-content\/uploads\/2024\/09\/24-18_Seminare_Unternehmensnachfolge_K-300x153.jpg 300w, https:\/\/www.pr-neu.de\/newsroom\/wordpress\/wp-content\/uploads\/2024\/09\/24-18_Seminare_Unternehmensnachfolge_K-1024x521.jpg 1024w, https:\/\/www.pr-neu.de\/newsroom\/wordpress\/wp-content\/uploads\/2024\/09\/24-18_Seminare_Unternehmensnachfolge_K-768x391.jpg 768w, https:\/\/www.pr-neu.de\/newsroom\/wordpress\/wp-content\/uploads\/2024\/09\/24-18_Seminare_Unternehmensnachfolge_K-1536x781.jpg 1536w, https:\/\/www.pr-neu.de\/newsroom\/wordpress\/wp-content\/uploads\/2024\/09\/24-18_Seminare_Unternehmensnachfolge_K-2048x1042.jpg 2048w, https:\/\/www.pr-neu.de\/newsroom\/wordpress\/wp-content\/uploads\/2024\/09\/24-18_Seminare_Unternehmensnachfolge_K-110x56.jpg 110w, https:\/\/www.pr-neu.de\/newsroom\/wordpress\/wp-content\/uploads\/2024\/09\/24-18_Seminare_Unternehmensnachfolge_K-420x214.jpg 420w, https:\/\/www.pr-neu.de\/newsroom\/wordpress\/wp-content\/uploads\/2024\/09\/24-18_Seminare_Unternehmensnachfolge_K-770x392.jpg 770w\" sizes=\"auto, (max-width: 300px) 100vw, 300px\" \/><\/a><\/p>\n<p style=\"text-align: center;\">TS-Aluminium bietet 2025 Seminare mit Grundwissen und Konzepten zum Nachfolgeprozess an.<\/p>\n<p style=\"text-align: center;\">Bild: Kzenon, Adobe Stock \/ Portraits mit freundlicher Genehmigung von Jan Hammesfahr<\/p>\n<p>&nbsp;<\/p>\n<hr \/>\n<p>&nbsp;<\/p>\n<p><strong>Die Nummer Eins unter den Dachprofilsystemen<\/strong><\/p>\n<p>TS-Aluminium ist der f\u00fchrende Anbieter von hochwertigen Aluminium-Profilsystemen \u201eMade in Germany\u201c. Das Familienunternehmen entwickelt, produziert und liefert ma\u00dfgeschneiderte Systeml\u00f6sungen f\u00fcr Winterg\u00e4rten, Sommerg\u00e4rten und Terrassend\u00e4cher in Premium-Qualit\u00e4t. Zus\u00e4tzlich geh\u00f6ren Faltanlagen, \u00d6ffnungselemente, L\u00fcftungs- und Steuerungssysteme zum Portfolio des \u201eHidden Champions\u201c. Gemeinsam mit einem Netz aus Verarbeitern und Fachh\u00e4ndlern setzt TS-Aluminium auch im europ\u00e4ischen Ausland Standards und steht f\u00fcr h\u00f6chste Qualit\u00e4t und Kundenorientierung. Mit mehr als 40 Jahren Expertise entwickelt der Systemgeber seine Produkte kontinuierlich weiter und bietet umfassende Beratungs- und Serviceleistungen auf Augenh\u00f6he.<\/p>\n<p>Vom Zwei-Mann-Betrieb zum Marktf\u00fchrer in Deutschland: TS-Aluminium besch\u00e4ftigt in Gro\u00dfefehn \u00fcber 130 Arbeitnehmer.<\/p>\n<p>&nbsp;<\/p>\n<hr \/>\n<p>&nbsp;<\/p>\n<p>Abdruck honorarfrei, Belegexemplar erbeten<\/p>\n","protected":false},"excerpt":{"rendered":"<p>TS-Aluminium Seminare 2025: Grundwissen und Konzepte zum Nachfolgeprozess<\/p>\n","protected":false},"author":10,"featured_media":17218,"comment_status":"closed","ping_status":"open","sticky":false,"template":"","format":"standard","meta":{"footnotes":""},"categories":[1761],"tags":[3122,3126,1965,3128,3120,455,461,1793,3124,1637],"class_list":["post-17115","post","type-post","status-publish","format-standard","has-post-thumbnail","hentry","category-ts-aluminium","tag-generationswechsel","tag-inhaberwechsel","tag-lehrgang","tag-metallbau","tag-nachfolge","tag-schulung","tag-seminar","tag-ts-aluminium","tag-unternehmensverkauf","tag-weiterbildung"],"_links":{"self":[{"href":"https:\/\/www.pr-neu.de\/newsroom\/wp-json\/wp\/v2\/posts\/17115","targetHints":{"allow":["GET"]}}],"collection":[{"href":"https:\/\/www.pr-neu.de\/newsroom\/wp-json\/wp\/v2\/posts"}],"about":[{"href":"https:\/\/www.pr-neu.de\/newsroom\/wp-json\/wp\/v2\/types\/post"}],"author":[{"embeddable":true,"href":"https:\/\/www.pr-neu.de\/newsroom\/wp-json\/wp\/v2\/users\/10"}],"replies":[{"embeddable":true,"href":"https:\/\/www.pr-neu.de\/newsroom\/wp-json\/wp\/v2\/comments?post=17115"}],"version-history":[{"count":5,"href":"https:\/\/www.pr-neu.de\/newsroom\/wp-json\/wp\/v2\/posts\/17115\/revisions"}],"predecessor-version":[{"id":17450,"href":"https:\/\/www.pr-neu.de\/newsroom\/wp-json\/wp\/v2\/posts\/17115\/revisions\/17450"}],"wp:featuredmedia":[{"embeddable":true,"href":"https:\/\/www.pr-neu.de\/newsroom\/wp-json\/wp\/v2\/media\/17218"}],"wp:attachment":[{"href":"https:\/\/www.pr-neu.de\/newsroom\/wp-json\/wp\/v2\/media?parent=17115"}],"wp:term":[{"taxonomy":"category","embeddable":true,"href":"https:\/\/www.pr-neu.de\/newsroom\/wp-json\/wp\/v2\/categories?post=17115"},{"taxonomy":"post_tag","embeddable":true,"href":"https:\/\/www.pr-neu.de\/newsroom\/wp-json\/wp\/v2\/tags?post=17115"}],"curies":[{"name":"wp","href":"https:\/\/api.w.org\/{rel}","templated":true}]}}