{"id":17112,"date":"2024-09-16T08:02:39","date_gmt":"2024-09-16T06:02:39","guid":{"rendered":"https:\/\/www.pr-neu.de\/newsroom\/?p=17112"},"modified":"2025-02-17T15:28:54","modified_gmt":"2025-02-17T14:28:54","slug":"know-how-fuer-metallbau-profis","status":"publish","type":"post","link":"https:\/\/www.pr-neu.de\/newsroom\/know-how-fuer-metallbau-profis\/","title":{"rendered":"Know-how f\u00fcr Metallbau-Profis"},"content":{"rendered":"<p>&nbsp;<\/p>\n<p><u>TS-Aluminium Seminare 2025: Fachwissen ausbauen f\u00fcr Planer und Monteure<\/u><\/p>\n<p><strong>Mit den aktuellen Terminen f\u00fcr 2025 weitet TS-Aluminium sein Seminarangebot an der hauseigenen Akademie aus und pr\u00e4sentiert neue Formate mit wichtigem Know-how f\u00fcr Planer- und Montagebetriebe im Sommergarten-, Wintergarten- und Terrassendachbau.<\/strong><\/p>\n<p>Als Partner von Planern und Fachhandwerkern kennt der Hersteller TS-Aluminium die Herausforderungen der Branche und den Nutzen von aktuellem Fachwissen. Daher vermitteln die Seminare der \u201eTS-Aluminium Akademie\u201c kompaktes Know-how, direkt auf die Bed\u00fcrfnisse und Gegebenheiten der Fachbetriebe zugeschnitten.<\/p>\n<p>Das Seminar mit Grundlagen zur Planung von Sommerg\u00e4rten, Winterg\u00e4rten und Terrassend\u00e4chern umfasst hilfreiche Tools wie den Konfigurator. Neben Schneelastermittlung und Profilauswahl erfahren Planer unter anderem alles Wichtige \u00fcber die St\u00fctzenauswahl, Rinnen- und Tr\u00e4ger\u00fcberst\u00e4nde. F\u00fcr die Planungssoftware WigaCad veranstaltet TS-Aluminium ein eigenst\u00e4ndiges Seminar. Mit dem Programm lassen sich Projekte grafisch ansprechend darstellen, das erforderliche Material, Zuschnitt- und Glasma\u00dfe ermitteln, sowie Preise kalkulieren. Das Montage-Seminar vermittelt kompaktes Wissen zum fachgerechten Bau der Konstruktionen. Es kombiniert theoretische Grundlagen in Statik, L\u00fcftung und W\u00e4rmeschutz mit der Montage in der Praxis.<\/p>\n<p>Im Seminar \u201eDeine Marke\u201c erfahren Unternehmer, wie sie ihren Betrieb am Markt positionieren, um sich von Wettbewerben abzuheben und eine individuelle Markenstrategie zu entwickeln und selbstst\u00e4ndig umzusetzen.<\/p>\n<p>2025 geht TS-Aluminium als Partner des Handwerks noch einen Schritt weiter und unterst\u00fctzt Unternehmen mit den Seminaren \u201eUnternehmensnachfolge\u201c und \u201eUnternehmensverkauf\u201c beim Nachfolgeprozess \u2013 eine der Herausforderungen der Branche.<\/p>\n<p>Fragen an Kim-Sarah Ukena (Telefon: +49 (0) 4943 9191-805)<br \/>\nAnmeldung unter www.ts-alu.de\/seminare<\/p>\n<p>&nbsp;<\/p>\n<hr \/>\n<p>&nbsp;<\/p>\n<p><strong><u>Die Seminar-Termine 2025<\/u><\/strong><\/p>\n<p><strong>TS Seminar Planung f\u00fcr Winterg\u00e4rten, Sommerg\u00e4rten und Terrassend\u00e4cher<\/strong><br \/>\n15.01.2025 Gro\u00dfefehn<br \/>\n22.01.2025 Gro\u00dfefehn<br \/>\n05.02.2025 Gro\u00dfefehn<br \/>\nTeilnahmegeb\u00fchr: 159 Euro zzgl. MwSt.<\/p>\n<p><strong>TS Seminar Montage f\u00fcr Winterg\u00e4rten, Sommerg\u00e4rten und Terrassend\u00e4cher<\/strong><br \/>\n16.01.2025 Gro\u00dfefehn<br \/>\n23.01.2025 Gro\u00dfefehn<br \/>\n06.02.2025 Gro\u00dfefehn<br \/>\nTeilnahmegeb\u00fchr: 159 Euro zzgl. MwSt.<\/p>\n<p><strong>TS Seminar Software WigaCad<\/strong><br \/>\n27.01.2025 Gro\u00dfefehn (Anf\u00e4nger)<br \/>\n28.01.2025 Gro\u00dfefehn (Fortgeschrittene)<br \/>\n10.02.2025 Gro\u00dfefehn (Anf\u00e4nger)<br \/>\n11.02.2025 Gro\u00dfefehn (Fortgeschrittene)<br \/>\nTeilnahmegeb\u00fchr: 159 Euro zzgl. MwSt.<\/p>\n<p><strong>TS Seminar Deine Marke<\/strong><br \/>\n17.03.2025 Gro\u00dfefehn<br \/>\n24.03.2025 Gro\u00dfefehn<br \/>\nTeilnahmegeb\u00fchr: 159 Euro zzgl. MwSt.<\/p>\n<p>&nbsp;<\/p>\n<hr \/>\n<p>&nbsp;<\/p>\n<p><a href=\"http:\/\/www.pr-neu.de\/newsroom\/wordpress\/wp-content\/uploads\/2024\/09\/24-17_Schulungszentrum_K.jpg\" target=\"_blank\" rel=\"noopener\"><img loading=\"lazy\" decoding=\"async\" class=\"wp-image-17113 size-medium aligncenter\" src=\"http:\/\/www.pr-neu.de\/newsroom\/wordpress\/wp-content\/uploads\/2024\/09\/24-17_Schulungszentrum_K-300x200.jpg\" alt=\"TS-Aluminium bietet 2025 Seminare zu Planung, Montage, WigaCad und Markenpositionierung in Gro\u00dfefehn an \u2013 unter anderem im eigenen Schulungszentrum.\" width=\"300\" height=\"200\" srcset=\"https:\/\/www.pr-neu.de\/newsroom\/wordpress\/wp-content\/uploads\/2024\/09\/24-17_Schulungszentrum_K-300x200.jpg 300w, https:\/\/www.pr-neu.de\/newsroom\/wordpress\/wp-content\/uploads\/2024\/09\/24-17_Schulungszentrum_K-1024x681.jpg 1024w, https:\/\/www.pr-neu.de\/newsroom\/wordpress\/wp-content\/uploads\/2024\/09\/24-17_Schulungszentrum_K-768x511.jpg 768w, https:\/\/www.pr-neu.de\/newsroom\/wordpress\/wp-content\/uploads\/2024\/09\/24-17_Schulungszentrum_K-1536x1022.jpg 1536w, https:\/\/www.pr-neu.de\/newsroom\/wordpress\/wp-content\/uploads\/2024\/09\/24-17_Schulungszentrum_K-2048x1363.jpg 2048w, https:\/\/www.pr-neu.de\/newsroom\/wordpress\/wp-content\/uploads\/2024\/09\/24-17_Schulungszentrum_K-110x73.jpg 110w, https:\/\/www.pr-neu.de\/newsroom\/wordpress\/wp-content\/uploads\/2024\/09\/24-17_Schulungszentrum_K-420x279.jpg 420w, https:\/\/www.pr-neu.de\/newsroom\/wordpress\/wp-content\/uploads\/2024\/09\/24-17_Schulungszentrum_K-646x430.jpg 646w\" sizes=\"auto, (max-width: 300px) 100vw, 300px\" \/><\/a><\/p>\n<p style=\"text-align: center;\">TS-Aluminium bietet 2025 Seminare zu Planung, Montage, WigaCad und Markenpositionierung in Gro\u00dfefehn an \u2013 unter anderem im eigenen Schulungszentrum.<br \/>\nBild: TS-Aluminium-Profilsysteme GmbH &amp; Co. KG<\/p>\n<p>&nbsp;<\/p>\n<hr \/>\n<p>&nbsp;<\/p>\n<p><strong>Die Nummer Eins unter den Dachprofilsystemen<\/strong><\/p>\n<p>TS-Aluminium ist der f\u00fchrende Anbieter von hochwertigen Aluminium-Profilsystemen \u201eMade in Germany\u201c. Das Familienunternehmen entwickelt, produziert und liefert ma\u00dfgeschneiderte Systeml\u00f6sungen f\u00fcr Winterg\u00e4rten, Sommerg\u00e4rten und Terrassend\u00e4cher in Premium-Qualit\u00e4t. Zus\u00e4tzlich geh\u00f6ren Faltanlagen, \u00d6ffnungselemente, L\u00fcftungs- und Steuerungssysteme zum Portfolio des \u201eHidden Champions\u201c. Gemeinsam mit einem Netz aus Verarbeitern und Fachh\u00e4ndlern setzt TS-Aluminium auch im europ\u00e4ischen Ausland Standards und steht f\u00fcr h\u00f6chste Qualit\u00e4t und Kundenorientierung. Mit mehr als 40 Jahren Expertise entwickelt der Systemgeber seine Produkte kontinuierlich weiter und bietet umfassende Beratungs- und Serviceleistungen auf Augenh\u00f6he.<\/p>\n<p>Vom Zwei-Mann-Betrieb zum Marktf\u00fchrer in Deutschland: TS-Aluminium besch\u00e4ftigt in Gro\u00dfefehn \u00fcber 130 Arbeitnehmer.<\/p>\n<p>&nbsp;<\/p>\n<hr \/>\n<p>&nbsp;<\/p>\n<p>Abdruck honorarfrei, Belegexemplar erbeten<\/p>\n","protected":false},"excerpt":{"rendered":"<p>Mit den aktuellen Terminen f\u00fcr 2025 weitet TS-Aluminium sein Seminarangebot an der hauseigenen Akademie aus und pr\u00e4sentiert neue Formate mit wichtigem Know-how f\u00fcr Planer- und Montagebetriebe im Sommergarten-, Wintergarten- und Terrassendachbau.<\/p>\n","protected":false},"author":10,"featured_media":17113,"comment_status":"closed","ping_status":"open","sticky":false,"template":"","format":"standard","meta":{"footnotes":""},"categories":[1761],"tags":[2535,1965,455,461,1793,1637],"class_list":["post-17112","post","type-post","status-publish","format-standard","has-post-thumbnail","hentry","category-ts-aluminium","tag-fachwissen","tag-lehrgang","tag-schulung","tag-seminar","tag-ts-aluminium","tag-weiterbildung"],"_links":{"self":[{"href":"https:\/\/www.pr-neu.de\/newsroom\/wp-json\/wp\/v2\/posts\/17112","targetHints":{"allow":["GET"]}}],"collection":[{"href":"https:\/\/www.pr-neu.de\/newsroom\/wp-json\/wp\/v2\/posts"}],"about":[{"href":"https:\/\/www.pr-neu.de\/newsroom\/wp-json\/wp\/v2\/types\/post"}],"author":[{"embeddable":true,"href":"https:\/\/www.pr-neu.de\/newsroom\/wp-json\/wp\/v2\/users\/10"}],"replies":[{"embeddable":true,"href":"https:\/\/www.pr-neu.de\/newsroom\/wp-json\/wp\/v2\/comments?post=17112"}],"version-history":[{"count":3,"href":"https:\/\/www.pr-neu.de\/newsroom\/wp-json\/wp\/v2\/posts\/17112\/revisions"}],"predecessor-version":[{"id":17451,"href":"https:\/\/www.pr-neu.de\/newsroom\/wp-json\/wp\/v2\/posts\/17112\/revisions\/17451"}],"wp:featuredmedia":[{"embeddable":true,"href":"https:\/\/www.pr-neu.de\/newsroom\/wp-json\/wp\/v2\/media\/17113"}],"wp:attachment":[{"href":"https:\/\/www.pr-neu.de\/newsroom\/wp-json\/wp\/v2\/media?parent=17112"}],"wp:term":[{"taxonomy":"category","embeddable":true,"href":"https:\/\/www.pr-neu.de\/newsroom\/wp-json\/wp\/v2\/categories?post=17112"},{"taxonomy":"post_tag","embeddable":true,"href":"https:\/\/www.pr-neu.de\/newsroom\/wp-json\/wp\/v2\/tags?post=17112"}],"curies":[{"name":"wp","href":"https:\/\/api.w.org\/{rel}","templated":true}]}}