{"id":17109,"date":"2024-09-16T08:00:34","date_gmt":"2024-09-16T06:00:34","guid":{"rendered":"https:\/\/www.pr-neu.de\/newsroom\/?p=17109"},"modified":"2025-10-06T10:45:38","modified_gmt":"2025-10-06T08:45:38","slug":"lamellendach-mit-integrierten-glaselementen","status":"publish","type":"post","link":"https:\/\/www.pr-neu.de\/newsroom\/lamellendach-mit-integrierten-glaselementen\/","title":{"rendered":"Lamellendach mit integrierten Glaselementen"},"content":{"rendered":"<p>&nbsp;<\/p>\n<p><u>Optimale Kombination von Licht, Schatten und Bel\u00fcftung<\/u><\/p>\n<p><strong>Eine schattige Terrassen\u00fcberdachung und dennoch genug Licht im Haus: Die neue Lamellendach-Variante von TS-Aluminium verf\u00fcgt \u00fcber integrierte Glaselemente \u2013 und kombiniert so alle Vorteile eines Lamellendachs mit dem zus\u00e4tzlichen Licht einer Glas\u00fcberdachung.<\/strong><\/p>\n<p>Das Lamellendach von TS-Aluminium bietet mit zahlreichen Erweiterungen viel Gestaltungsfreiheit. Dazu geh\u00f6rt jetzt auch die neueste Variante, bei der ein Abschnitt der Terrassen\u00fcberdachung mit 10mm VSG verglast ist \u2013 so kommt auch bei geschlossenen Lamellen genug Licht ins Haus. Die einzelnen Scheiben k\u00f6nnen bis zu einem Meter breit sein. F\u00fcr die Wahl zwischen mehr Lamellen- oder mehr Glasfl\u00e4che ist die Tiefe der Scheiben anpassbar. Der Glasabschnitt l\u00e4sst sich sowohl an der kurzen, als auch an der langen Seite des Daches platzieren. Ge\u00f6ffnet lassen die extrabreiten Lamellen besonders viel Sonne auf die Terrasse. TS-Aluminium reagiert mit der neuen Variante auf die gestiegene Nachfrage an Lamellend\u00e4chern und dem Wunsch von Bauherren nach hellen Wohnr\u00e4umen.<\/p>\n<p>Dabei bleiben die Vorteile einer Lamellen-\u00dcberdachung erhalten: Bis 135 Grad drehbare Lamellen regulieren Licht, Schatten und nat\u00fcrliche Bel\u00fcftung unter dem Dach. Die hochwertige Wetterautomatik (Regenw\u00e4chter) sorgt bei Niederschlag daf\u00fcr, dass sich das Dach von alleine schlie\u00dft. Geschlossen tr\u00e4gt das Dach bis zu 350 Kilogramm Schnee pro Quadratmeter.<\/p>\n<p><strong>Gestaltungsfreiheit und besonders montagefreundlich<\/strong><br \/>\nDer Freiraum f\u00fcr pers\u00f6nliche Gestaltung ist ein wichtiger Bestandteil der Terrassend\u00e4cher von TS-Aluminium. Daher sind auch reichlich Extras verf\u00fcgbar, u.a. LED-Beleuchtung und Heizsysteme. Die Glasfl\u00e4che l\u00e4sst sich mit Unter- oder \u00dcberglasmarkisen verschatten. Der Farbgestaltung des Lamellendaches sind dank der werkseitigen Pulverbeschichtung keine Grenzen gesetzt \u2013 und die Profile kommen gleich im Wunschfarbton auf die Baustelle. Das geradlinige Dach f\u00fcgt sich so harmonisch in die Architektur von Haus und Garten ein. Die Ma\u00dfe reichen bis 8,00 Meter Breite und 4,50 Meter Tiefe.<\/p>\n<p>W\u00e4hrend der Montage zeigen sich die Vorteile von durchdachten Systemen, Service und Qualit\u00e4t: Das Lamellendach ist als vorkonfektionierter Bausatz mit werksseitigem Zuschnitt verf\u00fcgbar \u2013 dies erlaubt einen einfachen und zeitoptimierten Aufbau. Zus\u00e4tzlich erleichtert der neue Eckverbinder \u201eAusf\u00fchrung B\u201c die Montage. Die seitlichen Rahmenelemente der Konstruktion und die St\u00fctzen lassen sich mit wenigen, leicht erreichbaren Verschraub-Punkten verbinden \u2013 im Anschluss verdeckt eine Kappe die Schraubk\u00f6pfe.<\/p>\n<p>Mehr Infos unter:<br \/>\n<a href=\"https:\/\/www.ts-alu.com\/produkte\/dachprofilsysteme\/lamellendach\/\" target=\"_blank\" rel=\"noopener\">www.ts-alu.com\/produkte\/dachprofilsysteme\/lamellendach\/<\/a><\/p>\n<p>&nbsp;<\/p>\n<hr \/>\n<p>&nbsp;<\/p>\n<p><u><a href=\"http:\/\/www.pr-neu.de\/newsroom\/wordpress\/wp-content\/uploads\/2024\/09\/24-16_Lamellendach_mit_Glas_K.jpg\" target=\"_blank\" rel=\"noopener\"><img loading=\"lazy\" decoding=\"async\" class=\"aligncenter wp-image-17110 size-medium\" src=\"http:\/\/www.pr-neu.de\/newsroom\/wordpress\/wp-content\/uploads\/2024\/09\/24-16_Lamellendach_mit_Glas_K-300x200.jpg\" alt=\"Die neue Lamellendach-Variante von TS-Aluminium verf\u00fcgt \u00fcber einen integrierten verglasten Abschnitt und l\u00e4sst so auch bei geschlossenen Lamellen genug Licht ins Haus.\" width=\"300\" height=\"200\" srcset=\"https:\/\/www.pr-neu.de\/newsroom\/wordpress\/wp-content\/uploads\/2024\/09\/24-16_Lamellendach_mit_Glas_K-300x200.jpg 300w, https:\/\/www.pr-neu.de\/newsroom\/wordpress\/wp-content\/uploads\/2024\/09\/24-16_Lamellendach_mit_Glas_K-1024x683.jpg 1024w, https:\/\/www.pr-neu.de\/newsroom\/wordpress\/wp-content\/uploads\/2024\/09\/24-16_Lamellendach_mit_Glas_K-768x512.jpg 768w, https:\/\/www.pr-neu.de\/newsroom\/wordpress\/wp-content\/uploads\/2024\/09\/24-16_Lamellendach_mit_Glas_K-1536x1025.jpg 1536w, https:\/\/www.pr-neu.de\/newsroom\/wordpress\/wp-content\/uploads\/2024\/09\/24-16_Lamellendach_mit_Glas_K-2048x1366.jpg 2048w, https:\/\/www.pr-neu.de\/newsroom\/wordpress\/wp-content\/uploads\/2024\/09\/24-16_Lamellendach_mit_Glas_K-110x73.jpg 110w, https:\/\/www.pr-neu.de\/newsroom\/wordpress\/wp-content\/uploads\/2024\/09\/24-16_Lamellendach_mit_Glas_K-420x280.jpg 420w, https:\/\/www.pr-neu.de\/newsroom\/wordpress\/wp-content\/uploads\/2024\/09\/24-16_Lamellendach_mit_Glas_K-645x430.jpg 645w\" sizes=\"auto, (max-width: 300px) 100vw, 300px\" \/><\/a><\/u><\/p>\n<p style=\"text-align: center;\">Die neue Lamellendach-Variante von TS-Aluminium verf\u00fcgt \u00fcber einen integrierten verglasten Abschnitt und l\u00e4sst so auch bei geschlossenen Lamellen genug Licht ins Haus.<br \/>\nBild: TS-Aluminium-Profilsysteme GmbH &amp; Co. KG<\/p>\n<p>&nbsp;<\/p>\n<hr \/>\n<p>&nbsp;<\/p>\n<p><strong>Die Nummer Eins unter den Dachprofilsystemen<\/strong><\/p>\n<p>TS-Aluminium ist der f\u00fchrende Anbieter von hochwertigen Aluminium-Profilsystemen \u201eMade in Germany\u201c. Das Familienunternehmen entwickelt, produziert und liefert ma\u00dfgeschneiderte Systeml\u00f6sungen f\u00fcr Winterg\u00e4rten, Sommerg\u00e4rten und Terrassend\u00e4cher in Premium-Qualit\u00e4t. Zus\u00e4tzlich geh\u00f6ren Faltanlagen, \u00d6ffnungselemente, L\u00fcftungs- und Steuerungssysteme zum Portfolio des \u201eHidden Champions\u201c. Gemeinsam mit einem Netz aus Verarbeitern und Fachh\u00e4ndlern setzt TS-Aluminium auch im europ\u00e4ischen Ausland Standards und steht f\u00fcr h\u00f6chste Qualit\u00e4t und Kundenorientierung. Mit mehr als 40 Jahren Expertise entwickelt der Systemgeber seine Produkte kontinuierlich weiter und bietet umfassende Beratungs- und Serviceleistungen auf Augenh\u00f6he.<\/p>\n<p>Vom Zwei-Mann-Betrieb zum Marktf\u00fchrer in Deutschland: TS-Aluminium besch\u00e4ftigt in Gro\u00dfefehn \u00fcber 130 Arbeitnehmer.<\/p>\n<p>&nbsp;<\/p>\n<hr \/>\n<p>&nbsp;<\/p>\n<p>Abdruck honorarfrei, Belegexemplar erbeten<\/p>\n","protected":false},"excerpt":{"rendered":"<p>Eine schattige Terrassen\u00fcberdachung und dennoch genug Licht im Haus: Die neue Lamellendach-Variante von TS-Aluminium verf\u00fcgt \u00fcber integrierte Glaselemente \u2013 und kombiniert so alle Vorteile eines Lamellendachs mit dem zus\u00e4tzlichen Licht einer Glas\u00fcberdachung.<\/p>\n","protected":false},"author":10,"featured_media":17110,"comment_status":"closed","ping_status":"open","sticky":false,"template":"","format":"standard","meta":{"footnotes":""},"categories":[1761],"tags":[3118,1883,2055,1895,3110,1793],"class_list":["post-17109","post","type-post","status-publish","format-standard","has-post-thumbnail","hentry","category-ts-aluminium","tag-glasdach","tag-lamellendach","tag-terrasse","tag-terrassendach","tag-terrassenueberdachung","tag-ts-aluminium"],"_links":{"self":[{"href":"https:\/\/www.pr-neu.de\/newsroom\/wp-json\/wp\/v2\/posts\/17109","targetHints":{"allow":["GET"]}}],"collection":[{"href":"https:\/\/www.pr-neu.de\/newsroom\/wp-json\/wp\/v2\/posts"}],"about":[{"href":"https:\/\/www.pr-neu.de\/newsroom\/wp-json\/wp\/v2\/types\/post"}],"author":[{"embeddable":true,"href":"https:\/\/www.pr-neu.de\/newsroom\/wp-json\/wp\/v2\/users\/10"}],"replies":[{"embeddable":true,"href":"https:\/\/www.pr-neu.de\/newsroom\/wp-json\/wp\/v2\/comments?post=17109"}],"version-history":[{"count":5,"href":"https:\/\/www.pr-neu.de\/newsroom\/wp-json\/wp\/v2\/posts\/17109\/revisions"}],"predecessor-version":[{"id":17948,"href":"https:\/\/www.pr-neu.de\/newsroom\/wp-json\/wp\/v2\/posts\/17109\/revisions\/17948"}],"wp:featuredmedia":[{"embeddable":true,"href":"https:\/\/www.pr-neu.de\/newsroom\/wp-json\/wp\/v2\/media\/17110"}],"wp:attachment":[{"href":"https:\/\/www.pr-neu.de\/newsroom\/wp-json\/wp\/v2\/media?parent=17109"}],"wp:term":[{"taxonomy":"category","embeddable":true,"href":"https:\/\/www.pr-neu.de\/newsroom\/wp-json\/wp\/v2\/categories?post=17109"},{"taxonomy":"post_tag","embeddable":true,"href":"https:\/\/www.pr-neu.de\/newsroom\/wp-json\/wp\/v2\/tags?post=17109"}],"curies":[{"name":"wp","href":"https:\/\/api.w.org\/{rel}","templated":true}]}}