{"id":17093,"date":"2024-09-04T11:58:35","date_gmt":"2024-09-04T09:58:35","guid":{"rendered":"https:\/\/www.pr-neu.de\/newsroom\/?p=17093"},"modified":"2025-02-17T15:31:54","modified_gmt":"2025-02-17T14:31:54","slug":"leichter-montieren-mit-neuer-eckverbindung","status":"publish","type":"post","link":"https:\/\/www.pr-neu.de\/newsroom\/leichter-montieren-mit-neuer-eckverbindung\/","title":{"rendered":"Leichter montieren mit neuer Eckverbindung"},"content":{"rendered":"<p><u>Montage-Praxis: Terrassend\u00e4cher, Sommer- und Winterg\u00e4rten<\/u><\/p>\n<p>Die neue Eckverbindung \u201eAusf\u00fchrung B\u201c von TS-Aluminium erleichtert die Montage von Terrassend\u00e4chern, Sommer- und Winterg\u00e4rten. Die seitlichen Rahmenelemente der Konstruktion und die St\u00fctzen lassen sich mit wenigen, leicht erreichbaren Verschraub-Punkten verbinden \u2013 im Anschluss verdeckt eine Kappe die Schraubk\u00f6pfe. TS-Aluminium geht damit einen weiteren Schritt als besonders montagefreundlicher Hersteller.<\/p>\n<p>Die Elemente \u2013 die die Tr\u00e4ger eines Flach- oder Lamellendachs in einer Ecke verbinden \u2013 wurden in einem einzelnen Bauteil geb\u00fcndelt. Werksseitig vorgebohrte L\u00f6cher stellen sicher, dass der Einbau mit wenigen Handgriffen und Verschraubungen sitzt. Das Ergebnis: \u00c4sthetisch ansprechende Konstruktion mit beschleunigter Montage.<\/p>\n<p>&nbsp;<\/p>\n<hr \/>\n<p>&nbsp;<\/p>\n<p><a href=\"http:\/\/www.pr-neu.de\/newsroom\/wordpress\/wp-content\/uploads\/2024\/09\/24-06_Eckverbinder_B_Montage_K.jpg\" target=\"_blank\" rel=\"noopener\"><img loading=\"lazy\" decoding=\"async\" class=\"aligncenter wp-image-17096 size-medium\" src=\"http:\/\/www.pr-neu.de\/newsroom\/wordpress\/wp-content\/uploads\/2024\/09\/24-06_Eckverbinder_B_Montage_K-300x200.jpg\" alt=\"\" width=\"300\" height=\"200\" srcset=\"https:\/\/www.pr-neu.de\/newsroom\/wordpress\/wp-content\/uploads\/2024\/09\/24-06_Eckverbinder_B_Montage_K-300x200.jpg 300w, https:\/\/www.pr-neu.de\/newsroom\/wordpress\/wp-content\/uploads\/2024\/09\/24-06_Eckverbinder_B_Montage_K-1024x683.jpg 1024w, https:\/\/www.pr-neu.de\/newsroom\/wordpress\/wp-content\/uploads\/2024\/09\/24-06_Eckverbinder_B_Montage_K-768x512.jpg 768w, https:\/\/www.pr-neu.de\/newsroom\/wordpress\/wp-content\/uploads\/2024\/09\/24-06_Eckverbinder_B_Montage_K-1536x1024.jpg 1536w, https:\/\/www.pr-neu.de\/newsroom\/wordpress\/wp-content\/uploads\/2024\/09\/24-06_Eckverbinder_B_Montage_K-2048x1365.jpg 2048w, https:\/\/www.pr-neu.de\/newsroom\/wordpress\/wp-content\/uploads\/2024\/09\/24-06_Eckverbinder_B_Montage_K-110x73.jpg 110w, https:\/\/www.pr-neu.de\/newsroom\/wordpress\/wp-content\/uploads\/2024\/09\/24-06_Eckverbinder_B_Montage_K-420x280.jpg 420w, https:\/\/www.pr-neu.de\/newsroom\/wordpress\/wp-content\/uploads\/2024\/09\/24-06_Eckverbinder_B_Montage_K-645x430.jpg 645w\" sizes=\"auto, (max-width: 300px) 100vw, 300px\" \/><\/a><\/p>\n<p><a href=\"http:\/\/www.pr-neu.de\/newsroom\/wordpress\/wp-content\/uploads\/2024\/09\/24-06_Eckverbinder_B_Abdeckung_K.jpg\" target=\"_blank\" rel=\"noopener\"><img loading=\"lazy\" decoding=\"async\" class=\"wp-image-17094 size-medium aligncenter\" src=\"http:\/\/www.pr-neu.de\/newsroom\/wordpress\/wp-content\/uploads\/2024\/09\/24-06_Eckverbinder_B_Abdeckung_K-300x200.jpg\" alt=\"\" width=\"300\" height=\"200\" srcset=\"https:\/\/www.pr-neu.de\/newsroom\/wordpress\/wp-content\/uploads\/2024\/09\/24-06_Eckverbinder_B_Abdeckung_K-300x200.jpg 300w, https:\/\/www.pr-neu.de\/newsroom\/wordpress\/wp-content\/uploads\/2024\/09\/24-06_Eckverbinder_B_Abdeckung_K-1024x683.jpg 1024w, https:\/\/www.pr-neu.de\/newsroom\/wordpress\/wp-content\/uploads\/2024\/09\/24-06_Eckverbinder_B_Abdeckung_K-768x512.jpg 768w, https:\/\/www.pr-neu.de\/newsroom\/wordpress\/wp-content\/uploads\/2024\/09\/24-06_Eckverbinder_B_Abdeckung_K-1536x1024.jpg 1536w, https:\/\/www.pr-neu.de\/newsroom\/wordpress\/wp-content\/uploads\/2024\/09\/24-06_Eckverbinder_B_Abdeckung_K-2048x1365.jpg 2048w, https:\/\/www.pr-neu.de\/newsroom\/wordpress\/wp-content\/uploads\/2024\/09\/24-06_Eckverbinder_B_Abdeckung_K-110x73.jpg 110w, https:\/\/www.pr-neu.de\/newsroom\/wordpress\/wp-content\/uploads\/2024\/09\/24-06_Eckverbinder_B_Abdeckung_K-420x280.jpg 420w, https:\/\/www.pr-neu.de\/newsroom\/wordpress\/wp-content\/uploads\/2024\/09\/24-06_Eckverbinder_B_Abdeckung_K-645x430.jpg 645w\" sizes=\"auto, (max-width: 300px) 100vw, 300px\" \/><\/a><\/p>\n<p><a href=\"http:\/\/www.pr-neu.de\/newsroom\/wordpress\/wp-content\/uploads\/2024\/09\/24-06_Eckverbinder_B_Einzelteile_K.jpg\" target=\"_blank\" rel=\"noopener\"><img loading=\"lazy\" decoding=\"async\" class=\"aligncenter wp-image-17095 size-medium\" src=\"http:\/\/www.pr-neu.de\/newsroom\/wordpress\/wp-content\/uploads\/2024\/09\/24-06_Eckverbinder_B_Einzelteile_K-300x200.jpg\" alt=\"\" width=\"300\" height=\"200\" srcset=\"https:\/\/www.pr-neu.de\/newsroom\/wordpress\/wp-content\/uploads\/2024\/09\/24-06_Eckverbinder_B_Einzelteile_K-300x200.jpg 300w, https:\/\/www.pr-neu.de\/newsroom\/wordpress\/wp-content\/uploads\/2024\/09\/24-06_Eckverbinder_B_Einzelteile_K-1024x683.jpg 1024w, https:\/\/www.pr-neu.de\/newsroom\/wordpress\/wp-content\/uploads\/2024\/09\/24-06_Eckverbinder_B_Einzelteile_K-768x512.jpg 768w, https:\/\/www.pr-neu.de\/newsroom\/wordpress\/wp-content\/uploads\/2024\/09\/24-06_Eckverbinder_B_Einzelteile_K-1536x1024.jpg 1536w, https:\/\/www.pr-neu.de\/newsroom\/wordpress\/wp-content\/uploads\/2024\/09\/24-06_Eckverbinder_B_Einzelteile_K-2048x1365.jpg 2048w, https:\/\/www.pr-neu.de\/newsroom\/wordpress\/wp-content\/uploads\/2024\/09\/24-06_Eckverbinder_B_Einzelteile_K-110x73.jpg 110w, https:\/\/www.pr-neu.de\/newsroom\/wordpress\/wp-content\/uploads\/2024\/09\/24-06_Eckverbinder_B_Einzelteile_K-420x280.jpg 420w, https:\/\/www.pr-neu.de\/newsroom\/wordpress\/wp-content\/uploads\/2024\/09\/24-06_Eckverbinder_B_Einzelteile_K-645x430.jpg 645w\" sizes=\"auto, (max-width: 300px) 100vw, 300px\" \/><\/a><\/p>\n<p style=\"text-align: center;\">Erleichterte Montage mit der neuen Eckverbindung Ausf\u00fchrung B: An den Ecken werden die seitlichen Rahmenelemente der Terrassen\u00fcberdachung und die St\u00fctzen verschraubt \u2013 im Anschluss verdeckt eine leicht montierte Kappe die Schrauben.<br \/>\nBilder: TS-Aluminium-Profilsysteme GmbH &amp; Co. KG<\/p>\n<p>&nbsp;<\/p>\n<hr \/>\n<p>&nbsp;<\/p>\n<p><strong>Die Nummer Eins unter den Dachprofilsystemen<\/strong><\/p>\n<p>TS-Aluminium ist der f\u00fchrende Anbieter von hochwertigen Aluminium-Profilsystemen \u201eMade in Germany\u201c. Das Familienunternehmen entwickelt, produziert und liefert ma\u00dfgeschneiderte Systeml\u00f6sungen f\u00fcr Winterg\u00e4rten, Sommerg\u00e4rten und Terrassend\u00e4cher in Premium-Qualit\u00e4t. Zus\u00e4tzlich geh\u00f6ren Faltanlagen, \u00d6ffnungselemente, L\u00fcftungs- und Steuerungssysteme zum Portfolio des \u201eHidden Champions\u201c. Gemeinsam mit einem Netz aus Verarbeitern und Fachh\u00e4ndlern setzt TS-Aluminium auch im europ\u00e4ischen Ausland Standards und steht f\u00fcr h\u00f6chste Qualit\u00e4t und Kundenorientierung. Mit mehr als 40 Jahren Expertise entwickelt der Systemgeber seine Produkte kontinuierlich weiter und bietet umfassende Beratungs- und Serviceleistungen auf Augenh\u00f6he.<\/p>\n<p>Vom Zwei-Mann-Betrieb zum Marktf\u00fchrer in Deutschland: TS-Aluminium besch\u00e4ftigt in Gro\u00dfefehn \u00fcber 130 Arbeitnehmer.<\/p>\n<p>&nbsp;<\/p>\n<hr \/>\n<p>&nbsp;<\/p>\n<p>Abdruck honorarfrei, Belegexemplar erbeten<\/p>\n","protected":false},"excerpt":{"rendered":"<p>Die neue Eckverbindung \u201eAusf\u00fchrung B\u201c von TS-Aluminium erleichtert die Montage von Terrassend\u00e4chern, Sommer- und Winterg\u00e4rten.<\/p>\n","protected":false},"author":10,"featured_media":17096,"comment_status":"closed","ping_status":"open","sticky":false,"template":"","format":"standard","meta":{"footnotes":""},"categories":[1761],"tags":[1883,1969,1893,2055,1895,3110,1793,635],"class_list":["post-17093","post","type-post","status-publish","format-standard","has-post-thumbnail","hentry","category-ts-aluminium","tag-lamellendach","tag-montage","tag-sommergarten","tag-terrasse","tag-terrassendach","tag-terrassenueberdachung","tag-ts-aluminium","tag-wintergarten"],"_links":{"self":[{"href":"https:\/\/www.pr-neu.de\/newsroom\/wp-json\/wp\/v2\/posts\/17093","targetHints":{"allow":["GET"]}}],"collection":[{"href":"https:\/\/www.pr-neu.de\/newsroom\/wp-json\/wp\/v2\/posts"}],"about":[{"href":"https:\/\/www.pr-neu.de\/newsroom\/wp-json\/wp\/v2\/types\/post"}],"author":[{"embeddable":true,"href":"https:\/\/www.pr-neu.de\/newsroom\/wp-json\/wp\/v2\/users\/10"}],"replies":[{"embeddable":true,"href":"https:\/\/www.pr-neu.de\/newsroom\/wp-json\/wp\/v2\/comments?post=17093"}],"version-history":[{"count":3,"href":"https:\/\/www.pr-neu.de\/newsroom\/wp-json\/wp\/v2\/posts\/17093\/revisions"}],"predecessor-version":[{"id":17454,"href":"https:\/\/www.pr-neu.de\/newsroom\/wp-json\/wp\/v2\/posts\/17093\/revisions\/17454"}],"wp:featuredmedia":[{"embeddable":true,"href":"https:\/\/www.pr-neu.de\/newsroom\/wp-json\/wp\/v2\/media\/17096"}],"wp:attachment":[{"href":"https:\/\/www.pr-neu.de\/newsroom\/wp-json\/wp\/v2\/media?parent=17093"}],"wp:term":[{"taxonomy":"category","embeddable":true,"href":"https:\/\/www.pr-neu.de\/newsroom\/wp-json\/wp\/v2\/categories?post=17093"},{"taxonomy":"post_tag","embeddable":true,"href":"https:\/\/www.pr-neu.de\/newsroom\/wp-json\/wp\/v2\/tags?post=17093"}],"curies":[{"name":"wp","href":"https:\/\/api.w.org\/{rel}","templated":true}]}}