{"id":17084,"date":"2024-09-03T15:42:16","date_gmt":"2024-09-03T13:42:16","guid":{"rendered":"https:\/\/www.pr-neu.de\/newsroom\/?p=17084"},"modified":"2024-09-03T15:42:16","modified_gmt":"2024-09-03T13:42:16","slug":"gedaemmt-und-gestaltet","status":"publish","type":"post","link":"https:\/\/www.pr-neu.de\/newsroom\/gedaemmt-und-gestaltet\/","title":{"rendered":"Ged\u00e4mmt und gestaltet"},"content":{"rendered":"<p>&nbsp;<\/p>\n<p><u>Blaue Fassade<\/u><\/p>\n<p><strong>Knallblau: Das w\u00fcnschte sich ein Bauherr aus Immenstaad (Bodensee) f\u00fcr seine Fassade und so wurde der ungew\u00f6hnliche Farbton das optische Highlight dieser Komplettsanierung. Zudem ist das Wohnhaus aus den 1960ern Jahren heute auch energetisch auf der H\u00f6he der Zeit \u2013 mit mineralischer Fassadend\u00e4mmung, neuen Fenstern und neuem Dach.<\/strong><\/p>\n<p>Das Haus f\u00e4llt auf: Tiefblaue Fassaden sind eine Seltenheit. Der dunkle Farbton mit niedrigem Hellbezugswert erh\u00f6hte die handwerkliche Herausforderung an Malermeister Christian Bloching, der die Generalsanierung des Bauwerks \u00fcbernahm.<\/p>\n<p>Auf Wunsch des neuen Eigent\u00fcmers wurde aus dem Dreifamilien- ein Einfamilienhaus. Durch die Energieberatung war auch klar, dass das bislang unged\u00e4mmte Mauerwerk (30 Zentimeter Ziegel) besser gegen W\u00e4rmeverluste zu sch\u00fctzen war. \u201eDa der Bauherr keine EPS-D\u00e4mmung wollte, haben wir eine 16 Zentimeter dicke Steinwolled\u00e4mmung empfohlen \u2013 wie vom Energieberater berechnet\u201c, berichtet Bloching. Diese L\u00f6sung ber\u00fccksichtigt auch den Wunsch nach einem nichtbrennbaren System. \u201eAu\u00dferdem waren Nachhaltigkeit und Wirtschaftlichkeit unter einen Hut zu bekommen, also haben wir StoTherm Mineral, mit der handlichen Sto-Steinwolleplatte im Format 120 mal 40 Zentimeter montiert\u201c, erg\u00e4nzt der Malermeister. Eine Besonderheit kam an den Deckenuntersichten der Balkone hinzu. Sie erhielten eine doppelte Gewebespachtelung, weil der Oberputz glatt gefilzt wurde. Die doppelte Spachtelung reduziert das Rissrisiko, und die Oberfl\u00e4che kann makellos realisiert werden.<\/p>\n<p>Bei der Schlussbeschichtung der Fassade w\u00e4hlten die Profis einen Siliconharzputz (StoSilco K3), weil er sich gut aufziehen und weiterverarbeiten l\u00e4sst. Bloching erkl\u00e4rt: \u201eWir haben den Putz leicht mit der Kunststoffscheibe verscheibt, damit die Oberfl\u00e4che ruhig wird. Das Korn ist sehr gleichm\u00e4\u00dfig und wirkt eher kleiner, wie 2,5 Millimeter, was der Fassade eine edle Optik verleiht.\u201c<\/p>\n<p>Bei dunklen Fassaden k\u00f6nnen Farbpigmente im Laufe der Zeit durch UV-Strahlung ausbleichen und bei einem niedrigen Hellbezugswert \u2013 hier liegt er bei nur 11 \u2013 droht die Fassade im Sommer stark aufzuheizen. Daher kam eine besonders farbtonstabile Farbe zum Einsatz, die auch W\u00e4rmestrahlung gut wegsteckt: StoColor Dryonic S mit X-black Technology. Sie hat einen integrierten UV-Schutz, dadurch bleibt das Blau lange brillant. Die \u201eX-black Technology\u201c reduziert das Aufheizen, so ist auch im Sommer kein Schaden durch zu gro\u00dfe W\u00e4rme auf der Fassade zu erwarten.<\/p>\n<p>Eine individuelle L\u00f6sung gab es auch an den Fenstern: Weil der Fensterbauer auch den Einbau der Steinfensterb\u00e4nke \u00fcbernahm, hatten die Sanierungsexperten zuvor mit dem D\u00e4mmkeil StoElement Pronto K unter der Fensterbank eine zweite Dichtungsebene eingebaut, die auch eine thermische Entkopplung bewirkt.<\/p>\n<p>&nbsp;<\/p>\n<hr \/>\n<p>&nbsp;<\/p>\n<p>Z I T A T<br \/>\n\u201eKnackpunkt war der niedrige Hellbezugswert. Die Fassadenfarbe StoColor Dryonic S mit X-black Technology h\u00e4lt die Fassade k\u00fchl und sch\u00fctzt das intensive Blau vor dem Ausbleichen.\u201c<br \/>\nChristian Bloching, Maler- und Lackierermeister, Gesch\u00e4ftsf\u00fchrer Locher Malerbetrieb GmbH, Tettnang<\/p>\n<p>&nbsp;<\/p>\n<hr \/>\n<p>&nbsp;<\/p>\n<p>Kasten:<br \/>\nLocher Malerbetrieb GmbH, 88069 Tettnang, gegr\u00fcndet: 1964<br \/>\nKernkompetenzen: WDVS, Malerarbeiten, Bodenbel\u00e4ge, Innenarbeiten, \u00f6kologische Putze<br \/>\nAuftraggeber: \u00fcberwiegend private, Hausverwaltungen und Architekten, \u00f6ffentliche Auftraggeber<br \/>\nMitarbeiter: 35<br \/>\nwww.locher-malerbetrieb.de<\/p>\n<p>&nbsp;<\/p>\n<hr \/>\n<p>&nbsp;<\/p>\n<p><a href=\"http:\/\/www.pr-neu.de\/newsroom\/wordpress\/wp-content\/uploads\/2024\/09\/24_05_Christian_Bloching_K.jpg\" target=\"_blank\" rel=\"noopener\"><img loading=\"lazy\" decoding=\"async\" class=\"aligncenter wp-image-17085 size-medium\" src=\"http:\/\/www.pr-neu.de\/newsroom\/wordpress\/wp-content\/uploads\/2024\/09\/24_05_Christian_Bloching_K-300x200.jpg\" alt=\"Maler- und Lackierermeister Christian Bloching.\" width=\"300\" height=\"200\" srcset=\"https:\/\/www.pr-neu.de\/newsroom\/wordpress\/wp-content\/uploads\/2024\/09\/24_05_Christian_Bloching_K-300x200.jpg 300w, https:\/\/www.pr-neu.de\/newsroom\/wordpress\/wp-content\/uploads\/2024\/09\/24_05_Christian_Bloching_K-1024x683.jpg 1024w, https:\/\/www.pr-neu.de\/newsroom\/wordpress\/wp-content\/uploads\/2024\/09\/24_05_Christian_Bloching_K-768x512.jpg 768w, https:\/\/www.pr-neu.de\/newsroom\/wordpress\/wp-content\/uploads\/2024\/09\/24_05_Christian_Bloching_K-1536x1025.jpg 1536w, https:\/\/www.pr-neu.de\/newsroom\/wordpress\/wp-content\/uploads\/2024\/09\/24_05_Christian_Bloching_K-2048x1366.jpg 2048w, https:\/\/www.pr-neu.de\/newsroom\/wordpress\/wp-content\/uploads\/2024\/09\/24_05_Christian_Bloching_K-110x73.jpg 110w, https:\/\/www.pr-neu.de\/newsroom\/wordpress\/wp-content\/uploads\/2024\/09\/24_05_Christian_Bloching_K-420x280.jpg 420w, https:\/\/www.pr-neu.de\/newsroom\/wordpress\/wp-content\/uploads\/2024\/09\/24_05_Christian_Bloching_K-645x430.jpg 645w\" sizes=\"auto, (max-width: 300px) 100vw, 300px\" \/><\/a><\/p>\n<p style=\"text-align: center;\">Maler- und Lackierermeister Christian Bloching.<br \/>\nFoto: Jan Dullenkopf \/ Sto SE &amp; Co. KGaA<\/p>\n<p>&nbsp;<\/p>\n<p><a href=\"http:\/\/www.pr-neu.de\/newsroom\/wordpress\/wp-content\/uploads\/2024\/09\/24-05_Knallbau_01_K.jpg\" target=\"_blank\" rel=\"noopener\"><img loading=\"lazy\" decoding=\"async\" class=\"aligncenter wp-image-17086 size-medium\" src=\"http:\/\/www.pr-neu.de\/newsroom\/wordpress\/wp-content\/uploads\/2024\/09\/24-05_Knallbau_01_K-235x300.jpg\" alt=\"Knallblau \u2013 und gesch\u00fctzt vor Ausbleichen, Aufheizen und Veralgung: Bei der Sanierung dieses Wohnhauses w\u00fcnschte der Bauherr einen intensiven Farbton f\u00fcr die Fassade. Malermeister Christian Bloching w\u00e4hlte daf\u00fcr die Fassadenfarbe StoColor Dryonic S mit X-Black-Technology. Damit sind die Pigmente vor dem Ausbleichen gesch\u00fctzt, die Fassade heizt nicht so stark auf und bleibt langfristig trocken und sauber. \u2013 \u201eLavendel 165\u201c beziehungsweise \u201eLavendel 5\u201c.\" width=\"235\" height=\"300\" srcset=\"https:\/\/www.pr-neu.de\/newsroom\/wordpress\/wp-content\/uploads\/2024\/09\/24-05_Knallbau_01_K-235x300.jpg 235w, https:\/\/www.pr-neu.de\/newsroom\/wordpress\/wp-content\/uploads\/2024\/09\/24-05_Knallbau_01_K-803x1024.jpg 803w, https:\/\/www.pr-neu.de\/newsroom\/wordpress\/wp-content\/uploads\/2024\/09\/24-05_Knallbau_01_K-768x979.jpg 768w, https:\/\/www.pr-neu.de\/newsroom\/wordpress\/wp-content\/uploads\/2024\/09\/24-05_Knallbau_01_K-1205x1536.jpg 1205w, https:\/\/www.pr-neu.de\/newsroom\/wordpress\/wp-content\/uploads\/2024\/09\/24-05_Knallbau_01_K-1607x2048.jpg 1607w, https:\/\/www.pr-neu.de\/newsroom\/wordpress\/wp-content\/uploads\/2024\/09\/24-05_Knallbau_01_K-86x110.jpg 86w, https:\/\/www.pr-neu.de\/newsroom\/wordpress\/wp-content\/uploads\/2024\/09\/24-05_Knallbau_01_K-330x420.jpg 330w, https:\/\/www.pr-neu.de\/newsroom\/wordpress\/wp-content\/uploads\/2024\/09\/24-05_Knallbau_01_K-337x430.jpg 337w, https:\/\/www.pr-neu.de\/newsroom\/wordpress\/wp-content\/uploads\/2024\/09\/24-05_Knallbau_01_K.jpg 1883w\" sizes=\"auto, (max-width: 235px) 100vw, 235px\" \/><\/a><\/p>\n<p><a href=\"http:\/\/www.pr-neu.de\/newsroom\/wordpress\/wp-content\/uploads\/2024\/09\/24-05_Knallbau_02_K.jpg\" target=\"_blank\" rel=\"noopener\"><img loading=\"lazy\" decoding=\"async\" class=\"aligncenter wp-image-17087 size-medium\" src=\"http:\/\/www.pr-neu.de\/newsroom\/wordpress\/wp-content\/uploads\/2024\/09\/24-05_Knallbau_02_K-300x231.jpg\" alt=\"Knallblau \u2013 und gesch\u00fctzt vor Ausbleichen, Aufheizen und Veralgung: Bei der Sanierung dieses Wohnhauses w\u00fcnschte der Bauherr einen intensiven Farbton f\u00fcr die Fassade. Malermeister Christian Bloching w\u00e4hlte daf\u00fcr die Fassadenfarbe StoColor Dryonic S mit X-Black-Technology. Damit sind die Pigmente vor dem Ausbleichen gesch\u00fctzt, die Fassade heizt nicht so stark auf und bleibt langfristig trocken und sauber. \u2013 \u201eLavendel 165\u201c beziehungsweise \u201eLavendel 5\u201c.\" width=\"300\" height=\"231\" srcset=\"https:\/\/www.pr-neu.de\/newsroom\/wordpress\/wp-content\/uploads\/2024\/09\/24-05_Knallbau_02_K-300x231.jpg 300w, https:\/\/www.pr-neu.de\/newsroom\/wordpress\/wp-content\/uploads\/2024\/09\/24-05_Knallbau_02_K-1024x787.jpg 1024w, https:\/\/www.pr-neu.de\/newsroom\/wordpress\/wp-content\/uploads\/2024\/09\/24-05_Knallbau_02_K-768x590.jpg 768w, https:\/\/www.pr-neu.de\/newsroom\/wordpress\/wp-content\/uploads\/2024\/09\/24-05_Knallbau_02_K-1536x1181.jpg 1536w, https:\/\/www.pr-neu.de\/newsroom\/wordpress\/wp-content\/uploads\/2024\/09\/24-05_Knallbau_02_K-2048x1574.jpg 2048w, https:\/\/www.pr-neu.de\/newsroom\/wordpress\/wp-content\/uploads\/2024\/09\/24-05_Knallbau_02_K-110x85.jpg 110w, https:\/\/www.pr-neu.de\/newsroom\/wordpress\/wp-content\/uploads\/2024\/09\/24-05_Knallbau_02_K-420x323.jpg 420w, https:\/\/www.pr-neu.de\/newsroom\/wordpress\/wp-content\/uploads\/2024\/09\/24-05_Knallbau_02_K-559x430.jpg 559w\" sizes=\"auto, (max-width: 300px) 100vw, 300px\" \/><\/a><\/p>\n<p><a href=\"http:\/\/www.pr-neu.de\/newsroom\/wordpress\/wp-content\/uploads\/2024\/09\/24-05_Knallbau_03_K.jpg\" target=\"_blank\" rel=\"noopener\"><img loading=\"lazy\" decoding=\"async\" class=\"aligncenter wp-image-17088 size-medium\" src=\"http:\/\/www.pr-neu.de\/newsroom\/wordpress\/wp-content\/uploads\/2024\/09\/24-05_Knallbau_03_K-300x197.jpg\" alt=\"Knallblau \u2013 und gesch\u00fctzt vor Ausbleichen, Aufheizen und Veralgung: Bei der Sanierung dieses Wohnhauses w\u00fcnschte der Bauherr einen intensiven Farbton f\u00fcr die Fassade. Malermeister Christian Bloching w\u00e4hlte daf\u00fcr die Fassadenfarbe StoColor Dryonic S mit X-Black-Technology. Damit sind die Pigmente vor dem Ausbleichen gesch\u00fctzt, die Fassade heizt nicht so stark auf und bleibt langfristig trocken und sauber. \u2013 \u201eLavendel 165\u201c beziehungsweise \u201eLavendel 5\u201c.\" width=\"300\" height=\"197\" srcset=\"https:\/\/www.pr-neu.de\/newsroom\/wordpress\/wp-content\/uploads\/2024\/09\/24-05_Knallbau_03_K-300x197.jpg 300w, https:\/\/www.pr-neu.de\/newsroom\/wordpress\/wp-content\/uploads\/2024\/09\/24-05_Knallbau_03_K-1024x671.jpg 1024w, https:\/\/www.pr-neu.de\/newsroom\/wordpress\/wp-content\/uploads\/2024\/09\/24-05_Knallbau_03_K-768x503.jpg 768w, https:\/\/www.pr-neu.de\/newsroom\/wordpress\/wp-content\/uploads\/2024\/09\/24-05_Knallbau_03_K-1536x1007.jpg 1536w, https:\/\/www.pr-neu.de\/newsroom\/wordpress\/wp-content\/uploads\/2024\/09\/24-05_Knallbau_03_K-2048x1342.jpg 2048w, https:\/\/www.pr-neu.de\/newsroom\/wordpress\/wp-content\/uploads\/2024\/09\/24-05_Knallbau_03_K-110x72.jpg 110w, https:\/\/www.pr-neu.de\/newsroom\/wordpress\/wp-content\/uploads\/2024\/09\/24-05_Knallbau_03_K-420x275.jpg 420w, https:\/\/www.pr-neu.de\/newsroom\/wordpress\/wp-content\/uploads\/2024\/09\/24-05_Knallbau_03_K-656x430.jpg 656w\" sizes=\"auto, (max-width: 300px) 100vw, 300px\" \/><\/a><\/p>\n<p><a href=\"http:\/\/www.pr-neu.de\/newsroom\/wordpress\/wp-content\/uploads\/2024\/09\/24-05_Knallbau_04_K.jpg\" target=\"_blank\" rel=\"noopener\"><img loading=\"lazy\" decoding=\"async\" class=\"wp-image-17089 size-medium aligncenter\" src=\"http:\/\/www.pr-neu.de\/newsroom\/wordpress\/wp-content\/uploads\/2024\/09\/24-05_Knallbau_04_K-182x300.jpg\" alt=\"Knallblau \u2013 und gesch\u00fctzt vor Ausbleichen, Aufheizen und Veralgung: Bei der Sanierung dieses Wohnhauses w\u00fcnschte der Bauherr einen intensiven Farbton f\u00fcr die Fassade. Malermeister Christian Bloching w\u00e4hlte daf\u00fcr die Fassadenfarbe StoColor Dryonic S mit X-Black-Technology. Damit sind die Pigmente vor dem Ausbleichen gesch\u00fctzt, die Fassade heizt nicht so stark auf und bleibt langfristig trocken und sauber. \u2013 \u201eLavendel 165\u201c beziehungsweise \u201eLavendel 5\u201c.\" width=\"182\" height=\"300\" srcset=\"https:\/\/www.pr-neu.de\/newsroom\/wordpress\/wp-content\/uploads\/2024\/09\/24-05_Knallbau_04_K-182x300.jpg 182w, https:\/\/www.pr-neu.de\/newsroom\/wordpress\/wp-content\/uploads\/2024\/09\/24-05_Knallbau_04_K-620x1024.jpg 620w, https:\/\/www.pr-neu.de\/newsroom\/wordpress\/wp-content\/uploads\/2024\/09\/24-05_Knallbau_04_K-768x1269.jpg 768w, https:\/\/www.pr-neu.de\/newsroom\/wordpress\/wp-content\/uploads\/2024\/09\/24-05_Knallbau_04_K-930x1536.jpg 930w, https:\/\/www.pr-neu.de\/newsroom\/wordpress\/wp-content\/uploads\/2024\/09\/24-05_Knallbau_04_K-1240x2048.jpg 1240w, https:\/\/www.pr-neu.de\/newsroom\/wordpress\/wp-content\/uploads\/2024\/09\/24-05_Knallbau_04_K-67x110.jpg 67w, https:\/\/www.pr-neu.de\/newsroom\/wordpress\/wp-content\/uploads\/2024\/09\/24-05_Knallbau_04_K-254x420.jpg 254w, https:\/\/www.pr-neu.de\/newsroom\/wordpress\/wp-content\/uploads\/2024\/09\/24-05_Knallbau_04_K-260x430.jpg 260w, https:\/\/www.pr-neu.de\/newsroom\/wordpress\/wp-content\/uploads\/2024\/09\/24-05_Knallbau_04_K.jpg 1453w\" sizes=\"auto, (max-width: 182px) 100vw, 182px\" \/><\/a><\/p>\n<p style=\"text-align: center;\">Knallblau \u2013 und gesch\u00fctzt vor Ausbleichen, Aufheizen und Veralgung: Bei der Sanierung dieses Wohnhauses w\u00fcnschte der Bauherr einen intensiven Farbton f\u00fcr die Fassade. Malermeister Christian Bloching w\u00e4hlte die Fassadenfarbe StoColor Dryonic S mit X-black Technology. Damit sind die Pigmente vor dem Ausbleichen gesch\u00fctzt, die Fassade heizt nicht so stark auf und bleibt langfristig trocken und sauber.<br \/>\nFotos: Martin Baitinger \/ Sto SE &amp; Co. KGaA<\/p>\n<p>&nbsp;<\/p>\n<hr \/>\n<p>&nbsp;<\/p>\n<p>Abdruck honorarfrei, Belegexemplar erbeten<\/p>\n","protected":false},"excerpt":{"rendered":"<p>Knallblau: Das w\u00fcnschte sich ein Bauherr aus Immenstaad (Bodensee) f\u00fcr seine Fassade und so wurde der ungew\u00f6hnliche Farbton das optische Highlight dieser Komplettsanierung. <\/p>\n","protected":false},"author":9,"featured_media":17088,"comment_status":"closed","ping_status":"open","sticky":false,"template":"","format":"standard","meta":{"footnotes":""},"categories":[15],"tags":[2440,3106,180,187,1975,1575,3108,430,439,504],"class_list":["post-17084","post","type-post","status-publish","format-standard","has-post-thumbnail","hentry","category-sto","tag-aussenwand","tag-blau","tag-farbe","tag-fassade","tag-gebaeude","tag-haus","tag-immerstaad","tag-renovierung","tag-sanierung","tag-sto-2"],"_links":{"self":[{"href":"https:\/\/www.pr-neu.de\/newsroom\/wp-json\/wp\/v2\/posts\/17084","targetHints":{"allow":["GET"]}}],"collection":[{"href":"https:\/\/www.pr-neu.de\/newsroom\/wp-json\/wp\/v2\/posts"}],"about":[{"href":"https:\/\/www.pr-neu.de\/newsroom\/wp-json\/wp\/v2\/types\/post"}],"author":[{"embeddable":true,"href":"https:\/\/www.pr-neu.de\/newsroom\/wp-json\/wp\/v2\/users\/9"}],"replies":[{"embeddable":true,"href":"https:\/\/www.pr-neu.de\/newsroom\/wp-json\/wp\/v2\/comments?post=17084"}],"version-history":[{"count":1,"href":"https:\/\/www.pr-neu.de\/newsroom\/wp-json\/wp\/v2\/posts\/17084\/revisions"}],"predecessor-version":[{"id":17090,"href":"https:\/\/www.pr-neu.de\/newsroom\/wp-json\/wp\/v2\/posts\/17084\/revisions\/17090"}],"wp:featuredmedia":[{"embeddable":true,"href":"https:\/\/www.pr-neu.de\/newsroom\/wp-json\/wp\/v2\/media\/17088"}],"wp:attachment":[{"href":"https:\/\/www.pr-neu.de\/newsroom\/wp-json\/wp\/v2\/media?parent=17084"}],"wp:term":[{"taxonomy":"category","embeddable":true,"href":"https:\/\/www.pr-neu.de\/newsroom\/wp-json\/wp\/v2\/categories?post=17084"},{"taxonomy":"post_tag","embeddable":true,"href":"https:\/\/www.pr-neu.de\/newsroom\/wp-json\/wp\/v2\/tags?post=17084"}],"curies":[{"name":"wp","href":"https:\/\/api.w.org\/{rel}","templated":true}]}}