{"id":17080,"date":"2024-09-03T13:50:54","date_gmt":"2024-09-03T11:50:54","guid":{"rendered":"https:\/\/www.pr-neu.de\/newsroom\/?p=17080"},"modified":"2024-09-03T13:51:08","modified_gmt":"2024-09-03T11:51:08","slug":"jost-bendel-neu-im-sto-vorstand","status":"publish","type":"post","link":"https:\/\/www.pr-neu.de\/newsroom\/jost-bendel-neu-im-sto-vorstand\/","title":{"rendered":"Jost Bendel neu im Sto-Vorstand"},"content":{"rendered":"<p>&nbsp;<\/p>\n<p><u>Nachfolge von Jan Nissen <\/u><\/p>\n<p>Jost Bendel (45) ist seit September 2024 neues Vorstandsmitglied der STO Management SE als Nachfolger des Technik-Vorstands Jan Nissen. Er kommt von Storskogen Deutschland und wirkt zun\u00e4chst in einer viermonatigen \u00dcbergangsphase als stellvertretender Vorstand, ehe er am 1. Januar 2025 die Ressortverantwortung f\u00fcr Verfahrenstechnik, Innovation, Materialwirtschaft und Logistik von Jan Nissen \u00fcbernimmt. Jost Bendel verf\u00fcgt als studierter Wirtschaftswissenschaftlicher und langj\u00e4hrige F\u00fchrungskraft in global t\u00e4tigen Unternehmen wie Siemens und Schindler \u00fcber umfangreiche Erfahrung in der Fertigungs- und Bauindustrie, zudem kennt er die technologiebetriebene Transformation von Industrien, Prozessoptimierung und Innovation. Jan Nissen geh\u00f6rt dem Sto-Vorstand seit 2017 an und wird Ende 2024 in den Ruhestand gehen.<\/p>\n<p>&nbsp;<\/p>\n<hr \/>\n<p>&nbsp;<\/p>\n<p><a href=\"http:\/\/www.pr-neu.de\/newsroom\/wordpress\/wp-content\/uploads\/2024\/09\/24_34_Bendel_Jost_Sto_K.jpg\" target=\"_blank\" rel=\"noopener\"><img loading=\"lazy\" decoding=\"async\" class=\"aligncenter wp-image-17081 size-medium\" src=\"http:\/\/www.pr-neu.de\/newsroom\/wordpress\/wp-content\/uploads\/2024\/09\/24_34_Bendel_Jost_Sto_K-300x225.jpg\" alt=\"\" width=\"300\" height=\"225\" srcset=\"https:\/\/www.pr-neu.de\/newsroom\/wordpress\/wp-content\/uploads\/2024\/09\/24_34_Bendel_Jost_Sto_K-300x225.jpg 300w, https:\/\/www.pr-neu.de\/newsroom\/wordpress\/wp-content\/uploads\/2024\/09\/24_34_Bendel_Jost_Sto_K-1024x768.jpg 1024w, https:\/\/www.pr-neu.de\/newsroom\/wordpress\/wp-content\/uploads\/2024\/09\/24_34_Bendel_Jost_Sto_K-768x576.jpg 768w, https:\/\/www.pr-neu.de\/newsroom\/wordpress\/wp-content\/uploads\/2024\/09\/24_34_Bendel_Jost_Sto_K-1536x1152.jpg 1536w, https:\/\/www.pr-neu.de\/newsroom\/wordpress\/wp-content\/uploads\/2024\/09\/24_34_Bendel_Jost_Sto_K-2048x1536.jpg 2048w, https:\/\/www.pr-neu.de\/newsroom\/wordpress\/wp-content\/uploads\/2024\/09\/24_34_Bendel_Jost_Sto_K-110x83.jpg 110w, https:\/\/www.pr-neu.de\/newsroom\/wordpress\/wp-content\/uploads\/2024\/09\/24_34_Bendel_Jost_Sto_K-420x315.jpg 420w, https:\/\/www.pr-neu.de\/newsroom\/wordpress\/wp-content\/uploads\/2024\/09\/24_34_Bendel_Jost_Sto_K-573x430.jpg 573w\" sizes=\"auto, (max-width: 300px) 100vw, 300px\" \/><\/a><\/p>\n<p style=\"text-align: center;\">Jost Bendel, neuer Sto-Vorstand.<br \/>\nBild: Foto Seitz, N\u00fcrnberg \/ Sto<\/p>\n<p>&nbsp;<\/p>\n<hr \/>\n<p>&nbsp;<\/p>\n<p>Abdruck honorarfrei, Belegexemplar erbeten<\/p>\n","protected":false},"excerpt":{"rendered":"<p>Jost Bendel (45) ist seit September 2024 neues Vorstandsmitglied der STO Management SE als Nachfolger des Technik-Vorstands Jan Nissen.<\/p>\n","protected":false},"author":9,"featured_media":17081,"comment_status":"closed","ping_status":"open","sticky":false,"template":"","format":"standard","meta":{"footnotes":""},"categories":[15],"tags":[1897,393,1751,504,1757,2599],"class_list":["post-17080","post","type-post","status-publish","format-standard","has-post-thumbnail","hentry","category-sto","tag-management","tag-personalia","tag-personalie","tag-sto-2","tag-unternehmen","tag-vorstand"],"_links":{"self":[{"href":"https:\/\/www.pr-neu.de\/newsroom\/wp-json\/wp\/v2\/posts\/17080","targetHints":{"allow":["GET"]}}],"collection":[{"href":"https:\/\/www.pr-neu.de\/newsroom\/wp-json\/wp\/v2\/posts"}],"about":[{"href":"https:\/\/www.pr-neu.de\/newsroom\/wp-json\/wp\/v2\/types\/post"}],"author":[{"embeddable":true,"href":"https:\/\/www.pr-neu.de\/newsroom\/wp-json\/wp\/v2\/users\/9"}],"replies":[{"embeddable":true,"href":"https:\/\/www.pr-neu.de\/newsroom\/wp-json\/wp\/v2\/comments?post=17080"}],"version-history":[{"count":2,"href":"https:\/\/www.pr-neu.de\/newsroom\/wp-json\/wp\/v2\/posts\/17080\/revisions"}],"predecessor-version":[{"id":17083,"href":"https:\/\/www.pr-neu.de\/newsroom\/wp-json\/wp\/v2\/posts\/17080\/revisions\/17083"}],"wp:featuredmedia":[{"embeddable":true,"href":"https:\/\/www.pr-neu.de\/newsroom\/wp-json\/wp\/v2\/media\/17081"}],"wp:attachment":[{"href":"https:\/\/www.pr-neu.de\/newsroom\/wp-json\/wp\/v2\/media?parent=17080"}],"wp:term":[{"taxonomy":"category","embeddable":true,"href":"https:\/\/www.pr-neu.de\/newsroom\/wp-json\/wp\/v2\/categories?post=17080"},{"taxonomy":"post_tag","embeddable":true,"href":"https:\/\/www.pr-neu.de\/newsroom\/wp-json\/wp\/v2\/tags?post=17080"}],"curies":[{"name":"wp","href":"https:\/\/api.w.org\/{rel}","templated":true}]}}