{"id":17064,"date":"2024-08-12T13:35:35","date_gmt":"2024-08-12T11:35:35","guid":{"rendered":"https:\/\/www.pr-neu.de\/newsroom\/?p=17064"},"modified":"2024-08-19T13:35:50","modified_gmt":"2024-08-19T11:35:50","slug":"ein-wichtiger-beitrag-zur-erreichung-der-klimaschutzziele","status":"publish","type":"post","link":"https:\/\/www.pr-neu.de\/newsroom\/ein-wichtiger-beitrag-zur-erreichung-der-klimaschutzziele\/","title":{"rendered":"\u201eEin wichtiger Beitrag zur Erreichung der Klimaschutzziele\u201c"},"content":{"rendered":"<p><u>Wirtschaftsministerin Hoffmeister-Kraut besucht Baustoffhersteller Sto in St\u00fchlingen<\/u><\/p>\n<p><strong>Die baden-w\u00fcrttembergische Wirtschaftsministerin Dr. Nicole Hoffmeister-Kraut tauschte sich in einem Gespr\u00e4ch mit Vorst\u00e4nden der STO Management SE in St\u00fchlingen aus. Sto ist ein f\u00fchrender Hersteller von Bautenbeschichtungen und Fassadend\u00e4mmsystemen. Themen waren die Innovationen in der Unternehmensgruppe sowie die aktuell angespannte wirtschaftliche Lage in der Baubranche.<\/strong><\/p>\n<p>St\u00fchlingen. Um sich einen Eindruck von der Entwicklung in der Bauwirtschaft und den aktuellen Herausforderungen zu verschaffen, besuchte die Ministerin f\u00fcr Wirtschaft, Arbeit und Tourismus Dr. Nicole Hoffmeister-Kraut den Weltmarktf\u00fchrer im Bereich W\u00e4rmed\u00e4mm-Verbundsysteme an seinem Hauptsitz in St\u00fchlingen. Das Treffen kam mit Unterst\u00fctzung von Sabine Hartmann-M\u00fcller zustande, Mitglied des Landtags in Baden-W\u00fcrttemberg, die ebenfalls an den Gespr\u00e4chen teilnahm. Gemeinsam tauschten sie sich mit den Sto-Vorst\u00e4nden Jan Nissen und Michael Keller \u00fcber die wirtschaftliche Lage des Unternehmens aus. Im Gespr\u00e4ch sagte die CDU-Politikerin: \u201cSto zeigt eindrucksvoll, wie innovative und nachhaltige L\u00f6sungen die Bauwirtschaft st\u00e4rken k\u00f6nnen. Das Unternehmen ist ein Paradebeispiel daf\u00fcr, wie durch kontinuierliche Forschung und Entwicklung wettbewerbsf\u00e4hige Produkte entstehen, die sowohl \u00f6kologisch als auch \u00f6konomisch \u00fcberzeugen. Genau solche Unternehmen brauchen wir \u2013 Unternehmen, die mit ihrem Engagement zur Stabilit\u00e4t und Zukunftsf\u00e4higkeit unserer Bauwirtschaft beitragen.\u201c<\/p>\n<p>Bei einem Rundgang auf dem Firmengel\u00e4nde stellten die beiden Sto-Vorst\u00e4nde die neue Testbaustelle zum seriellen Bauen vor. \u201eWir haben mit eigenen finanziellen Mitteln und Know-how Fassadenprodukte entwickelt, die bereits im Werk vorgefertigt werden und an der Baustelle direkt an die Geb\u00e4udefassade angebracht werden. Mit dieser Innovation wird nicht nur die Arbeit am Bau beschleunigt, wir bieten damit auch eine L\u00f6sung f\u00fcr den Fachkr\u00e4ftemangel, da weniger verschiedene Gewerke vor Ort ben\u00f6tigt werden. Die serielle Produktion ist in anderen Branchen seit Jahren etabliert, f\u00fcr die Baubranche ist sie eine Neuheit\u201c, sagt Jan Nissen, Vorstand Technik. Deutlich wurde im Gespr\u00e4ch auch, dass die Unternehmensvertreter F\u00f6rderma\u00dfnahmen f\u00fcr die Sanierung von Geb\u00e4uden f\u00fcr unumg\u00e4nglich halten und sie sich Unterst\u00fctzung bei der Marktetablierung von der Politik erwarten. Zum einen sei das notwendig, um die gesetzlich vorgegebenen Klimaziele zu erreichen, und zum anderen, um das Handwerk in der aktuell angespannten wirtschaftlichen Lage mit Neuauftr\u00e4gen zu st\u00fctzen.<\/p>\n<p>\u201eDie Baugenehmigungen in Deutschland sind gegen\u00fcber dem vergangenen Jahr um 25 Prozent zur\u00fcckgegangen. Die Sanierungsquote betr\u00e4gt lediglich 0,7 Prozent, obwohl diese laut der politischen Ziele bei 2 Prozent liegen m\u00fcsste. Hinzu kommt, dass \u00fcber 800.000 Wohnungen fehlen. Hier sehen wir einen dringenden Handlungsbedarf durch die Politik, sowohl beim Mangel an Wohnraum als auch zur Unterst\u00fctzung der Branche, die ein zentrales Standbein der deutschen Wirtschaft ist\u201c, sagt Michael Keller, stellvertretender Vorstandsvorsitzender. Die Vorst\u00e4nde legten auch dar, dass die Krise am Bau sowohl den Neubau als auch die Sanierung von Bestandsgeb\u00e4uden betr\u00e4fe. Die beteiligten Unternehmen w\u00fcrden zunehmend unter Druck geraten, da die Auftragslage extrem angespannt sei. Aus deren Sicht fehle es derzeit an einem Konzept sowie einer klaren Strategie auf Bundesebene, damit die Bauwirtschaft ihren volkswirtschaftlichen Beitrag leisten k\u00f6nne.<\/p>\n<p>\u201eSch\u00f6nreden hilft nicht: Der Standort Deutschland, der Standort Baden-W\u00fcrttemberg, steckt tief in der Krise. Das belegen s\u00e4mtliche Prognosen und Rankings der vergangenen Wochen und Monate. Deswegen ben\u00f6tigen wir eine wirtschaftspolitische Kehrtwende. Die Ampel in Berlin muss das Ruder herumrei\u00dfen und darf sich nicht weiter im Klein-Klein und in ewigen Streitereien verlieren. Das bedeutet: B\u00fcrokratie vehement abbauen, Steueranreize f\u00fcr Mehrarbeit setzen, Unternehmenssteuern auf das europ\u00e4ische Mittel senken, Energie erschwinglich machen\u201c, betonte Hoffmeister-Kraut.<\/p>\n<p>Die Vorst\u00e4nde erl\u00e4uterten auch die zentrale Bedeutung eines ressourcenschonenden Bauens und Sanierens f\u00fcr Sto, da die Nachhaltigkeit ein wichtiges Ziel der Unternehmensgruppe sei. Der international vertretene Konzern habe verschiedene Produktserien entwickelt, die auf einen umweltschonenden Umgang mit Ressourcen abziele und Geb\u00e4ude energieeffizienter ausstatte. Auch setzt das Unternehmen auf den Standort Deutschland und plant einen neuen Forschungs- und Entwicklungs-Campus in St\u00fchlingen, um weitere innovative Produkte zu entwickeln und Arbeitspl\u00e4tze vor Ort zu sichern.<\/p>\n<p>An dem Besuch nahmen auch Dr. Armin Schulz, Leiter Pressestelle der Ministerin Nicole Hoffmeister-Kraut, Sabine Hartmann-M\u00fcller, Mitglied des Landtags Baden-W\u00fcrttemberg, Dr. Marcel Baumann, Mitarbeiter im B\u00fcro von Sabine Hartmann-M\u00fcller, Marcus Weber, Leiter vorgefertigter Elemente bei Sto, Christoph M. Stolz, Leiter Public Affairs bei Sto sowie Anne Ruhrmann, Leiterin Global Public Relations bei Sto. In ihrem abschlie\u00dfenden Fazit waren sich sowohl die Politiker als auch die Unternehmensvertreter einig, dass es f\u00fcr beide Seiten wichtig ist in einem st\u00e4ndigen Dialog zu stehen, um die politischen und wirtschaftlichen Herausforderungen zu bew\u00e4ltigen. Denn beide Seiten h\u00e4tten dasselbe Ziel, der deutschen Bauwirtschaft zu neuem Aufschwung zu verhelfen.<\/p>\n<p>&nbsp;<\/p>\n<hr \/>\n<p>&nbsp;<\/p>\n<p style=\"text-align: center;\"><a href=\"http:\/\/www.pr-neu.de\/newsroom\/wordpress\/wp-content\/uploads\/2024\/08\/24-36_Besuch_Wirtschaftsministerin_1_K.jpg\" target=\"_blank\" rel=\"noopener\"><img loading=\"lazy\" decoding=\"async\" class=\"alignnone wp-image-17065 size-medium\" src=\"http:\/\/www.pr-neu.de\/newsroom\/wordpress\/wp-content\/uploads\/2024\/08\/24-36_Besuch_Wirtschaftsministerin_1_K-300x233.jpg\" alt=\"\" width=\"300\" height=\"233\" srcset=\"https:\/\/www.pr-neu.de\/newsroom\/wordpress\/wp-content\/uploads\/2024\/08\/24-36_Besuch_Wirtschaftsministerin_1_K-300x233.jpg 300w, https:\/\/www.pr-neu.de\/newsroom\/wordpress\/wp-content\/uploads\/2024\/08\/24-36_Besuch_Wirtschaftsministerin_1_K-1024x794.jpg 1024w, https:\/\/www.pr-neu.de\/newsroom\/wordpress\/wp-content\/uploads\/2024\/08\/24-36_Besuch_Wirtschaftsministerin_1_K-768x596.jpg 768w, https:\/\/www.pr-neu.de\/newsroom\/wordpress\/wp-content\/uploads\/2024\/08\/24-36_Besuch_Wirtschaftsministerin_1_K-1536x1192.jpg 1536w, https:\/\/www.pr-neu.de\/newsroom\/wordpress\/wp-content\/uploads\/2024\/08\/24-36_Besuch_Wirtschaftsministerin_1_K-2048x1589.jpg 2048w, https:\/\/www.pr-neu.de\/newsroom\/wordpress\/wp-content\/uploads\/2024\/08\/24-36_Besuch_Wirtschaftsministerin_1_K-110x85.jpg 110w, https:\/\/www.pr-neu.de\/newsroom\/wordpress\/wp-content\/uploads\/2024\/08\/24-36_Besuch_Wirtschaftsministerin_1_K-420x326.jpg 420w, https:\/\/www.pr-neu.de\/newsroom\/wordpress\/wp-content\/uploads\/2024\/08\/24-36_Besuch_Wirtschaftsministerin_1_K-554x430.jpg 554w\" sizes=\"auto, (max-width: 300px) 100vw, 300px\" \/><\/a><\/p>\n<p style=\"text-align: center;\">(v.l.) Michael Keller, stellv. Vorstandsvorsitzender bei Sto, Sabine Hartmann-M\u00fcller, MdL, Nicole Hoffmeister-Kraut, Wirtschaftsministerin Baden-W\u00fcrttemberg und Jan Nissen., Vorstand Technik bei Sto trafen sich zu einem Austausch auf dem Sto-Firmengel\u00e4nde in St\u00fchlingen-Weizen.<\/p>\n<p>&nbsp;<\/p>\n<p style=\"text-align: center;\"><a href=\"http:\/\/www.pr-neu.de\/newsroom\/wordpress\/wp-content\/uploads\/2024\/08\/24-36_Besuch_Wirtschaftsministerin_2_K.jpg\" target=\"_blank\" rel=\"noopener\"><img loading=\"lazy\" decoding=\"async\" class=\"alignnone wp-image-17066 size-medium\" src=\"http:\/\/www.pr-neu.de\/newsroom\/wordpress\/wp-content\/uploads\/2024\/08\/24-36_Besuch_Wirtschaftsministerin_2_K-213x300.jpg\" alt=\"\" width=\"213\" height=\"300\" srcset=\"https:\/\/www.pr-neu.de\/newsroom\/wordpress\/wp-content\/uploads\/2024\/08\/24-36_Besuch_Wirtschaftsministerin_2_K-213x300.jpg 213w, https:\/\/www.pr-neu.de\/newsroom\/wordpress\/wp-content\/uploads\/2024\/08\/24-36_Besuch_Wirtschaftsministerin_2_K-728x1024.jpg 728w, https:\/\/www.pr-neu.de\/newsroom\/wordpress\/wp-content\/uploads\/2024\/08\/24-36_Besuch_Wirtschaftsministerin_2_K-768x1080.jpg 768w, https:\/\/www.pr-neu.de\/newsroom\/wordpress\/wp-content\/uploads\/2024\/08\/24-36_Besuch_Wirtschaftsministerin_2_K-1092x1536.jpg 1092w, https:\/\/www.pr-neu.de\/newsroom\/wordpress\/wp-content\/uploads\/2024\/08\/24-36_Besuch_Wirtschaftsministerin_2_K-1457x2048.jpg 1457w, https:\/\/www.pr-neu.de\/newsroom\/wordpress\/wp-content\/uploads\/2024\/08\/24-36_Besuch_Wirtschaftsministerin_2_K-78x110.jpg 78w, https:\/\/www.pr-neu.de\/newsroom\/wordpress\/wp-content\/uploads\/2024\/08\/24-36_Besuch_Wirtschaftsministerin_2_K-299x420.jpg 299w, https:\/\/www.pr-neu.de\/newsroom\/wordpress\/wp-content\/uploads\/2024\/08\/24-36_Besuch_Wirtschaftsministerin_2_K-306x430.jpg 306w, https:\/\/www.pr-neu.de\/newsroom\/wordpress\/wp-content\/uploads\/2024\/08\/24-36_Besuch_Wirtschaftsministerin_2_K.jpg 1707w\" sizes=\"auto, (max-width: 213px) 100vw, 213px\" \/><\/a><\/p>\n<p style=\"text-align: center;\">(v.l.) Michael Keller, stellv. Vorstandsvorsitzender bei Sto, Armin Schulz, Leiter Pressestelle des baden-w\u00fcrttembergischen Wirtschaftsministeriums, Marcus Weber von Sto, Sabine Hartmann-M\u00fcller, MdL, Nicole Hoffmeister-Kraut, Wirtschaftsministerin Baden-W\u00fcrttemberg und Jan Nissen, Vorstand Technik bei Sto im Austausch zu Innovationen bei Sto.<br \/>\nBilder: Sto SE &amp; Co. KGaA<\/p>\n<p>&nbsp;<\/p>\n<hr \/>\n<p>&nbsp;<\/p>\n<p>Abdruck honorarfrei, Belegexemplar erbeten<\/p>\n","protected":false},"excerpt":{"rendered":"<p>Die baden-w\u00fcrttembergische Wirtschaftsministerin Dr. Nicole Hoffmeister-Kraut tauschte sich in einem Gespr\u00e4ch mit Vorst\u00e4nden der STO Management SE in St\u00fchlingen aus.<\/p>\n","protected":false},"author":9,"featured_media":17065,"comment_status":"closed","ping_status":"open","sticky":false,"template":"","format":"standard","meta":{"footnotes":""},"categories":[15],"tags":[504,1635,1757],"class_list":["post-17064","post","type-post","status-publish","format-standard","has-post-thumbnail","hentry","category-sto","tag-sto-2","tag-stuehlingen","tag-unternehmen"],"_links":{"self":[{"href":"https:\/\/www.pr-neu.de\/newsroom\/wp-json\/wp\/v2\/posts\/17064","targetHints":{"allow":["GET"]}}],"collection":[{"href":"https:\/\/www.pr-neu.de\/newsroom\/wp-json\/wp\/v2\/posts"}],"about":[{"href":"https:\/\/www.pr-neu.de\/newsroom\/wp-json\/wp\/v2\/types\/post"}],"author":[{"embeddable":true,"href":"https:\/\/www.pr-neu.de\/newsroom\/wp-json\/wp\/v2\/users\/9"}],"replies":[{"embeddable":true,"href":"https:\/\/www.pr-neu.de\/newsroom\/wp-json\/wp\/v2\/comments?post=17064"}],"version-history":[{"count":2,"href":"https:\/\/www.pr-neu.de\/newsroom\/wp-json\/wp\/v2\/posts\/17064\/revisions"}],"predecessor-version":[{"id":17068,"href":"https:\/\/www.pr-neu.de\/newsroom\/wp-json\/wp\/v2\/posts\/17064\/revisions\/17068"}],"wp:featuredmedia":[{"embeddable":true,"href":"https:\/\/www.pr-neu.de\/newsroom\/wp-json\/wp\/v2\/media\/17065"}],"wp:attachment":[{"href":"https:\/\/www.pr-neu.de\/newsroom\/wp-json\/wp\/v2\/media?parent=17064"}],"wp:term":[{"taxonomy":"category","embeddable":true,"href":"https:\/\/www.pr-neu.de\/newsroom\/wp-json\/wp\/v2\/categories?post=17064"},{"taxonomy":"post_tag","embeddable":true,"href":"https:\/\/www.pr-neu.de\/newsroom\/wp-json\/wp\/v2\/tags?post=17064"}],"curies":[{"name":"wp","href":"https:\/\/api.w.org\/{rel}","templated":true}]}}