{"id":17005,"date":"2024-09-23T08:00:33","date_gmt":"2024-09-23T06:00:33","guid":{"rendered":"https:\/\/www.pr-neu.de\/newsroom\/?p=17005"},"modified":"2024-09-30T12:55:00","modified_gmt":"2024-09-30T10:55:00","slug":"anputzleiste-mit-schattenfuge","status":"publish","type":"post","link":"https:\/\/www.pr-neu.de\/newsroom\/anputzleiste-mit-schattenfuge\/","title":{"rendered":"Anputzleiste mit Schattenfuge"},"content":{"rendered":"<p>&nbsp;<\/p>\n<p><u>WDVS-Details: StoProfile Seal Perfect S<\/u><\/p>\n<p>Schlagregendicht, gepr\u00fcft bis 600 Pascal, f\u00fcr Bewegungen der Klasse A geeignet \u2013 und mit eleganter Schattenfuge: Mit der Anputzleiste \u201eStoProfile Seal Perfect S\u201c lassen sich Fenster perfekt in ged\u00e4mmte W\u00e4nde (bis 300 Millimeter D\u00e4mmstoffdicke) einbinden, in allen Einbaupositionen des Fensters: zur\u00fcckgesetzt oder b\u00fcndig im Mauerwerk oder vor dem Mauerwerk mit Laibung, das schmale Profil kann vor die D\u00e4mmung gesetzt werden. Die Teleskopfunktion funktioniert erst nach dem Entfernen der Schutzlasche, so ist sichergestellt, dass die Anputzleiste nicht unbeabsichtigt w\u00e4hrend der Verarbeitung auseinander gezogen wird. Das Profil entkoppelt schon bei geringen Zugkr\u00e4ften und geh\u00f6rt zu der Gruppe der Anputzleisten mit klebender Abdichtung, das hei\u00dft, dass die Abdichtung unter anderem \u00fcber das selbstklebende PE-Dichtband erfolgt. Dies setzt einen klebegeeigneten Fensterrahmen voraus.<\/p>\n<p>&nbsp;<\/p>\n<hr \/>\n<p>&nbsp;<\/p>\n<p><a href=\"http:\/\/www.pr-neu.de\/newsroom\/wordpress\/wp-content\/uploads\/2024\/07\/24_33_Anputzleiste_Seal_K.jpg\" target=\"_blank\" rel=\"noopener\"><img loading=\"lazy\" decoding=\"async\" class=\"aligncenter wp-image-17006 size-medium\" src=\"http:\/\/www.pr-neu.de\/newsroom\/wordpress\/wp-content\/uploads\/2024\/07\/24_33_Anputzleiste_Seal_K-260x300.jpg\" alt=\"Wenn die wei\u00dfe, sichtbare Schutzlippe der Standard-Anputzleiste optisch nicht gef\u00e4llt, ist mit dem neuen StoProfile Seal Perfect S eine elegante Schattenfuge m\u00f6glich.\" width=\"260\" height=\"300\" srcset=\"https:\/\/www.pr-neu.de\/newsroom\/wordpress\/wp-content\/uploads\/2024\/07\/24_33_Anputzleiste_Seal_K-260x300.jpg 260w, https:\/\/www.pr-neu.de\/newsroom\/wordpress\/wp-content\/uploads\/2024\/07\/24_33_Anputzleiste_Seal_K-887x1024.jpg 887w, https:\/\/www.pr-neu.de\/newsroom\/wordpress\/wp-content\/uploads\/2024\/07\/24_33_Anputzleiste_Seal_K-768x887.jpg 768w, https:\/\/www.pr-neu.de\/newsroom\/wordpress\/wp-content\/uploads\/2024\/07\/24_33_Anputzleiste_Seal_K-1330x1536.jpg 1330w, https:\/\/www.pr-neu.de\/newsroom\/wordpress\/wp-content\/uploads\/2024\/07\/24_33_Anputzleiste_Seal_K-1773x2048.jpg 1773w, https:\/\/www.pr-neu.de\/newsroom\/wordpress\/wp-content\/uploads\/2024\/07\/24_33_Anputzleiste_Seal_K-95x110.jpg 95w, https:\/\/www.pr-neu.de\/newsroom\/wordpress\/wp-content\/uploads\/2024\/07\/24_33_Anputzleiste_Seal_K-364x420.jpg 364w, https:\/\/www.pr-neu.de\/newsroom\/wordpress\/wp-content\/uploads\/2024\/07\/24_33_Anputzleiste_Seal_K-372x430.jpg 372w\" sizes=\"auto, (max-width: 260px) 100vw, 260px\" \/><\/a><\/p>\n<p style=\"text-align: center;\">Wenn die wei\u00dfe, sichtbare Schutzlippe der Standard-Anputzleiste optisch nicht gef\u00e4llt, ist mit dem neuen StoProfile Seal Perfect S eine elegante Schattenfuge m\u00f6glich.<br \/>\nBild: Step-Ani-Motion, K\u00f6ln \/ Sto SE &amp; Co. KGaA<\/p>\n<p>&nbsp;<\/p>\n<hr \/>\n<p>&nbsp;<\/p>\n<p>Abdruck honorarfrei, Belegexemplar erbeten<\/p>\n","protected":false},"excerpt":{"rendered":"<p>Schlagregendicht, gepr\u00fcft bis 600 Pascal, f\u00fcr Bewegungen der Klasse A geeignet \u2013 und mit eleganter Schattenfuge: Mit der Anputzleiste \u201eStoProfile Seal Perfect S\u201c lassen sich Fenster perfekt in ged\u00e4mmte W\u00e4nde (bis 300 Millimeter D\u00e4mmstoffdicke) einbinden, in allen Einbaupositionen des Fensters.<\/p>\n","protected":false},"author":9,"featured_media":17006,"comment_status":"closed","ping_status":"open","sticky":false,"template":"","format":"standard","meta":{"footnotes":""},"categories":[15],"tags":[3074,124,194,430,439,504,3076,617],"class_list":["post-17005","post","type-post","status-publish","format-standard","has-post-thumbnail","hentry","category-sto","tag-anputzleiste","tag-dammung","tag-fenster","tag-renovierung","tag-sanierung","tag-sto-2","tag-stoprofile","tag-wand"],"_links":{"self":[{"href":"https:\/\/www.pr-neu.de\/newsroom\/wp-json\/wp\/v2\/posts\/17005","targetHints":{"allow":["GET"]}}],"collection":[{"href":"https:\/\/www.pr-neu.de\/newsroom\/wp-json\/wp\/v2\/posts"}],"about":[{"href":"https:\/\/www.pr-neu.de\/newsroom\/wp-json\/wp\/v2\/types\/post"}],"author":[{"embeddable":true,"href":"https:\/\/www.pr-neu.de\/newsroom\/wp-json\/wp\/v2\/users\/9"}],"replies":[{"embeddable":true,"href":"https:\/\/www.pr-neu.de\/newsroom\/wp-json\/wp\/v2\/comments?post=17005"}],"version-history":[{"count":3,"href":"https:\/\/www.pr-neu.de\/newsroom\/wp-json\/wp\/v2\/posts\/17005\/revisions"}],"predecessor-version":[{"id":17226,"href":"https:\/\/www.pr-neu.de\/newsroom\/wp-json\/wp\/v2\/posts\/17005\/revisions\/17226"}],"wp:featuredmedia":[{"embeddable":true,"href":"https:\/\/www.pr-neu.de\/newsroom\/wp-json\/wp\/v2\/media\/17006"}],"wp:attachment":[{"href":"https:\/\/www.pr-neu.de\/newsroom\/wp-json\/wp\/v2\/media?parent=17005"}],"wp:term":[{"taxonomy":"category","embeddable":true,"href":"https:\/\/www.pr-neu.de\/newsroom\/wp-json\/wp\/v2\/categories?post=17005"},{"taxonomy":"post_tag","embeddable":true,"href":"https:\/\/www.pr-neu.de\/newsroom\/wp-json\/wp\/v2\/tags?post=17005"}],"curies":[{"name":"wp","href":"https:\/\/api.w.org\/{rel}","templated":true}]}}