{"id":16983,"date":"2024-08-19T08:00:42","date_gmt":"2024-08-19T06:00:42","guid":{"rendered":"https:\/\/www.pr-neu.de\/newsroom\/?p=16983"},"modified":"2024-07-31T09:51:09","modified_gmt":"2024-07-31T07:51:09","slug":"digitales-aufmass-fuer-fassadensanierung-in-wismar","status":"publish","type":"post","link":"https:\/\/www.pr-neu.de\/newsroom\/digitales-aufmass-fuer-fassadensanierung-in-wismar\/","title":{"rendered":"Digitales Aufma\u00df f\u00fcr Fassadensanierung in Wismar"},"content":{"rendered":"<p><u>Sto Klimaservice: Mit dem Laserscanner schneller zu validen Daten<\/u><\/p>\n<p><strong>Sechs Stunden brauchte Lisa H\u00e4nsel nur, um die Fassaden von 21 Geb\u00e4ude mit insgesamt 215 Wohn- und Gewerbeeinheiten datentechnisch zu erfassen. Valide Plandaten des Wohnquartiers am Weidendamm in Wismar lagen nicht vor, dennoch wollte die Wohnungsgenossenschaft Union Wismar EG das Ensemble aus den 1920er\/30er Jahren energetisch sanieren. Das digitale Aufma\u00df des Sto Klimaservices mit CAD-nutzbaren Geb\u00e4udedaten ist nun Grundlage f\u00fcr die konkrete Planung am denkmalgesch\u00fctzten Bestand.<\/strong><\/p>\n<p>Gunnar Schr\u00f6der ist sich der Verantwortung der Wohnungswirtschaft in Sachen Klimaschutz sehr bewusst. \u201eWenn wir die Energiewende schaffen wollen, ist eine Ert\u00fcchtigung der Geb\u00e4udeh\u00fcllen unseres Geb\u00e4udebestands unabdingbar\u201c, sagt der Vorstand der Wohnungsgenossenschaft Union Wismar EG. Das Wohnquartier am Weidendamm unterliegt allerdings der Erhaltungssatzung der Hansestadt Wismar, \u201edeshalb haben wir die Fassaden bisher nur instandgesetzt, nicht energetisch aufgewertet\u201c. Das soll sich nun \u00e4ndern. Doch vom Geb\u00e4udebestand lagen keine ausreichenden Pl\u00e4ne vor und ein h\u00e4ndisches Aufma\u00df war aufgrund der Gr\u00f6\u00dfe des Wohnquartiers keine Option. \u201eUm in die Gespr\u00e4che mit den kommunalen Beh\u00f6rden zu gehen, brauchten wir digitale Daten\u201c, berichtet Schr\u00f6der weiter. \u201eWir mussten Wege finden, wie wir \u00c4sthetik, Wirtschaftlichkeit und Funktionalit\u00e4t in Einklang bringen.\u201c Ziel war es, die Geb\u00e4ude so zu erfassen, dass Szenarien aufgestellt werden k\u00f6nnen, um gemeinsam mit den Beh\u00f6rden L\u00f6sungsans\u00e4tze f\u00fcr die energetische Geb\u00e4udesanierung zu finden.\u201c Oder anders gesagt: Ohne eine solche L\u00f6sungen wird nicht saniert. Das w\u00fcrde den Abriss bedeuten.<\/p>\n<p><strong>1,24 Millionen Messpunkte<\/strong><\/p>\n<p>Schr\u00f6der kontaktierte Sto-Projektmanagerin Lisa H\u00e4nsel, die das Projekt mit dem Sto Klimaservice unterst\u00fctzte. Mit einem digitalen Laserscanner ging sie dreimal um die Geb\u00e4ude und erfasste so die gesamte H\u00fclle zentimetergenau. Mit der LiDAR-Technologie werden s\u00e4mtliche \u00d6ffnungen, Fenster, T\u00fcren, Nischen, R\u00fcckspr\u00fcnge oder Balkone mit einer hohen Ma\u00dfgenauigkeit erfasst. Nicolas Trusch, Gesch\u00e4ftsf\u00fchrer der dotscene GmbH, die den digitalen Scanner entwickelte, erl\u00e4utert das Prinzip: \u201eDer Scanner tastet horizontal und vertikal mit jeweils 360 Grad die Umgebung ab mit bis zu 1,24 Millionen Messpunkten. Damit sind wir in der Lage, den Geb\u00e4udebestand mit hoher Geschwindigkeit digital zu erfassen.\u201c<\/p>\n<p>H\u00e4nsel zeigt sich von der Technik begeistert: \u201eSie ist eine riesige Erleichterung. In meinem Leben als Architektin bin ich mit Laserscanner und Meterma\u00df \u00fcber Baustellen geklettert und habe versucht, irgendwie die Ma\u00dfe aufzunehmen. Es ist erstaunlich, wie gut diese Kamera funktioniert. Innerhalb weniger Stunden erfassen wir damit ein komplettes Wohnquartier.\u201c Am Weidendamm dauerte der Scan von 15.000 Quadratmetern Fassadenfl\u00e4che nur sechs Stunden.<\/p>\n<p><strong>Verl\u00e4ssliche Kalkulationsgrundlage<\/strong><\/p>\n<p>Die aus der Punktwolke entwickelten 2D- und 3D-Modelle dienen jetzt als Grundlage f\u00fcr die Diskussion mit den Beh\u00f6rden, um f\u00fcr das unter Bestandsschutz stehende Quartier eine zukunftsf\u00e4hige L\u00f6sung zu finden. Sobald dies geschafft ist, beginnt die Detailplanung. Nach der Ausschreibung wird die Bauherrin gemeinsam mit dem Fachhandwerksbetrieb das passende Fassadend\u00e4mmsystem ausw\u00e4hlen, wo \u00f6kologische, \u00f6konomische und gestalterische Aspekte und die erforderlichen Brandschutzanforderungen einflie\u00dfen.<\/p>\n<p>Auf Basis der Scanergebnisse erfolgt eine verl\u00e4ssliche Fl\u00e4chen- und Mengenermittlung. Somit liegen die Grundlagen f\u00fcr eine Kalkulation des Projekts vor, was der Eigent\u00fcmerin Planungssicherheit gibt. \u201eIm zweiten Schritt profitiert der Handwerksbetrieb\u201c, betont Silvio Czikora-Pozar, bei Sto zust\u00e4ndig f\u00fcr digitale Produkte und Services. \u201eSobald die Fl\u00e4chen exakt berechnet sind, l\u00e4sst sich die ben\u00f6tigte Menge an D\u00e4mmstoff, Unterputz und Schlussbeschichtungen konkret ermitteln.\u201c Das Szenario, das bei h\u00e4ndischem Aufma\u00df h\u00e4ufig an der Tagesordnung war \u2013 n\u00e4mlich, dass deutlich zu viel Material bestellt wird \u2013 ist damit hinf\u00e4llig. Das erleichtert nicht nur das Handling auf der Baustelle, sondern sch\u00fctzt auch die Umwelt, weil weniger Abfall anf\u00e4llt.<\/p>\n<p>Optional sind zudem individuelle Farb- und Materialkonzepte von StoDesign erh\u00e4ltlich, die ebenfalls auf Basis der 2D- und 3D-Ansichten erstellt werden. Ein gutes Beispiel, wie sich Sanierungsprojekte aus der Perspektive aller Projektbeteiligten effizient und verl\u00e4sslich abwickeln lassen.<\/p>\n<p>sto.de\/klimaservice<\/p>\n<p>&nbsp;<\/p>\n<hr \/>\n<p>&nbsp;<\/p>\n<p>K A S T E N<\/p>\n<p><strong>Der Sto Klimaservice<\/strong><br \/>\nerfasst Bestandsfassaden bis ins Detail. Ein mobiler Laserscanner erstellt den Fassadenscan als sogenannte \u201ePunktwolke\u201c. Daraus werden 2D-Fassadenansichten und 3D-Modelle entwickelt, die es erm\u00f6glichen, Fl\u00e4chen exakt zu berechnen \u2013 abz\u00fcglich von \u00d6ffnungen wie T\u00fcren und Fenster. Auf dieser Basis werden Materialmengen und Kosten verl\u00e4sslich kalkuliert. Au\u00dferdem bieten die digitalen Ansichten und Modelle eine gute Planungsgrundlage f\u00fcr Architekten und ihre Gestaltungskonzepte.<\/p>\n<p>&nbsp;<\/p>\n<hr \/>\n<p>&nbsp;<\/p>\n<p>K A S T E N<\/p>\n<p><strong>LiDAR-Technologie<\/strong><br \/>\nBeim Sto Klimaservice kommt die LiDAR-Technologie zum Einsatz, ein 3D-Laserscanning-Verfahren. LiDAR steht f\u00fcr \u201eLight imaging, detection and ranging\u201c. Damit erstellt Sto seinen Kunden innerhalb k\u00fcrzester Zeit ein digitales Aufma\u00df von Bestandsgeb\u00e4uden. Der LiDAR-Fassadenscan liefert \u00e4u\u00dferst pr\u00e4zise Scans von Geb\u00e4uden inklusive 3D-Modellen und Visualisierungen. Es ist dadurch ein verl\u00e4ssliches Tool f\u00fcr jegliche Art von Fassadenprojekten \u2013 von der Fassadensanierung bis zur -gestaltung.<\/p>\n<p>&nbsp;<\/p>\n<hr \/>\n<p>&nbsp;<\/p>\n<p><strong>BAUTAFEL<\/strong><br \/>\n<strong>Wohnquartier am Weidendamm, Wismar<\/strong><br \/>\nBauherr: Wohnungsgenossenschaft Union Wismar EG<br \/>\nScandauer: 6 Stunden<br \/>\nFl\u00e4che: 15.000 Quadratmeter Fassade<br \/>\nGrundriss: 1.200 Laufmeter<\/p>\n<p>&nbsp;<\/p>\n<hr \/>\n<p>&nbsp;<\/p>\n<p><a href=\"http:\/\/www.pr-neu.de\/newsroom\/wordpress\/wp-content\/uploads\/2024\/07\/24-20_Wismar_1_Lisa_Haensel_K.jpg\" target=\"_blank\" rel=\"noopener\"><img loading=\"lazy\" decoding=\"async\" class=\"aligncenter wp-image-16986 size-medium\" src=\"http:\/\/www.pr-neu.de\/newsroom\/wordpress\/wp-content\/uploads\/2024\/07\/24-20_Wismar_1_Lisa_Haensel_K-300x225.jpg\" alt=\"Sto-Projektmanagerin und Architektin Lisa H\u00e4nsel sch\u00e4tzt die Vorteile des digitalen Aufma\u00dfes.\" width=\"300\" height=\"225\" srcset=\"https:\/\/www.pr-neu.de\/newsroom\/wordpress\/wp-content\/uploads\/2024\/07\/24-20_Wismar_1_Lisa_Haensel_K-300x225.jpg 300w, https:\/\/www.pr-neu.de\/newsroom\/wordpress\/wp-content\/uploads\/2024\/07\/24-20_Wismar_1_Lisa_Haensel_K-1024x768.jpg 1024w, https:\/\/www.pr-neu.de\/newsroom\/wordpress\/wp-content\/uploads\/2024\/07\/24-20_Wismar_1_Lisa_Haensel_K-768x576.jpg 768w, https:\/\/www.pr-neu.de\/newsroom\/wordpress\/wp-content\/uploads\/2024\/07\/24-20_Wismar_1_Lisa_Haensel_K-1536x1152.jpg 1536w, https:\/\/www.pr-neu.de\/newsroom\/wordpress\/wp-content\/uploads\/2024\/07\/24-20_Wismar_1_Lisa_Haensel_K-2048x1536.jpg 2048w, https:\/\/www.pr-neu.de\/newsroom\/wordpress\/wp-content\/uploads\/2024\/07\/24-20_Wismar_1_Lisa_Haensel_K-110x83.jpg 110w, https:\/\/www.pr-neu.de\/newsroom\/wordpress\/wp-content\/uploads\/2024\/07\/24-20_Wismar_1_Lisa_Haensel_K-420x315.jpg 420w, https:\/\/www.pr-neu.de\/newsroom\/wordpress\/wp-content\/uploads\/2024\/07\/24-20_Wismar_1_Lisa_Haensel_K-573x430.jpg 573w\" sizes=\"auto, (max-width: 300px) 100vw, 300px\" \/><\/a><\/p>\n<p style=\"text-align: center;\">Sto-Projektmanagerin und Architektin Lisa H\u00e4nsel sch\u00e4tzt die Vorteile des digitalen Aufma\u00dfes.<\/p>\n<p>&nbsp;<\/p>\n<p><a href=\"http:\/\/www.pr-neu.de\/newsroom\/wordpress\/wp-content\/uploads\/2024\/07\/24-20_Wismar_2_Fassadenscan_K.jpg\" target=\"_blank\" rel=\"noopener\"><img loading=\"lazy\" decoding=\"async\" class=\"aligncenter wp-image-16987 size-medium\" src=\"http:\/\/www.pr-neu.de\/newsroom\/wordpress\/wp-content\/uploads\/2024\/07\/24-20_Wismar_2_Fassadenscan_K-300x200.jpg\" alt=\"Lisa H\u00e4nsel in Action: Innerhalb sechs Stunden scannte sie 15.000 Fassadenfl\u00e4che im Wohnquartier am Weidendamm.\" width=\"300\" height=\"200\" srcset=\"https:\/\/www.pr-neu.de\/newsroom\/wordpress\/wp-content\/uploads\/2024\/07\/24-20_Wismar_2_Fassadenscan_K-300x200.jpg 300w, https:\/\/www.pr-neu.de\/newsroom\/wordpress\/wp-content\/uploads\/2024\/07\/24-20_Wismar_2_Fassadenscan_K-1024x683.jpg 1024w, https:\/\/www.pr-neu.de\/newsroom\/wordpress\/wp-content\/uploads\/2024\/07\/24-20_Wismar_2_Fassadenscan_K-768x512.jpg 768w, https:\/\/www.pr-neu.de\/newsroom\/wordpress\/wp-content\/uploads\/2024\/07\/24-20_Wismar_2_Fassadenscan_K-1536x1024.jpg 1536w, https:\/\/www.pr-neu.de\/newsroom\/wordpress\/wp-content\/uploads\/2024\/07\/24-20_Wismar_2_Fassadenscan_K-2048x1365.jpg 2048w, https:\/\/www.pr-neu.de\/newsroom\/wordpress\/wp-content\/uploads\/2024\/07\/24-20_Wismar_2_Fassadenscan_K-110x73.jpg 110w, https:\/\/www.pr-neu.de\/newsroom\/wordpress\/wp-content\/uploads\/2024\/07\/24-20_Wismar_2_Fassadenscan_K-420x280.jpg 420w, https:\/\/www.pr-neu.de\/newsroom\/wordpress\/wp-content\/uploads\/2024\/07\/24-20_Wismar_2_Fassadenscan_K-645x430.jpg 645w\" sizes=\"auto, (max-width: 300px) 100vw, 300px\" \/><\/a><\/p>\n<p><a href=\"http:\/\/www.pr-neu.de\/newsroom\/wordpress\/wp-content\/uploads\/2024\/07\/24-20_Wismar_3_Fassadenscan_K.jpg\" target=\"_blank\" rel=\"noopener\"><img loading=\"lazy\" decoding=\"async\" class=\"aligncenter wp-image-16988 size-medium\" src=\"http:\/\/www.pr-neu.de\/newsroom\/wordpress\/wp-content\/uploads\/2024\/07\/24-20_Wismar_3_Fassadenscan_K-300x200.jpg\" alt=\"Lisa H\u00e4nsel in Action: Innerhalb sechs Stunden scannte sie 15.000 Fassadenfl\u00e4che im Wohnquartier am Weidendamm.\" width=\"300\" height=\"200\" srcset=\"https:\/\/www.pr-neu.de\/newsroom\/wordpress\/wp-content\/uploads\/2024\/07\/24-20_Wismar_3_Fassadenscan_K-300x200.jpg 300w, https:\/\/www.pr-neu.de\/newsroom\/wordpress\/wp-content\/uploads\/2024\/07\/24-20_Wismar_3_Fassadenscan_K-1024x683.jpg 1024w, https:\/\/www.pr-neu.de\/newsroom\/wordpress\/wp-content\/uploads\/2024\/07\/24-20_Wismar_3_Fassadenscan_K-768x512.jpg 768w, https:\/\/www.pr-neu.de\/newsroom\/wordpress\/wp-content\/uploads\/2024\/07\/24-20_Wismar_3_Fassadenscan_K-1536x1024.jpg 1536w, https:\/\/www.pr-neu.de\/newsroom\/wordpress\/wp-content\/uploads\/2024\/07\/24-20_Wismar_3_Fassadenscan_K-2048x1365.jpg 2048w, https:\/\/www.pr-neu.de\/newsroom\/wordpress\/wp-content\/uploads\/2024\/07\/24-20_Wismar_3_Fassadenscan_K-110x73.jpg 110w, https:\/\/www.pr-neu.de\/newsroom\/wordpress\/wp-content\/uploads\/2024\/07\/24-20_Wismar_3_Fassadenscan_K-420x280.jpg 420w, https:\/\/www.pr-neu.de\/newsroom\/wordpress\/wp-content\/uploads\/2024\/07\/24-20_Wismar_3_Fassadenscan_K-645x430.jpg 645w\" sizes=\"auto, (max-width: 300px) 100vw, 300px\" \/><\/a><\/p>\n<p><a href=\"http:\/\/www.pr-neu.de\/newsroom\/wordpress\/wp-content\/uploads\/2024\/07\/24-20_Wismar_4_Fassadenscan_K.jpg\" target=\"_blank\" rel=\"noopener\"><img loading=\"lazy\" decoding=\"async\" class=\"aligncenter wp-image-16989 size-medium\" src=\"http:\/\/www.pr-neu.de\/newsroom\/wordpress\/wp-content\/uploads\/2024\/07\/24-20_Wismar_4_Fassadenscan_K-300x200.jpg\" alt=\"Lisa H\u00e4nsel in Action: Innerhalb sechs Stunden scannte sie 15.000 Fassadenfl\u00e4che im Wohnquartier am Weidendamm.\" width=\"300\" height=\"200\" srcset=\"https:\/\/www.pr-neu.de\/newsroom\/wordpress\/wp-content\/uploads\/2024\/07\/24-20_Wismar_4_Fassadenscan_K-300x200.jpg 300w, https:\/\/www.pr-neu.de\/newsroom\/wordpress\/wp-content\/uploads\/2024\/07\/24-20_Wismar_4_Fassadenscan_K-1024x683.jpg 1024w, https:\/\/www.pr-neu.de\/newsroom\/wordpress\/wp-content\/uploads\/2024\/07\/24-20_Wismar_4_Fassadenscan_K-768x512.jpg 768w, https:\/\/www.pr-neu.de\/newsroom\/wordpress\/wp-content\/uploads\/2024\/07\/24-20_Wismar_4_Fassadenscan_K-1536x1024.jpg 1536w, https:\/\/www.pr-neu.de\/newsroom\/wordpress\/wp-content\/uploads\/2024\/07\/24-20_Wismar_4_Fassadenscan_K-2048x1365.jpg 2048w, https:\/\/www.pr-neu.de\/newsroom\/wordpress\/wp-content\/uploads\/2024\/07\/24-20_Wismar_4_Fassadenscan_K-110x73.jpg 110w, https:\/\/www.pr-neu.de\/newsroom\/wordpress\/wp-content\/uploads\/2024\/07\/24-20_Wismar_4_Fassadenscan_K-420x280.jpg 420w, https:\/\/www.pr-neu.de\/newsroom\/wordpress\/wp-content\/uploads\/2024\/07\/24-20_Wismar_4_Fassadenscan_K-645x430.jpg 645w\" sizes=\"auto, (max-width: 300px) 100vw, 300px\" \/><\/a><\/p>\n<p><a href=\"http:\/\/www.pr-neu.de\/newsroom\/wordpress\/wp-content\/uploads\/2024\/07\/24-20_Wismar_5_Fassadenscan_K.jpg\" target=\"_blank\" rel=\"noopener\"><img loading=\"lazy\" decoding=\"async\" class=\"aligncenter wp-image-16990 size-medium\" src=\"http:\/\/www.pr-neu.de\/newsroom\/wordpress\/wp-content\/uploads\/2024\/07\/24-20_Wismar_5_Fassadenscan_K-300x200.jpg\" alt=\"Lisa H\u00e4nsel in Action: Innerhalb sechs Stunden scannte sie 15.000 Fassadenfl\u00e4che im Wohnquartier am Weidendamm.\" width=\"300\" height=\"200\" srcset=\"https:\/\/www.pr-neu.de\/newsroom\/wordpress\/wp-content\/uploads\/2024\/07\/24-20_Wismar_5_Fassadenscan_K-300x200.jpg 300w, https:\/\/www.pr-neu.de\/newsroom\/wordpress\/wp-content\/uploads\/2024\/07\/24-20_Wismar_5_Fassadenscan_K-1024x683.jpg 1024w, https:\/\/www.pr-neu.de\/newsroom\/wordpress\/wp-content\/uploads\/2024\/07\/24-20_Wismar_5_Fassadenscan_K-768x512.jpg 768w, https:\/\/www.pr-neu.de\/newsroom\/wordpress\/wp-content\/uploads\/2024\/07\/24-20_Wismar_5_Fassadenscan_K-1536x1024.jpg 1536w, https:\/\/www.pr-neu.de\/newsroom\/wordpress\/wp-content\/uploads\/2024\/07\/24-20_Wismar_5_Fassadenscan_K-2048x1365.jpg 2048w, https:\/\/www.pr-neu.de\/newsroom\/wordpress\/wp-content\/uploads\/2024\/07\/24-20_Wismar_5_Fassadenscan_K-110x73.jpg 110w, https:\/\/www.pr-neu.de\/newsroom\/wordpress\/wp-content\/uploads\/2024\/07\/24-20_Wismar_5_Fassadenscan_K-420x280.jpg 420w, https:\/\/www.pr-neu.de\/newsroom\/wordpress\/wp-content\/uploads\/2024\/07\/24-20_Wismar_5_Fassadenscan_K-645x430.jpg 645w\" sizes=\"auto, (max-width: 300px) 100vw, 300px\" \/><\/a><\/p>\n<p style=\"text-align: center;\">Lisa H\u00e4nsel in Action: Innerhalb sechs Stunden scannte sie 15.000 Fassadenfl\u00e4chen im Wohnquartier am Weidendamm.<\/p>\n<p>&nbsp;<\/p>\n<p><a href=\"http:\/\/www.pr-neu.de\/newsroom\/wordpress\/wp-content\/uploads\/2024\/07\/24-20_Wismar_6_Gunnar_Schroeder_K.jpg\" target=\"_blank\" rel=\"noopener\"><img loading=\"lazy\" decoding=\"async\" class=\"aligncenter wp-image-16991 size-medium\" src=\"http:\/\/www.pr-neu.de\/newsroom\/wordpress\/wp-content\/uploads\/2024\/07\/24-20_Wismar_6_Gunnar_Schroeder_K-300x200.jpg\" alt=\"Gunnar Schr\u00f6der, Vorstand der Wohnungsgenossenschaft Union Wismar EG.\" width=\"300\" height=\"200\" srcset=\"https:\/\/www.pr-neu.de\/newsroom\/wordpress\/wp-content\/uploads\/2024\/07\/24-20_Wismar_6_Gunnar_Schroeder_K-300x200.jpg 300w, https:\/\/www.pr-neu.de\/newsroom\/wordpress\/wp-content\/uploads\/2024\/07\/24-20_Wismar_6_Gunnar_Schroeder_K-1024x683.jpg 1024w, https:\/\/www.pr-neu.de\/newsroom\/wordpress\/wp-content\/uploads\/2024\/07\/24-20_Wismar_6_Gunnar_Schroeder_K-768x512.jpg 768w, https:\/\/www.pr-neu.de\/newsroom\/wordpress\/wp-content\/uploads\/2024\/07\/24-20_Wismar_6_Gunnar_Schroeder_K-1536x1024.jpg 1536w, https:\/\/www.pr-neu.de\/newsroom\/wordpress\/wp-content\/uploads\/2024\/07\/24-20_Wismar_6_Gunnar_Schroeder_K-2048x1365.jpg 2048w, https:\/\/www.pr-neu.de\/newsroom\/wordpress\/wp-content\/uploads\/2024\/07\/24-20_Wismar_6_Gunnar_Schroeder_K-110x73.jpg 110w, https:\/\/www.pr-neu.de\/newsroom\/wordpress\/wp-content\/uploads\/2024\/07\/24-20_Wismar_6_Gunnar_Schroeder_K-420x280.jpg 420w, https:\/\/www.pr-neu.de\/newsroom\/wordpress\/wp-content\/uploads\/2024\/07\/24-20_Wismar_6_Gunnar_Schroeder_K-645x430.jpg 645w\" sizes=\"auto, (max-width: 300px) 100vw, 300px\" \/><\/a><\/p>\n<p><a href=\"http:\/\/www.pr-neu.de\/newsroom\/wordpress\/wp-content\/uploads\/2024\/07\/24-20_Wismar_7_Gunnar_Schroeder_G-scaled.jpg\" target=\"_blank\" rel=\"noopener\"><img loading=\"lazy\" decoding=\"async\" class=\"aligncenter wp-image-16984 size-medium\" src=\"http:\/\/www.pr-neu.de\/newsroom\/wordpress\/wp-content\/uploads\/2024\/07\/24-20_Wismar_7_Gunnar_Schroeder_G-300x225.jpg\" alt=\"Gunnar Schr\u00f6der, Vorstand der Wohnungsgenossenschaft Union Wismar EG.\" width=\"300\" height=\"225\" srcset=\"https:\/\/www.pr-neu.de\/newsroom\/wordpress\/wp-content\/uploads\/2024\/07\/24-20_Wismar_7_Gunnar_Schroeder_G-300x225.jpg 300w, https:\/\/www.pr-neu.de\/newsroom\/wordpress\/wp-content\/uploads\/2024\/07\/24-20_Wismar_7_Gunnar_Schroeder_G-1024x768.jpg 1024w, https:\/\/www.pr-neu.de\/newsroom\/wordpress\/wp-content\/uploads\/2024\/07\/24-20_Wismar_7_Gunnar_Schroeder_G-768x576.jpg 768w, https:\/\/www.pr-neu.de\/newsroom\/wordpress\/wp-content\/uploads\/2024\/07\/24-20_Wismar_7_Gunnar_Schroeder_G-1536x1152.jpg 1536w, https:\/\/www.pr-neu.de\/newsroom\/wordpress\/wp-content\/uploads\/2024\/07\/24-20_Wismar_7_Gunnar_Schroeder_G-2048x1536.jpg 2048w, https:\/\/www.pr-neu.de\/newsroom\/wordpress\/wp-content\/uploads\/2024\/07\/24-20_Wismar_7_Gunnar_Schroeder_G-110x83.jpg 110w, https:\/\/www.pr-neu.de\/newsroom\/wordpress\/wp-content\/uploads\/2024\/07\/24-20_Wismar_7_Gunnar_Schroeder_G-420x315.jpg 420w, https:\/\/www.pr-neu.de\/newsroom\/wordpress\/wp-content\/uploads\/2024\/07\/24-20_Wismar_7_Gunnar_Schroeder_G-573x430.jpg 573w\" sizes=\"auto, (max-width: 300px) 100vw, 300px\" \/><\/a><\/p>\n<p style=\"text-align: center;\">Gunnar Schr\u00f6der, Vorstand der Wohnungsgenossenschaft Union Wismar EG.<br \/>\nBilder: Nicolas Trusch, dotscene GmbH \/ Sto SE &amp; Co. KGaA<\/p>\n<p>&nbsp;<\/p>\n<p><a href=\"http:\/\/www.pr-neu.de\/newsroom\/wordpress\/wp-content\/uploads\/2024\/07\/24-20_Wismar_8_Visualisierung_K.jpg\" target=\"_blank\" rel=\"noopener\"><img loading=\"lazy\" decoding=\"async\" class=\"aligncenter wp-image-16985 size-medium\" src=\"http:\/\/www.pr-neu.de\/newsroom\/wordpress\/wp-content\/uploads\/2024\/07\/24-20_Wismar_8_Visualisierung_K-300x157.jpg\" alt=\"Visualisierung des Geb\u00e4ude-Ensembles mit den Daten des digitalen Aufma\u00dfes\" width=\"300\" height=\"157\" srcset=\"https:\/\/www.pr-neu.de\/newsroom\/wordpress\/wp-content\/uploads\/2024\/07\/24-20_Wismar_8_Visualisierung_K-300x157.jpg 300w, https:\/\/www.pr-neu.de\/newsroom\/wordpress\/wp-content\/uploads\/2024\/07\/24-20_Wismar_8_Visualisierung_K-1024x535.jpg 1024w, https:\/\/www.pr-neu.de\/newsroom\/wordpress\/wp-content\/uploads\/2024\/07\/24-20_Wismar_8_Visualisierung_K-768x401.jpg 768w, https:\/\/www.pr-neu.de\/newsroom\/wordpress\/wp-content\/uploads\/2024\/07\/24-20_Wismar_8_Visualisierung_K-1536x803.jpg 1536w, https:\/\/www.pr-neu.de\/newsroom\/wordpress\/wp-content\/uploads\/2024\/07\/24-20_Wismar_8_Visualisierung_K-2048x1070.jpg 2048w, https:\/\/www.pr-neu.de\/newsroom\/wordpress\/wp-content\/uploads\/2024\/07\/24-20_Wismar_8_Visualisierung_K-110x57.jpg 110w, https:\/\/www.pr-neu.de\/newsroom\/wordpress\/wp-content\/uploads\/2024\/07\/24-20_Wismar_8_Visualisierung_K-420x219.jpg 420w, https:\/\/www.pr-neu.de\/newsroom\/wordpress\/wp-content\/uploads\/2024\/07\/24-20_Wismar_8_Visualisierung_K-770x402.jpg 770w\" sizes=\"auto, (max-width: 300px) 100vw, 300px\" \/><\/a><\/p>\n<p style=\"text-align: center;\">Visualisierung des Geb\u00e4ude-Ensembles mit den Daten des digitalen Aufma\u00dfes<br \/>\nBild: Sto SE &amp; Co. KGaA<\/p>\n<p>&nbsp;<\/p>\n<hr \/>\n<p>&nbsp;<\/p>\n<p>Abdruck honorarfrei, Belegexemplar erbeten<\/p>\n","protected":false},"excerpt":{"rendered":"<p>Sechs Stunden brauchte Lisa H\u00e4nsel nur, um die Fassaden von 21 Geb\u00e4ude mit insgesamt 215 Wohn- und Gewerbeeinheiten datentechnisch zu erfassen. Das digitale Aufma\u00df des Sto Klimaservices mit CAD-nutzbaren Geb\u00e4udedaten ist nun Grundlage f\u00fcr die konkrete Planung am denkmalgesch\u00fctzten Bestand.<\/p>\n","protected":false},"author":9,"featured_media":16987,"comment_status":"closed","ping_status":"open","sticky":false,"template":"","format":"standard","meta":{"footnotes":""},"categories":[15],"tags":[2563,2744,3062,1641,187,2517,1783,430,439,3060,504,3064],"class_list":["post-16983","post","type-post","status-publish","format-standard","has-post-thumbnail","hentry","category-sto","tag-3d-scan","tag-bestand","tag-cad","tag-digital","tag-fassade","tag-klimaservice","tag-planung","tag-renovierung","tag-sanierung","tag-scan","tag-sto-2","tag-wismar"],"_links":{"self":[{"href":"https:\/\/www.pr-neu.de\/newsroom\/wp-json\/wp\/v2\/posts\/16983","targetHints":{"allow":["GET"]}}],"collection":[{"href":"https:\/\/www.pr-neu.de\/newsroom\/wp-json\/wp\/v2\/posts"}],"about":[{"href":"https:\/\/www.pr-neu.de\/newsroom\/wp-json\/wp\/v2\/types\/post"}],"author":[{"embeddable":true,"href":"https:\/\/www.pr-neu.de\/newsroom\/wp-json\/wp\/v2\/users\/9"}],"replies":[{"embeddable":true,"href":"https:\/\/www.pr-neu.de\/newsroom\/wp-json\/wp\/v2\/comments?post=16983"}],"version-history":[{"count":2,"href":"https:\/\/www.pr-neu.de\/newsroom\/wp-json\/wp\/v2\/posts\/16983\/revisions"}],"predecessor-version":[{"id":16993,"href":"https:\/\/www.pr-neu.de\/newsroom\/wp-json\/wp\/v2\/posts\/16983\/revisions\/16993"}],"wp:featuredmedia":[{"embeddable":true,"href":"https:\/\/www.pr-neu.de\/newsroom\/wp-json\/wp\/v2\/media\/16987"}],"wp:attachment":[{"href":"https:\/\/www.pr-neu.de\/newsroom\/wp-json\/wp\/v2\/media?parent=16983"}],"wp:term":[{"taxonomy":"category","embeddable":true,"href":"https:\/\/www.pr-neu.de\/newsroom\/wp-json\/wp\/v2\/categories?post=16983"},{"taxonomy":"post_tag","embeddable":true,"href":"https:\/\/www.pr-neu.de\/newsroom\/wp-json\/wp\/v2\/tags?post=16983"}],"curies":[{"name":"wp","href":"https:\/\/api.w.org\/{rel}","templated":true}]}}