{"id":16980,"date":"2024-08-07T08:00:27","date_gmt":"2024-08-07T06:00:27","guid":{"rendered":"https:\/\/www.pr-neu.de\/newsroom\/?p=16980"},"modified":"2024-07-31T09:10:11","modified_gmt":"2024-07-31T07:10:11","slug":"natuerlich-und-effizient-daemmen","status":"publish","type":"post","link":"https:\/\/www.pr-neu.de\/newsroom\/natuerlich-und-effizient-daemmen\/","title":{"rendered":"Nat\u00fcrlich und effizient d\u00e4mmen"},"content":{"rendered":"<p><u>Mineralschaumplatte f\u00fcr Innen-D\u00e4mmsysteme<\/u><\/p>\n<p>Schimmelvorbeugend, nichtbrennbar, schadstoff- und faserfrei und mit einem Bemessungswert der W\u00e4rmeleitf\u00e4higkeit von 0,42 W\/mK besonders effizient: Sto bietet f\u00fcr sein Innend\u00e4mmsystem StoTherm In Comfort eine neue D\u00e4mmplatte auf Basis von Mineralschaum an. Die bis zu 200 Millimeter dicke Platte ist diffusionsoffen und kapillaraktiv. Die Platte aus nat\u00fcrlichen Rohstoffen ist schadstofffrei und damit ideal f\u00fcr den Einsatz im Innenraum geeignet. Eine Innend\u00e4mmung kommt insbesondere bei Altbauten mit sch\u00fctzenswerten Fassaden (Denkmalschutz) infrage oder wenn die bauliche Situation auf der Au\u00dfenseite keinen Platz bietet wie bei einer Randbebauung. Die Mineralschaumplatte l\u00e4sst sich einfach auf der Wand mit StoLevell In Mineral verkleben. Kombiniert mit dem feuchteregulierenden StoLevell Calce FS als Beschichtung zum Armieren, Spachteln und Gestalten puffert das diffusionsoffene System Feuchtigkeitsspitzen im Raum und beugt damit Schimmelbildung vor. Als Endbeschichtung kommen auch Innenputze und -farben aus dem Silikat- und Kalkprogramm infrage. Sie regulieren den Feuchtehaushalt in der Raumluft und wirken durch ihre hohe Alkalit\u00e4t auf nat\u00fcrliche Weise gegen Schimmel.<\/p>\n<p>&nbsp;<\/p>\n<hr \/>\n<p>&nbsp;<\/p>\n<p style=\"text-align: center;\"><a href=\"http:\/\/www.pr-neu.de\/newsroom\/wordpress\/wp-content\/uploads\/2024\/07\/24_27_Mineralschaumplatte_K.jpg\" target=\"_blank\" rel=\"noopener\"><img loading=\"lazy\" decoding=\"async\" class=\"aligncenter wp-image-16981 size-medium\" src=\"http:\/\/www.pr-neu.de\/newsroom\/wordpress\/wp-content\/uploads\/2024\/07\/24_27_Mineralschaumplatte_K-300x200.jpg\" alt=\"Mit Mineralschaum ist Innend\u00e4mmung schimmelvorbeugend, nichtbrennbar, schadstoff- und faserfrei.\" width=\"300\" height=\"200\" srcset=\"https:\/\/www.pr-neu.de\/newsroom\/wordpress\/wp-content\/uploads\/2024\/07\/24_27_Mineralschaumplatte_K-300x200.jpg 300w, https:\/\/www.pr-neu.de\/newsroom\/wordpress\/wp-content\/uploads\/2024\/07\/24_27_Mineralschaumplatte_K-1024x684.jpg 1024w, https:\/\/www.pr-neu.de\/newsroom\/wordpress\/wp-content\/uploads\/2024\/07\/24_27_Mineralschaumplatte_K-768x513.jpg 768w, https:\/\/www.pr-neu.de\/newsroom\/wordpress\/wp-content\/uploads\/2024\/07\/24_27_Mineralschaumplatte_K-1536x1025.jpg 1536w, https:\/\/www.pr-neu.de\/newsroom\/wordpress\/wp-content\/uploads\/2024\/07\/24_27_Mineralschaumplatte_K-2048x1367.jpg 2048w, https:\/\/www.pr-neu.de\/newsroom\/wordpress\/wp-content\/uploads\/2024\/07\/24_27_Mineralschaumplatte_K-110x73.jpg 110w, https:\/\/www.pr-neu.de\/newsroom\/wordpress\/wp-content\/uploads\/2024\/07\/24_27_Mineralschaumplatte_K-420x280.jpg 420w, https:\/\/www.pr-neu.de\/newsroom\/wordpress\/wp-content\/uploads\/2024\/07\/24_27_Mineralschaumplatte_K-644x430.jpg 644w\" sizes=\"auto, (max-width: 300px) 100vw, 300px\" \/><\/a><\/p>\n<p style=\"text-align: center;\">Mit Mineralschaum ist Innend\u00e4mmung schimmelvorbeugend, nichtbrennbar, schadstoff- und faserfrei.<br \/>\nBild: Sto SE &amp; Co. KGaA<\/p>\n<p>&nbsp;<\/p>\n<hr \/>\n<p>&nbsp;<\/p>\n<p>Abdruck honorarfrei, Belegexemplar erbeten<\/p>\n","protected":false},"excerpt":{"rendered":"<p>Schimmelvorbeugend, nichtbrennbar, schadstoff- und faserfrei und mit einem Bemessungswert der W\u00e4rmeleitf\u00e4higkeit von 0,42 W\/mK besonders effizient: Sto bietet f\u00fcr sein Innend\u00e4mmsystem StoTherm In Comfort eine neue D\u00e4mmplatte auf Basis von Mineralschaum an.<\/p>\n","protected":false},"author":9,"featured_media":16981,"comment_status":"closed","ping_status":"open","sticky":false,"template":"","format":"standard","meta":{"footnotes":""},"categories":[15],"tags":[1569,1587,123,124,3056,283,3058,504,533,627],"class_list":["post-16980","post","type-post","status-publish","format-standard","has-post-thumbnail","hentry","category-sto","tag-daemmen","tag-daemmplatte","tag-dammsystem","tag-dammung","tag-innendaemmung","tag-innenraum","tag-mineralschaum","tag-sto-2","tag-stotherm","tag-wdvs"],"_links":{"self":[{"href":"https:\/\/www.pr-neu.de\/newsroom\/wp-json\/wp\/v2\/posts\/16980","targetHints":{"allow":["GET"]}}],"collection":[{"href":"https:\/\/www.pr-neu.de\/newsroom\/wp-json\/wp\/v2\/posts"}],"about":[{"href":"https:\/\/www.pr-neu.de\/newsroom\/wp-json\/wp\/v2\/types\/post"}],"author":[{"embeddable":true,"href":"https:\/\/www.pr-neu.de\/newsroom\/wp-json\/wp\/v2\/users\/9"}],"replies":[{"embeddable":true,"href":"https:\/\/www.pr-neu.de\/newsroom\/wp-json\/wp\/v2\/comments?post=16980"}],"version-history":[{"count":1,"href":"https:\/\/www.pr-neu.de\/newsroom\/wp-json\/wp\/v2\/posts\/16980\/revisions"}],"predecessor-version":[{"id":16982,"href":"https:\/\/www.pr-neu.de\/newsroom\/wp-json\/wp\/v2\/posts\/16980\/revisions\/16982"}],"wp:featuredmedia":[{"embeddable":true,"href":"https:\/\/www.pr-neu.de\/newsroom\/wp-json\/wp\/v2\/media\/16981"}],"wp:attachment":[{"href":"https:\/\/www.pr-neu.de\/newsroom\/wp-json\/wp\/v2\/media?parent=16980"}],"wp:term":[{"taxonomy":"category","embeddable":true,"href":"https:\/\/www.pr-neu.de\/newsroom\/wp-json\/wp\/v2\/categories?post=16980"},{"taxonomy":"post_tag","embeddable":true,"href":"https:\/\/www.pr-neu.de\/newsroom\/wp-json\/wp\/v2\/tags?post=16980"}],"curies":[{"name":"wp","href":"https:\/\/api.w.org\/{rel}","templated":true}]}}