{"id":16974,"date":"2024-09-02T08:00:19","date_gmt":"2024-09-02T06:00:19","guid":{"rendered":"https:\/\/www.pr-neu.de\/newsroom\/?p=16974"},"modified":"2024-09-02T10:23:46","modified_gmt":"2024-09-02T08:23:46","slug":"leichter-mit-cfk","status":"publish","type":"post","link":"https:\/\/www.pr-neu.de\/newsroom\/leichter-mit-cfk\/","title":{"rendered":"Leichter mit CFK"},"content":{"rendered":"<p><u>Sanierungs-Umbau in Offenbach: Statische Sicherung neuer Durchbr\u00fcche \/ Interview mit Architektin Sabine Waltenberger<\/u><\/p>\n<p><strong>Umbau und Umnutzung zur Kita: Dieser Ansatz bei einem Projekt in Offenbach erh\u00e4lt die alte Bausubstanz, erforderte aber auch deutliche Eingriffe in die Tragstruktur, da f\u00fcr den neuen Zweck zus\u00e4tzliche Durchbr\u00fcche in tragenden W\u00e4nden notwendig wurden. Damit die Standsicherheit weiter gew\u00e4hrleistet ist, entschieden sich die Planer f\u00fcr eine elegante und wirtschaftliche Tragwerksverst\u00e4rkung mit aufgeklebten CFK-Lamellen (CFK = carbonfaserverst\u00e4rkter Kunststoff). Mit den leichten Lamellen lie\u00df sich die erforderliche Tragf\u00e4higkeit sicher herstellen. \u00dcber die L\u00f6sung und die Umsetzung sprachen wir mit Sabine Waltenberger, die bei der Kita die Planung innehatte.<\/strong><\/p>\n<p>Instandhaltung und Umnutzung von Stahlbetonbauten sind im Wohnungs- und Verwaltungsbau sinnvoller denn je: Gerade mit Blick auf Lebenszyklus-Ans\u00e4tze und dem Ziel, Geb\u00e4ude m\u00f6glichst lange zu nutzen, ist die Sanierung oft der nachhaltigere Weg gegen\u00fcber Abriss und Neubau. Kommt es dabei zu Eingriffen in das statische System, weil beispielsweise das Tragwerk ver\u00e4ndert oder anders belastet wird, kommen Verst\u00e4rkungssysteme ins Spiel. StoCretec bietet hierf\u00fcr mit abgestimmten Systemen (Haftbr\u00fccke, EP-M\u00f6rtel, EP-Kleber, CFK-Lamellen) wirtschaftliche Wege, um die Tragf\u00e4higkeit von Betonbauteilen zu erh\u00f6hen, die Standsicherheit nach einem Umbau zu gew\u00e4hrleisten oder Deckendurchbr\u00fcche zu sichern. Wandaussteifungen und die Verst\u00e4rkung von St\u00fctzen und Pfeilern sind ebenfalls zuverl\u00e4ssig umsetzbar, die Montage ist h\u00e4ufig bei laufendem Betrieb m\u00f6glich.<\/p>\n<p><strong>Best practice: Tragwerksverst\u00e4rkung in Offenbach<\/strong><\/p>\n<p>Ein zehngeschossiges Wohnhaus in Offenbach erhielt durch den Umbau eines Gesch\u00e4ftes im Erdgeschoss eine neue Kindertagesst\u00e4tte. Diese Umnutzung erforderte zus\u00e4tzliche Fassaden\u00f6ffnungen f\u00fcr Ausg\u00e4nge und Fluchtt\u00fcren. Architektin Sabine Waltenberger erkl\u00e4rt die Ma\u00dfnahme.<\/p>\n<p><strong>? Frau Waltenberger, wie kam es zu dieser Umnutzung eines Gesch\u00e4fts zu einer Kindertagesst\u00e4tte?<\/strong><br \/>\nDaf\u00fcr sprachen mehrere Gr\u00fcnde: Der Bedarf im Stadtteil war hoch, das Platzangebot in diesem Geb\u00e4ude sowie das Au\u00dfengel\u00e4nde waren gro\u00df genug. Das ist in Stadtlagen eher die Ausnahme. F\u00fcr den Tr\u00e4ger war auch die N\u00e4he zu einer weiteren Kita ein positiver Aspekt.<\/p>\n<p><strong>? War von Beginn an klar, dass der Umbau auch statische \u00c4nderungen mit sich bringt?<\/strong><br \/>\nNein, das wurde erst deutlich, nachdem die Bauherrin die statischen Bestandsunterlagen sichten lie\u00df. Die Daten des Ingenieurb\u00fcros Stefan Held zeigten, dass f\u00fcr das Geb\u00e4ude eine komplexe statische Berechnung gew\u00e4hlt wurde. Ein Abfangen der Lasten f\u00fcr die neuen \u00d6ffnungen war daher auf klassische Art nicht so einfach m\u00f6glich. So schlug das B\u00fcro dann auch den Einsatz der CFK-Lamellen vor.<\/p>\n<p><strong>? Gab es alternative Ideen?<\/strong><br \/>\nTechnisch denkbar w\u00e4re es gewesen, die neuen \u00d6ffnungen in klassischer Stahlbetonbauweise zu realisieren \u2013 wobei diese L\u00f6sung sich nicht wirtschaftlich umsetzen lie\u00df.<\/p>\n<p><strong>? Sie haben also alle neuen Durchbr\u00fcche mit den Lamellen aus carbonfaserverst\u00e4rktem Kunststoff gesichert?<\/strong><br \/>\nF\u00fcnf der sechs neuen \u00d6ffnungen erhielten eine CFK-Lamellenverst\u00e4rkung. Daf\u00fcr hatten wir uns im Vorfeld bereits die Zustimmung der Bauaufsicht geholt. Die Lamellen sind mit Brandschutzplatten verkleidet, um die Standsicherheit auch bei einem Brand zu gew\u00e4hrleisten. Dieser Feuerschutz ist bereits seit vielen Jahren bew\u00e4hrt und bekam die Zustimmung im Einzelfall.<\/p>\n<p>Beim Einbau wurde die Betondeckung des Untergrunds der betroffenen St\u00fcrze mit dem Betonersatz \u201eStoPox M\u00f6rtel standfest\u201c erh\u00f6ht, darauf kam das StoConcrete Carbon Plate System \u2013 auf beiden Seiten der W\u00e4nde mit aufgeklebten CFK-Lamellen, teils zweilagig und in zwei Reihen, mit Brandschutzplatten \u00fcberdeckt. Wir hatten auch \u00fcber den Einsatz der geschlitzten Lamelle nachgedacht, aber diese Bauweise lie\u00df sich in Offenbach nicht umsetzen. Hier musste die CFK-Lamelle vor dem \u00d6ffnen der Wand eingebaut werden, sonst w\u00e4re die Tragf\u00e4higkeit nicht gew\u00e4hrleistet gewesen. Es ging also nur in der Abfolge Lamelle montieren, dann \u00d6ffnung herstellen.<\/p>\n<p><strong>? Halten Sie diese L\u00f6sung r\u00fcckblickend f\u00fcr ideal?<\/strong><br \/>\nDer Umbau an sich ist gut und richtig, da er ressourcenschonend einen dringenden Bedarf deckt, n\u00e4mlich 40 neue Kita-Pl\u00e4tze. Die Durchbr\u00fcche waren daf\u00fcr unvermeidlich \u2013 und durch die Tragwerksverst\u00e4rkung mit CFK-Lamellen lie\u00df sich dies auch wirtschaftlich realisieren. Also kurz: Ja!<\/p>\n<p>&nbsp;<\/p>\n<hr \/>\n<p>&nbsp;<\/p>\n<p><strong>Bautafel:<\/strong><br \/>\nObjekt: Umbau Kita, Offenbach am Main<br \/>\nBauherr: Focus for Family e.V., Offenbach am Main<br \/>\nArchitekt: Architekturb\u00fcro Waltenberger, Frankfurt am Main<br \/>\nStatiker: Statikb\u00fcro Held, Gro\u00df-Zimmern<br \/>\nVerarbeiter: T.O.M. Technisches Oberfl\u00e4chenmanagement, Fl\u00f6rsheim<br \/>\nAusf\u00fchrung: 2022\/2023<\/p>\n<p><strong>StoCretec-Kompetenz:<\/strong><br \/>\nTragwerksverst\u00e4rkungssystem StoConcrete Carbon Plate:<br \/>\nVerst\u00e4rkungselement: Sto S&amp;P CFK Lamellen<br \/>\nVerklebung: StoPox SK 41<br \/>\nErh\u00f6hung der Betondeckung:<br \/>\nHaftbr\u00fccke: StoPox KSH thix<br \/>\nReprofilierung: StoPox M\u00f6rtel standfest<\/p>\n<p>&nbsp;<\/p>\n<hr \/>\n<p>&nbsp;<\/p>\n<p><a href=\"http:\/\/www.pr-neu.de\/newsroom\/wordpress\/wp-content\/uploads\/2024\/07\/24_10_Waltenberger_K.jpg\" target=\"_blank\" rel=\"noopener\"><img loading=\"lazy\" decoding=\"async\" class=\"aligncenter wp-image-16978 size-medium\" src=\"http:\/\/www.pr-neu.de\/newsroom\/wordpress\/wp-content\/uploads\/2024\/07\/24_10_Waltenberger_K-300x199.jpg\" alt=\"\u201eDie Tragwerksverst\u00e4rkung mit CFK-Lamellen hat sich in Offenbach als technisch sichere und wirtschaftliche L\u00f6sung bew\u00e4hrt\u201c, meint Sabine Waltenberger, Architektin und verantwortlich f\u00fcr die Sanierung.\" width=\"300\" height=\"199\" srcset=\"https:\/\/www.pr-neu.de\/newsroom\/wordpress\/wp-content\/uploads\/2024\/07\/24_10_Waltenberger_K-300x199.jpg 300w, https:\/\/www.pr-neu.de\/newsroom\/wordpress\/wp-content\/uploads\/2024\/07\/24_10_Waltenberger_K-1024x679.jpg 1024w, https:\/\/www.pr-neu.de\/newsroom\/wordpress\/wp-content\/uploads\/2024\/07\/24_10_Waltenberger_K-768x509.jpg 768w, https:\/\/www.pr-neu.de\/newsroom\/wordpress\/wp-content\/uploads\/2024\/07\/24_10_Waltenberger_K-1536x1019.jpg 1536w, https:\/\/www.pr-neu.de\/newsroom\/wordpress\/wp-content\/uploads\/2024\/07\/24_10_Waltenberger_K-2048x1359.jpg 2048w, https:\/\/www.pr-neu.de\/newsroom\/wordpress\/wp-content\/uploads\/2024\/07\/24_10_Waltenberger_K-110x73.jpg 110w, https:\/\/www.pr-neu.de\/newsroom\/wordpress\/wp-content\/uploads\/2024\/07\/24_10_Waltenberger_K-420x279.jpg 420w, https:\/\/www.pr-neu.de\/newsroom\/wordpress\/wp-content\/uploads\/2024\/07\/24_10_Waltenberger_K-648x430.jpg 648w\" sizes=\"auto, (max-width: 300px) 100vw, 300px\" \/><\/a><\/p>\n<p style=\"text-align: center;\">\u201eDie Tragwerksverst\u00e4rkung mit CFK-Lamellen hat sich in Offenbach als technisch sichere und wirtschaftliche L\u00f6sung bew\u00e4hrt\u201c, meint Sabine Waltenberger, Architektin und verantwortlich f\u00fcr die Sanierung.<\/p>\n<p>&nbsp;<\/p>\n<p><a href=\"http:\/\/www.pr-neu.de\/newsroom\/wordpress\/wp-content\/uploads\/2024\/07\/24_10_KiTa_K.jpg\" target=\"_blank\" rel=\"noopener\"><img loading=\"lazy\" decoding=\"async\" class=\"aligncenter wp-image-16975 size-medium\" src=\"http:\/\/www.pr-neu.de\/newsroom\/wordpress\/wp-content\/uploads\/2024\/07\/24_10_KiTa_K-300x226.jpg\" alt=\"Die Umnutzung erforderte sechs zus\u00e4tzliche Fassaden\u00f6ffnun-gen f\u00fcr Ausg\u00e4nge, Fenster und Fluchtt\u00fcren R\u00e4ume im Erdgeschoss. Jetzt ist die Kita in Betrieb.\" width=\"300\" height=\"226\" srcset=\"https:\/\/www.pr-neu.de\/newsroom\/wordpress\/wp-content\/uploads\/2024\/07\/24_10_KiTa_K-300x226.jpg 300w, https:\/\/www.pr-neu.de\/newsroom\/wordpress\/wp-content\/uploads\/2024\/07\/24_10_KiTa_K-1024x772.jpg 1024w, https:\/\/www.pr-neu.de\/newsroom\/wordpress\/wp-content\/uploads\/2024\/07\/24_10_KiTa_K-768x579.jpg 768w, https:\/\/www.pr-neu.de\/newsroom\/wordpress\/wp-content\/uploads\/2024\/07\/24_10_KiTa_K-1536x1158.jpg 1536w, https:\/\/www.pr-neu.de\/newsroom\/wordpress\/wp-content\/uploads\/2024\/07\/24_10_KiTa_K-2048x1544.jpg 2048w, https:\/\/www.pr-neu.de\/newsroom\/wordpress\/wp-content\/uploads\/2024\/07\/24_10_KiTa_K-110x83.jpg 110w, https:\/\/www.pr-neu.de\/newsroom\/wordpress\/wp-content\/uploads\/2024\/07\/24_10_KiTa_K-420x317.jpg 420w, https:\/\/www.pr-neu.de\/newsroom\/wordpress\/wp-content\/uploads\/2024\/07\/24_10_KiTa_K-570x430.jpg 570w\" sizes=\"auto, (max-width: 300px) 100vw, 300px\" \/><\/a><\/p>\n<p style=\"text-align: center;\">Die Umnutzung erforderte sechs zus\u00e4tzliche Fassaden\u00f6ffnungen f\u00fcr Ausg\u00e4nge, Fenster und Fluchtt\u00fcren im Erdgeschoss. Jetzt ist die Kita in Betrieb.<\/p>\n<p>&nbsp;<\/p>\n<p><a href=\"http:\/\/www.pr-neu.de\/newsroom\/wordpress\/wp-content\/uploads\/2024\/07\/24_10_Skizze_K.jpg\" target=\"_blank\" rel=\"noopener\"><img loading=\"lazy\" decoding=\"async\" class=\"aligncenter wp-image-16977 size-medium\" src=\"http:\/\/www.pr-neu.de\/newsroom\/wordpress\/wp-content\/uploads\/2024\/07\/24_10_Skizze_K-300x240.jpg\" alt=\"Systemaufbau: StoConcrete Carbon Plate mit oberfl\u00e4chig geklebter CFK-Lamelle.\" width=\"300\" height=\"240\" srcset=\"https:\/\/www.pr-neu.de\/newsroom\/wordpress\/wp-content\/uploads\/2024\/07\/24_10_Skizze_K-300x240.jpg 300w, https:\/\/www.pr-neu.de\/newsroom\/wordpress\/wp-content\/uploads\/2024\/07\/24_10_Skizze_K-1024x819.jpg 1024w, https:\/\/www.pr-neu.de\/newsroom\/wordpress\/wp-content\/uploads\/2024\/07\/24_10_Skizze_K-768x614.jpg 768w, https:\/\/www.pr-neu.de\/newsroom\/wordpress\/wp-content\/uploads\/2024\/07\/24_10_Skizze_K-1536x1229.jpg 1536w, https:\/\/www.pr-neu.de\/newsroom\/wordpress\/wp-content\/uploads\/2024\/07\/24_10_Skizze_K-2048x1638.jpg 2048w, https:\/\/www.pr-neu.de\/newsroom\/wordpress\/wp-content\/uploads\/2024\/07\/24_10_Skizze_K-110x88.jpg 110w, https:\/\/www.pr-neu.de\/newsroom\/wordpress\/wp-content\/uploads\/2024\/07\/24_10_Skizze_K-420x336.jpg 420w, https:\/\/www.pr-neu.de\/newsroom\/wordpress\/wp-content\/uploads\/2024\/07\/24_10_Skizze_K-538x430.jpg 538w\" sizes=\"auto, (max-width: 300px) 100vw, 300px\" \/><\/a><\/p>\n<p style=\"text-align: center;\">Systemaufbau: StoConcrete Carbon Plate mit oberfl\u00e4chig geklebter CFK-Lamelle.<\/p>\n<p>&nbsp;<\/p>\n<p><a href=\"http:\/\/www.pr-neu.de\/newsroom\/wordpress\/wp-content\/uploads\/2024\/07\/24_10_Offenbach_K.jpg\" target=\"_blank\" rel=\"noopener\"><img loading=\"lazy\" decoding=\"async\" class=\"aligncenter wp-image-16976 size-medium\" src=\"http:\/\/www.pr-neu.de\/newsroom\/wordpress\/wp-content\/uploads\/2024\/07\/24_10_Offenbach_K-300x146.jpg\" alt=\"\" width=\"300\" height=\"146\" srcset=\"https:\/\/www.pr-neu.de\/newsroom\/wordpress\/wp-content\/uploads\/2024\/07\/24_10_Offenbach_K-300x146.jpg 300w, https:\/\/www.pr-neu.de\/newsroom\/wordpress\/wp-content\/uploads\/2024\/07\/24_10_Offenbach_K-1024x498.jpg 1024w, https:\/\/www.pr-neu.de\/newsroom\/wordpress\/wp-content\/uploads\/2024\/07\/24_10_Offenbach_K-768x374.jpg 768w, https:\/\/www.pr-neu.de\/newsroom\/wordpress\/wp-content\/uploads\/2024\/07\/24_10_Offenbach_K-1536x748.jpg 1536w, https:\/\/www.pr-neu.de\/newsroom\/wordpress\/wp-content\/uploads\/2024\/07\/24_10_Offenbach_K-2048x997.jpg 2048w, https:\/\/www.pr-neu.de\/newsroom\/wordpress\/wp-content\/uploads\/2024\/07\/24_10_Offenbach_K-110x54.jpg 110w, https:\/\/www.pr-neu.de\/newsroom\/wordpress\/wp-content\/uploads\/2024\/07\/24_10_Offenbach_K-420x204.jpg 420w, https:\/\/www.pr-neu.de\/newsroom\/wordpress\/wp-content\/uploads\/2024\/07\/24_10_Offenbach_K-770x375.jpg 770w\" sizes=\"auto, (max-width: 300px) 100vw, 300px\" \/><\/a><\/p>\n<p style=\"text-align: center;\">Vorbereitung der neuen Durchbr\u00fcche: Die zuk\u00fcnftigen St\u00fcrze sind bereits durch CFK-Lamellen verst\u00e4rkt. Das sichert die statische Tragf\u00e4higkeit der Au\u00dfenw\u00e4nde, auch mit den zus\u00e4tzlichen \u00d6ffnungen.<\/p>\n<p style=\"text-align: center;\">Bilder: StoCretec GmbH<\/p>\n<p>&nbsp;<\/p>\n<hr \/>\n<p>&nbsp;<\/p>\n<p>Abdruck honorarfrei, Belegexemplar erbeten<\/p>\n","protected":false},"excerpt":{"rendered":"<p>Sanierungs-Umbau in Offenbach: Statische Sicherung neuer Durchbr\u00fcche \/ Interview mit Architektin Sabine Waltenberger<\/p>\n","protected":false},"author":9,"featured_media":16978,"comment_status":"closed","ping_status":"open","sticky":false,"template":"","format":"standard","meta":{"footnotes":""},"categories":[16],"tags":[3052,62,294,3050,3054,430,439,2352,3048,516,528],"class_list":["post-16974","post","type-post","status-publish","format-standard","has-post-thumbnail","hentry","category-stocretec","tag-architekt","tag-architektur","tag-interview","tag-kita","tag-offenbach","tag-renovierung","tag-sanierung","tag-statik","tag-stoconcrete","tag-stocretec","tag-stopox"],"_links":{"self":[{"href":"https:\/\/www.pr-neu.de\/newsroom\/wp-json\/wp\/v2\/posts\/16974","targetHints":{"allow":["GET"]}}],"collection":[{"href":"https:\/\/www.pr-neu.de\/newsroom\/wp-json\/wp\/v2\/posts"}],"about":[{"href":"https:\/\/www.pr-neu.de\/newsroom\/wp-json\/wp\/v2\/types\/post"}],"author":[{"embeddable":true,"href":"https:\/\/www.pr-neu.de\/newsroom\/wp-json\/wp\/v2\/users\/9"}],"replies":[{"embeddable":true,"href":"https:\/\/www.pr-neu.de\/newsroom\/wp-json\/wp\/v2\/comments?post=16974"}],"version-history":[{"count":1,"href":"https:\/\/www.pr-neu.de\/newsroom\/wp-json\/wp\/v2\/posts\/16974\/revisions"}],"predecessor-version":[{"id":16979,"href":"https:\/\/www.pr-neu.de\/newsroom\/wp-json\/wp\/v2\/posts\/16974\/revisions\/16979"}],"wp:featuredmedia":[{"embeddable":true,"href":"https:\/\/www.pr-neu.de\/newsroom\/wp-json\/wp\/v2\/media\/16978"}],"wp:attachment":[{"href":"https:\/\/www.pr-neu.de\/newsroom\/wp-json\/wp\/v2\/media?parent=16974"}],"wp:term":[{"taxonomy":"category","embeddable":true,"href":"https:\/\/www.pr-neu.de\/newsroom\/wp-json\/wp\/v2\/categories?post=16974"},{"taxonomy":"post_tag","embeddable":true,"href":"https:\/\/www.pr-neu.de\/newsroom\/wp-json\/wp\/v2\/tags?post=16974"}],"curies":[{"name":"wp","href":"https:\/\/api.w.org\/{rel}","templated":true}]}}