{"id":16960,"date":"2024-07-29T08:00:06","date_gmt":"2024-07-29T06:00:06","guid":{"rendered":"https:\/\/www.pr-neu.de\/newsroom\/?p=16960"},"modified":"2024-07-22T09:43:06","modified_gmt":"2024-07-22T07:43:06","slug":"rasch-und-rein","status":"publish","type":"post","link":"https:\/\/www.pr-neu.de\/newsroom\/rasch-und-rein\/","title":{"rendered":"Rasch und rein"},"content":{"rendered":"<p><u>\u00a0StoColor Rapid: Konservierungsmittelfreie Innenfarbe<\/u><\/p>\n<p>Wirtschaftlich und konservierungsmittelfrei: Mit der Einschichtfarbe StoColor Rapid sind W\u00e4nde in der Regel nach nur einem Anstrich wei\u00df. Die Innendispersion ist f\u00fcr Wohnungsunternehmen und Privatpersonen eine gute Wahl, da sie emissionsarm, frei von Weichmachern, L\u00f6semitteln und foggingaktiven Substanzen und sogar als eine der ersten Farben dieser Klasse konservierungsmittelfrei (nach VdL-Richtlinie 01) ist. Sie eignet sich also auch perfekt f\u00fcr Kinderzimmer oder R\u00e4ume, die von sensiblen Menschen genutzt werden. Der T\u00dcV S\u00fcd pr\u00fcft regelm\u00e4\u00dfig die Inhaltsstoffe und zertifiziert die hohe Qualit\u00e4t. Gestalterischen Freiraum bietet die T\u00f6nbarkeit der Farbe sowie die Qualit\u00e4ten stumpfmatt und ultramatt f\u00fcr streiflichtempfindliche Fl\u00e4chen. Beide Varianten geh\u00f6ren der Nassabriebklasse 2 nach DIN EN 13300 an und weisen die bestm\u00f6gliche Deckf\u00e4higkeit (Klasse1) auf. Der sehr gute Verlauf und ein ebensolches F\u00fcllverm\u00f6gen sorgen f\u00fcr glatte Oberfl\u00e4chen. Die Farbe verl\u00e4uft mit feinem Strukturbild auf nahezu allen Untergr\u00fcnden gut und deckt feine Kratz- oder Rillenputze optimal ab, ohne die Texturen zu beeintr\u00e4chtigen.<\/p>\n<p>Die seit 1988 bew\u00e4hrten Farbe kann gerollt oder gestrichen werden, besonders rationell ist die Applikation mit dem Airless-Ger\u00e4t.<\/p>\n<p>&nbsp;<\/p>\n<hr \/>\n<p>&nbsp;<\/p>\n<p><a href=\"http:\/\/www.pr-neu.de\/newsroom\/wordpress\/wp-content\/uploads\/2024\/07\/24_23_StoColorRapid_K.jpg\" target=\"_blank\" rel=\"noopener\"><img loading=\"lazy\" decoding=\"async\" class=\"wp-image-16961 size-medium aligncenter\" src=\"http:\/\/www.pr-neu.de\/newsroom\/wordpress\/wp-content\/uploads\/2024\/07\/24_23_StoColorRapid_K-300x200.jpg\" alt=\"\" width=\"300\" height=\"200\" srcset=\"https:\/\/www.pr-neu.de\/newsroom\/wordpress\/wp-content\/uploads\/2024\/07\/24_23_StoColorRapid_K-300x200.jpg 300w, https:\/\/www.pr-neu.de\/newsroom\/wordpress\/wp-content\/uploads\/2024\/07\/24_23_StoColorRapid_K-1024x683.jpg 1024w, https:\/\/www.pr-neu.de\/newsroom\/wordpress\/wp-content\/uploads\/2024\/07\/24_23_StoColorRapid_K-768x512.jpg 768w, https:\/\/www.pr-neu.de\/newsroom\/wordpress\/wp-content\/uploads\/2024\/07\/24_23_StoColorRapid_K-1536x1024.jpg 1536w, https:\/\/www.pr-neu.de\/newsroom\/wordpress\/wp-content\/uploads\/2024\/07\/24_23_StoColorRapid_K-2048x1365.jpg 2048w, https:\/\/www.pr-neu.de\/newsroom\/wordpress\/wp-content\/uploads\/2024\/07\/24_23_StoColorRapid_K-110x73.jpg 110w, https:\/\/www.pr-neu.de\/newsroom\/wordpress\/wp-content\/uploads\/2024\/07\/24_23_StoColorRapid_K-420x280.jpg 420w, https:\/\/www.pr-neu.de\/newsroom\/wordpress\/wp-content\/uploads\/2024\/07\/24_23_StoColorRapid_K-645x430.jpg 645w\" sizes=\"auto, (max-width: 300px) 100vw, 300px\" \/><\/a><\/p>\n<p style=\"text-align: center;\">Konservierungsmittelfreie Einschichtfarbe: StoColor Rapid.<br \/>\nFoto: Sto SE &amp; Co. KGaA<\/p>\n<p>&nbsp;<\/p>\n<hr \/>\n<p>&nbsp;<\/p>\n<p>Abdruck honorarfrei, Belegexemplar erbeten<\/p>\n","protected":false},"excerpt":{"rendered":"<p>Wirtschaftlich und konservierungsmittelfrei: Mit der Einschichtfarbe StoColor Rapid sind W\u00e4nde in der Regel nach nur einem Anstrich wei\u00df.<\/p>\n","protected":false},"author":9,"featured_media":16961,"comment_status":"closed","ping_status":"open","sticky":false,"template":"","format":"standard","meta":{"footnotes":""},"categories":[15],"tags":[180,2225,347,2017,504,509,511,2253],"class_list":["post-16960","post","type-post","status-publish","format-standard","has-post-thumbnail","hentry","category-sto","tag-farbe","tag-innenfarbe","tag-maler","tag-renovieren","tag-sto-2","tag-stocolor","tag-stocolor-rapid","tag-streichen"],"_links":{"self":[{"href":"https:\/\/www.pr-neu.de\/newsroom\/wp-json\/wp\/v2\/posts\/16960","targetHints":{"allow":["GET"]}}],"collection":[{"href":"https:\/\/www.pr-neu.de\/newsroom\/wp-json\/wp\/v2\/posts"}],"about":[{"href":"https:\/\/www.pr-neu.de\/newsroom\/wp-json\/wp\/v2\/types\/post"}],"author":[{"embeddable":true,"href":"https:\/\/www.pr-neu.de\/newsroom\/wp-json\/wp\/v2\/users\/9"}],"replies":[{"embeddable":true,"href":"https:\/\/www.pr-neu.de\/newsroom\/wp-json\/wp\/v2\/comments?post=16960"}],"version-history":[{"count":3,"href":"https:\/\/www.pr-neu.de\/newsroom\/wp-json\/wp\/v2\/posts\/16960\/revisions"}],"predecessor-version":[{"id":16964,"href":"https:\/\/www.pr-neu.de\/newsroom\/wp-json\/wp\/v2\/posts\/16960\/revisions\/16964"}],"wp:featuredmedia":[{"embeddable":true,"href":"https:\/\/www.pr-neu.de\/newsroom\/wp-json\/wp\/v2\/media\/16961"}],"wp:attachment":[{"href":"https:\/\/www.pr-neu.de\/newsroom\/wp-json\/wp\/v2\/media?parent=16960"}],"wp:term":[{"taxonomy":"category","embeddable":true,"href":"https:\/\/www.pr-neu.de\/newsroom\/wp-json\/wp\/v2\/categories?post=16960"},{"taxonomy":"post_tag","embeddable":true,"href":"https:\/\/www.pr-neu.de\/newsroom\/wp-json\/wp\/v2\/tags?post=16960"}],"curies":[{"name":"wp","href":"https:\/\/api.w.org\/{rel}","templated":true}]}}