{"id":16925,"date":"2024-06-03T12:10:31","date_gmt":"2024-06-03T10:10:31","guid":{"rendered":"https:\/\/www.pr-neu.de\/newsroom\/?p=16925"},"modified":"2024-06-19T12:15:27","modified_gmt":"2024-06-19T10:15:27","slug":"wetter-und-sonnengeschuetzter-garten-genuss","status":"publish","type":"post","link":"https:\/\/www.pr-neu.de\/newsroom\/wetter-und-sonnengeschuetzter-garten-genuss\/","title":{"rendered":"Wetter- und sonnengesch\u00fctzter Garten-Genuss"},"content":{"rendered":"<p><u>Mit Sonne-am-Haus.de zum gesch\u00fctzten Wohlf\u00fchlort<\/u><\/p>\n<p><strong>Sommer bedeutet Sonne, Abk\u00fchlung im Pool, Entspannung und vor allem Zeit im Freien. Um dann den eigenen Garten bei jedem Wetter genie\u00dfen zu k\u00f6nnen, gibt es Terrassen\u00fcberdachungen: Flach- oder Lamellend\u00e4cher. Sie erschaffen einen eleganten, idyllischen Bereich im eigenen Garten \u2013 vor Sonne ebenso gesch\u00fctzt wie vor pl\u00f6tzlichen Regenschauern. Das Online-Portal Sonne-am-Haus.de unterst\u00fctzt Gartenfreunde dabei, ihr perfektes Dach zu finden, von der Planung im 3D-Konfigurator bis zur Umsetzung durch einen qualifizierten Montagebetrieb.<\/strong><\/p>\n<p>Grillen, entspannen, lesen, Zeit mit Freunden und Familie verbringen \u2013 alles perfekt im Garten. Um nicht pl\u00f6tzlich von Regen \u00fcberrascht zu werden (und die Gartenm\u00f6bel sch\u00fctzen zu m\u00fcssen), eignen sich stilvolle, geradlinige und verglaste Flachd\u00e4cher. Auch das Lamellendach h\u00e4lt trocken: Dank hochwertiger Wetterautomatik (Regenw\u00e4chter) schlie\u00dfen sich die bis 135 Grad drehbaren Lamellen in wenigen Sekunden. So l\u00e4sst sich ein Schauer einfach aussitzen. Bei Sonnenschein ist der Platz unter dem ge\u00f6ffneten Dach ein lichtdurchfluteter und luftiger Wohlf\u00fchlort \u2013 die extrabreiten Lamellen lassen besonders viel Sonne durch. Wenn es etwas schattiger gew\u00fcnscht ist, lassen sich die Lamellen per Fernbedienung oder Smart-Home-Anbindung schlie\u00dfen.<\/p>\n<p>Das verglaste Flachdach wird mit elektrischen Markisen zum Sonnenschutz. Auch eine Verwendung als Pool\u00fcberdachung ist m\u00f6glich, um beispielsweise den Pool vor Verunreinigungen und die Wasserfreunde vor der Sonne zu sch\u00fctzen.<\/p>\n<p>Das Online-Portal Sonne-am-Haus.de erm\u00f6glicht es Gartenbesitzern, einfach und schnell eine Dachfl\u00e4che zu planen und hilft bei der Suche nach qualifizierten Profi-Montagebetrieben f\u00fcr die Umsetzung. Inspirierende Fotoserien zeigen die gestalterische Bandbreite der hellen Wohlf\u00fchlorte. Mit dem einfach bedienbaren 3D-Konfigurator entsteht bequem zuhause am eigenen Bildschirm die Vision f\u00fcr eine individuelle L\u00f6sung \u2013 konkret mit Details wie Abmessungen, Dachform, Einbauelementen und Beschattungsoptionen. So wird der \u00fcberdachte Bereich zum wettergesch\u00fctzten Ort oder steht als sonnendurchflutetes Outdoor-Paradies bereit.<\/p>\n<p><strong>Lamellendach und Flachdach in Kombination<\/strong><\/p>\n<p>Das Lamellendach und das Flachdach lassen sich zu einem einzigartigen \u00dcberdachungssystem kombinieren. Durch die modulare Bauweise lassen sich die D\u00e4cher ganz einfach miteinander verbinden und f\u00fcgen sich durch das geradlinige Design harmonisch in die Architektur von Haus und Garten ein \u2013 in der Breite sind bei der Flachdach- und Lamellendach-Kombination keine Grenzen gesetzt.<\/p>\n<p>Mehr Infos unter Sonne-am-Haus.de.<\/p>\n<p>&nbsp;<\/p>\n<hr \/>\n<p>&nbsp;<\/p>\n<p><a href=\"http:\/\/www.pr-neu.de\/newsroom\/wordpress\/wp-content\/uploads\/2024\/06\/24-11-AKZ_Beleuchtung_K.jpg\" target=\"_blank\" rel=\"noopener\"><img loading=\"lazy\" decoding=\"async\" class=\"aligncenter wp-image-16928 size-medium\" src=\"http:\/\/www.pr-neu.de\/newsroom\/wordpress\/wp-content\/uploads\/2024\/06\/24-11-AKZ_Beleuchtung_K-300x200.jpg\" alt=\"Den Traum vom privaten Wohlf\u00fchlparadies wahr werden lassen und den Garten wetterunabh\u00e4ngig genie\u00dfen \u2013 ganz einfach mit Sonne-am-Haus.de.\" width=\"300\" height=\"200\" srcset=\"https:\/\/www.pr-neu.de\/newsroom\/wordpress\/wp-content\/uploads\/2024\/06\/24-11-AKZ_Beleuchtung_K-300x200.jpg 300w, https:\/\/www.pr-neu.de\/newsroom\/wordpress\/wp-content\/uploads\/2024\/06\/24-11-AKZ_Beleuchtung_K-1024x683.jpg 1024w, https:\/\/www.pr-neu.de\/newsroom\/wordpress\/wp-content\/uploads\/2024\/06\/24-11-AKZ_Beleuchtung_K-768x512.jpg 768w, https:\/\/www.pr-neu.de\/newsroom\/wordpress\/wp-content\/uploads\/2024\/06\/24-11-AKZ_Beleuchtung_K-1536x1024.jpg 1536w, https:\/\/www.pr-neu.de\/newsroom\/wordpress\/wp-content\/uploads\/2024\/06\/24-11-AKZ_Beleuchtung_K-2048x1365.jpg 2048w, https:\/\/www.pr-neu.de\/newsroom\/wordpress\/wp-content\/uploads\/2024\/06\/24-11-AKZ_Beleuchtung_K-110x73.jpg 110w, https:\/\/www.pr-neu.de\/newsroom\/wordpress\/wp-content\/uploads\/2024\/06\/24-11-AKZ_Beleuchtung_K-420x280.jpg 420w, https:\/\/www.pr-neu.de\/newsroom\/wordpress\/wp-content\/uploads\/2024\/06\/24-11-AKZ_Beleuchtung_K-645x430.jpg 645w\" sizes=\"auto, (max-width: 300px) 100vw, 300px\" \/><\/a><\/p>\n<p style=\"text-align: center;\"><a href=\"http:\/\/www.pr-neu.de\/newsroom\/wordpress\/wp-content\/uploads\/2024\/06\/24-11-AKZ_Flachdach_K.jpg\" target=\"_blank\" rel=\"noopener\"><img loading=\"lazy\" decoding=\"async\" class=\"aligncenter wp-image-16926 size-medium\" src=\"http:\/\/www.pr-neu.de\/newsroom\/wordpress\/wp-content\/uploads\/2024\/06\/24-11-AKZ_Flachdach_K-300x225.jpg\" alt=\"Den Traum vom privaten Wohlf\u00fchlparadies wahr werden lassen und den Garten wetterunabh\u00e4ngig genie\u00dfen \u2013 ganz einfach mit Sonne-am-Haus.de.\" width=\"300\" height=\"225\" srcset=\"https:\/\/www.pr-neu.de\/newsroom\/wordpress\/wp-content\/uploads\/2024\/06\/24-11-AKZ_Flachdach_K-300x225.jpg 300w, https:\/\/www.pr-neu.de\/newsroom\/wordpress\/wp-content\/uploads\/2024\/06\/24-11-AKZ_Flachdach_K-1024x767.jpg 1024w, https:\/\/www.pr-neu.de\/newsroom\/wordpress\/wp-content\/uploads\/2024\/06\/24-11-AKZ_Flachdach_K-768x575.jpg 768w, https:\/\/www.pr-neu.de\/newsroom\/wordpress\/wp-content\/uploads\/2024\/06\/24-11-AKZ_Flachdach_K-1536x1151.jpg 1536w, https:\/\/www.pr-neu.de\/newsroom\/wordpress\/wp-content\/uploads\/2024\/06\/24-11-AKZ_Flachdach_K-2048x1534.jpg 2048w, https:\/\/www.pr-neu.de\/newsroom\/wordpress\/wp-content\/uploads\/2024\/06\/24-11-AKZ_Flachdach_K-110x82.jpg 110w, https:\/\/www.pr-neu.de\/newsroom\/wordpress\/wp-content\/uploads\/2024\/06\/24-11-AKZ_Flachdach_K-420x315.jpg 420w, https:\/\/www.pr-neu.de\/newsroom\/wordpress\/wp-content\/uploads\/2024\/06\/24-11-AKZ_Flachdach_K-574x430.jpg 574w\" sizes=\"auto, (max-width: 300px) 100vw, 300px\" \/><\/a><br \/>\nDen Traum vom privaten Wohlf\u00fchlparadies wahr werden lassen und den Garten wetterunabh\u00e4ngig genie\u00dfen \u2013 ganz einfach mit Sonne-am-Haus.de.<\/p>\n<p>&nbsp;<\/p>\n<p><a href=\"http:\/\/www.pr-neu.de\/newsroom\/wordpress\/wp-content\/uploads\/2024\/06\/24-11-AKZ_Lamellendach_Flachdach_Kombi_K.jpg\" target=\"_blank\" rel=\"noopener\"><img loading=\"lazy\" decoding=\"async\" class=\"aligncenter wp-image-16927 size-medium\" src=\"http:\/\/www.pr-neu.de\/newsroom\/wordpress\/wp-content\/uploads\/2024\/06\/24-11-AKZ_Lamellendach_Flachdach_Kombi_K-300x225.jpg\" alt=\"Das Lamellendach l\u00e4sst sich mit einem Flachdach in nur einem \u00dcberdachungssystem kombinieren \u2013 und ist damit einzigartig.\" width=\"300\" height=\"225\" srcset=\"https:\/\/www.pr-neu.de\/newsroom\/wordpress\/wp-content\/uploads\/2024\/06\/24-11-AKZ_Lamellendach_Flachdach_Kombi_K-300x225.jpg 300w, https:\/\/www.pr-neu.de\/newsroom\/wordpress\/wp-content\/uploads\/2024\/06\/24-11-AKZ_Lamellendach_Flachdach_Kombi_K-1024x768.jpg 1024w, https:\/\/www.pr-neu.de\/newsroom\/wordpress\/wp-content\/uploads\/2024\/06\/24-11-AKZ_Lamellendach_Flachdach_Kombi_K-768x576.jpg 768w, https:\/\/www.pr-neu.de\/newsroom\/wordpress\/wp-content\/uploads\/2024\/06\/24-11-AKZ_Lamellendach_Flachdach_Kombi_K-1536x1151.jpg 1536w, https:\/\/www.pr-neu.de\/newsroom\/wordpress\/wp-content\/uploads\/2024\/06\/24-11-AKZ_Lamellendach_Flachdach_Kombi_K-2048x1535.jpg 2048w, https:\/\/www.pr-neu.de\/newsroom\/wordpress\/wp-content\/uploads\/2024\/06\/24-11-AKZ_Lamellendach_Flachdach_Kombi_K-110x82.jpg 110w, https:\/\/www.pr-neu.de\/newsroom\/wordpress\/wp-content\/uploads\/2024\/06\/24-11-AKZ_Lamellendach_Flachdach_Kombi_K-420x315.jpg 420w, https:\/\/www.pr-neu.de\/newsroom\/wordpress\/wp-content\/uploads\/2024\/06\/24-11-AKZ_Lamellendach_Flachdach_Kombi_K-574x430.jpg 574w\" sizes=\"auto, (max-width: 300px) 100vw, 300px\" \/><\/a><\/p>\n<p style=\"text-align: center;\">Das Lamellendach l\u00e4sst sich mit einem Flachdach in nur einem \u00dcberdachungssystem kombinieren \u2013 und ist damit einzigartig.<\/p>\n<p style=\"text-align: center;\">Alle Bilder: Sonne-am-Haus.de<\/p>\n<p>&nbsp;<\/p>\n<hr \/>\n<p>&nbsp;<\/p>\n<p>Abdruck honorarfrei, Belegexemplar erbeten<\/p>\n","protected":false},"excerpt":{"rendered":"<p>Sommer bedeutet Sonne, Abk\u00fchlung im Pool, Entspannung und vor allem Zeit im Freien. Um dann den eigenen Garten bei jedem Wetter genie\u00dfen zu k\u00f6nnen, gibt es Terrassen\u00fcberdachungen: Flach- oder Lamellend\u00e4cher. Sie erschaffen einen eleganten, idyllischen Bereich im eigenen Garten \u2013 vor Sonne ebenso gesch\u00fctzt wie vor pl\u00f6tzlichen Regenschauern. Das Online-Portal Sonne-am-Haus.de unterst\u00fctzt Gartenfreunde dabei, ihr perfektes Dach zu finden, von der Planung im 3D-Konfigurator bis zur Umsetzung durch einen qualifizierten Montagebetrieb.<\/p>\n","protected":false},"author":10,"featured_media":16927,"comment_status":"closed","ping_status":"open","sticky":false,"template":"","format":"standard","meta":{"footnotes":""},"categories":[3036],"tags":[1883,2129,2055,1895],"class_list":["post-16925","post","type-post","status-publish","format-standard","has-post-thumbnail","hentry","category-sonne-am-haus","tag-lamellendach","tag-sonne-am-haus","tag-terrasse","tag-terrassendach"],"_links":{"self":[{"href":"https:\/\/www.pr-neu.de\/newsroom\/wp-json\/wp\/v2\/posts\/16925","targetHints":{"allow":["GET"]}}],"collection":[{"href":"https:\/\/www.pr-neu.de\/newsroom\/wp-json\/wp\/v2\/posts"}],"about":[{"href":"https:\/\/www.pr-neu.de\/newsroom\/wp-json\/wp\/v2\/types\/post"}],"author":[{"embeddable":true,"href":"https:\/\/www.pr-neu.de\/newsroom\/wp-json\/wp\/v2\/users\/10"}],"replies":[{"embeddable":true,"href":"https:\/\/www.pr-neu.de\/newsroom\/wp-json\/wp\/v2\/comments?post=16925"}],"version-history":[{"count":1,"href":"https:\/\/www.pr-neu.de\/newsroom\/wp-json\/wp\/v2\/posts\/16925\/revisions"}],"predecessor-version":[{"id":16929,"href":"https:\/\/www.pr-neu.de\/newsroom\/wp-json\/wp\/v2\/posts\/16925\/revisions\/16929"}],"wp:featuredmedia":[{"embeddable":true,"href":"https:\/\/www.pr-neu.de\/newsroom\/wp-json\/wp\/v2\/media\/16927"}],"wp:attachment":[{"href":"https:\/\/www.pr-neu.de\/newsroom\/wp-json\/wp\/v2\/media?parent=16925"}],"wp:term":[{"taxonomy":"category","embeddable":true,"href":"https:\/\/www.pr-neu.de\/newsroom\/wp-json\/wp\/v2\/categories?post=16925"},{"taxonomy":"post_tag","embeddable":true,"href":"https:\/\/www.pr-neu.de\/newsroom\/wp-json\/wp\/v2\/tags?post=16925"}],"curies":[{"name":"wp","href":"https:\/\/api.w.org\/{rel}","templated":true}]}}