{"id":16918,"date":"2023-05-23T12:03:38","date_gmt":"2023-05-23T10:03:38","guid":{"rendered":"https:\/\/www.pr-neu.de\/newsroom\/?p=16918"},"modified":"2024-06-19T12:04:53","modified_gmt":"2024-06-19T10:04:53","slug":"das-gartenparadies-fuer-jedes-wetter-akz","status":"publish","type":"post","link":"https:\/\/www.pr-neu.de\/newsroom\/das-gartenparadies-fuer-jedes-wetter-akz\/","title":{"rendered":"Das Gartenparadies f\u00fcr jedes Wetter"},"content":{"rendered":"<p><u>Sonne-am-Haus.de: Alles f\u00fcr den Wohlf\u00fchl-Garten<\/u><\/p>\n<p><strong>Sommer, Sonne, Entspannung \u2013 das hei\u00dft Garten, der Ort f\u00fcr Zeit mit der Familie, Freunden oder einfach f\u00fcr sich selbst. Neben Pflanzen und dem richtigen Mobiliar ist effektiver Wetterschutz der Schl\u00fcssel, um den eigenen Garten intensiv genie\u00dfen zu k\u00f6nnen. Das Online-Portal \u201eSonne am Haus\u201c unterst\u00fctzt Gartenfreunde bei der Planung und Umsetzung ihrer pers\u00f6nlichen Gartentr\u00e4ume.<\/strong><\/p>\n<p>Terrassen\u00fcberdachungen, Lamellend\u00e4cher, oder komplette Sommer- und Winterg\u00e4rten: Es gibt viele Ideen, um einen Garten l\u00e4nger zu nutzen, als nur bei perfektem Wetter. Das Online-Portal Sonne-am-Haus.de hilft Garteneigent\u00fcmern, ihre pers\u00f6nlichen Gartenoase zu planen und sogar, diese mit einem Profi zu realisieren.<\/p>\n<p>Inspirierende Fotoserien zeigen die gestalterische Bandbreite der herrlich hellen Wohlf\u00fchlorte. Mit dem einfach bedienbaren 3D-Konfigurator entsteht am eigenen Bildschirm, bequem von zu Hause, die Vision f\u00fcr eine eigene L\u00f6sung \u2013 konkret mit Details wie Abmessungen, Dachform, Einbauelementen und Beschattungsoptionen.<\/p>\n<p><strong>Das Dach wechseln \u2013 je nach Wetter<\/strong><\/p>\n<p>Mit dem neuen Lamellendach von TS-Aluminium gibt es noch mehr Gestaltungs-M\u00f6glichkeiten. Die bis 135 Grad drehbaren Lamellen regulieren Licht, Schatten und nat\u00fcrliche Bel\u00fcftung unter dem Dach ganz nach Wunsch \u2013 bequem einstellbar per App oder Fernbedienung. Dank hochwertiger Wetterautomatik (Regenw\u00e4chter) schlie\u00dft sich das Dach bei Niederschlag von alleine \u2013 der Wechsel dauert nur wenige Sekunden. Zahlreiche Erweiterungen erm\u00f6glichen viel Gestaltungsfreiheit und Komfort. Mit den neuen Schiebel\u00e4den l\u00e4sst sich das Terrassendach jetzt sogar um W\u00e4nde erg\u00e4nzen, die ganz nach Wunsch vor Sonne und Wind sch\u00fctzen. Diese Seitenteile passen optisch zu den Lamellen am Dach. So wird die \u00fcberdachte Zone zum wind- und wettergesch\u00fctzten Ort oder steht als sonnendurchflutetes Outdoor-Paradies bereit. Die Ma\u00dfe reichen bis 6,00 Meter Breite und 4,50 Meter Tiefe, direkt vor die Wand montiert oder freistehend.<\/p>\n<p>Mehr Infos unter Sonne-am-Haus.de.<\/p>\n<p>&nbsp;<\/p>\n<hr \/>\n<p>&nbsp;<\/p>\n<p><a href=\"http:\/\/www.pr-neu.de\/newsroom\/wordpress\/wp-content\/uploads\/2024\/06\/23-11_AKZ_SaH_K.jpg\" target=\"_blank\" rel=\"noopener\"><img loading=\"lazy\" decoding=\"async\" class=\"aligncenter wp-image-16919 size-medium\" src=\"http:\/\/www.pr-neu.de\/newsroom\/wordpress\/wp-content\/uploads\/2024\/06\/23-11_AKZ_SaH_K-300x200.jpg\" alt=\"Winterg\u00e4rten zusammenstellbar auf Sonne-am-Haus.de. Das Online-Portal unterst\u00fctzt Gartenfreunde bei der Planung und Umsetzung der pers\u00f6nlichen Gartenoase am Haus.\" width=\"300\" height=\"200\" srcset=\"https:\/\/www.pr-neu.de\/newsroom\/wordpress\/wp-content\/uploads\/2024\/06\/23-11_AKZ_SaH_K-300x200.jpg 300w, https:\/\/www.pr-neu.de\/newsroom\/wordpress\/wp-content\/uploads\/2024\/06\/23-11_AKZ_SaH_K-1024x683.jpg 1024w, https:\/\/www.pr-neu.de\/newsroom\/wordpress\/wp-content\/uploads\/2024\/06\/23-11_AKZ_SaH_K-768x512.jpg 768w, https:\/\/www.pr-neu.de\/newsroom\/wordpress\/wp-content\/uploads\/2024\/06\/23-11_AKZ_SaH_K-1536x1024.jpg 1536w, https:\/\/www.pr-neu.de\/newsroom\/wordpress\/wp-content\/uploads\/2024\/06\/23-11_AKZ_SaH_K-2048x1365.jpg 2048w, https:\/\/www.pr-neu.de\/newsroom\/wordpress\/wp-content\/uploads\/2024\/06\/23-11_AKZ_SaH_K-110x73.jpg 110w, https:\/\/www.pr-neu.de\/newsroom\/wordpress\/wp-content\/uploads\/2024\/06\/23-11_AKZ_SaH_K-420x280.jpg 420w, https:\/\/www.pr-neu.de\/newsroom\/wordpress\/wp-content\/uploads\/2024\/06\/23-11_AKZ_SaH_K-645x430.jpg 645w\" sizes=\"auto, (max-width: 300px) 100vw, 300px\" \/><\/a><\/p>\n<p style=\"text-align: center;\">Winterg\u00e4rten zusammenstellbar auf Sonne-am-Haus.de. Das Online-Portal unterst\u00fctzt Gartenfreunde bei der Planung und Umsetzung der pers\u00f6nlichen Gartenoase am Haus.<\/p>\n<p>&nbsp;<\/p>\n<p><a href=\"http:\/\/www.pr-neu.de\/newsroom\/wordpress\/wp-content\/uploads\/2024\/06\/23-11_AKZ_SaH_Sommergarten_K.jpg\" target=\"_blank\" rel=\"noopener\"><img loading=\"lazy\" decoding=\"async\" class=\"aligncenter wp-image-16920 size-medium\" src=\"http:\/\/www.pr-neu.de\/newsroom\/wordpress\/wp-content\/uploads\/2024\/06\/23-11_AKZ_SaH_Sommergarten_K-300x200.jpg\" alt=\"Sommerg\u00e4rten zusammenstellbar auf Sonne-am-Haus.de. Das Online-Portal unterst\u00fctzt Gartenfreunde bei der Planung und Umsetzung der pers\u00f6nlichen Gartenoase am Haus.\" width=\"300\" height=\"200\" srcset=\"https:\/\/www.pr-neu.de\/newsroom\/wordpress\/wp-content\/uploads\/2024\/06\/23-11_AKZ_SaH_Sommergarten_K-300x200.jpg 300w, https:\/\/www.pr-neu.de\/newsroom\/wordpress\/wp-content\/uploads\/2024\/06\/23-11_AKZ_SaH_Sommergarten_K-1024x683.jpg 1024w, https:\/\/www.pr-neu.de\/newsroom\/wordpress\/wp-content\/uploads\/2024\/06\/23-11_AKZ_SaH_Sommergarten_K-768x512.jpg 768w, https:\/\/www.pr-neu.de\/newsroom\/wordpress\/wp-content\/uploads\/2024\/06\/23-11_AKZ_SaH_Sommergarten_K-1536x1024.jpg 1536w, https:\/\/www.pr-neu.de\/newsroom\/wordpress\/wp-content\/uploads\/2024\/06\/23-11_AKZ_SaH_Sommergarten_K-2048x1365.jpg 2048w, https:\/\/www.pr-neu.de\/newsroom\/wordpress\/wp-content\/uploads\/2024\/06\/23-11_AKZ_SaH_Sommergarten_K-110x73.jpg 110w, https:\/\/www.pr-neu.de\/newsroom\/wordpress\/wp-content\/uploads\/2024\/06\/23-11_AKZ_SaH_Sommergarten_K-420x280.jpg 420w, https:\/\/www.pr-neu.de\/newsroom\/wordpress\/wp-content\/uploads\/2024\/06\/23-11_AKZ_SaH_Sommergarten_K-645x430.jpg 645w\" sizes=\"auto, (max-width: 300px) 100vw, 300px\" \/><\/a><\/p>\n<p style=\"text-align: center;\">Sommerg\u00e4rten zusammenstellbar auf Sonne-am-Haus.de. Das Online-Portal unterst\u00fctzt Gartenfreunde bei der Planung und Umsetzung der pers\u00f6nlichen Gartenoase am Haus.<\/p>\n<p><a href=\"http:\/\/www.pr-neu.de\/newsroom\/wordpress\/wp-content\/uploads\/2024\/06\/23-11_AKZ_SaH_Terrassendach_K.jpg\" target=\"_blank\" rel=\"noopener\"><img loading=\"lazy\" decoding=\"async\" class=\"aligncenter wp-image-16921 size-medium\" src=\"http:\/\/www.pr-neu.de\/newsroom\/wordpress\/wp-content\/uploads\/2024\/06\/23-11_AKZ_SaH_Terrassendach_K-300x200.jpg\" alt=\"Terrassend\u00e4cher zusammenstellbar auf Sonne-am-Haus.de. Das Online-Portal unterst\u00fctzt Gartenfreunde bei der Planung und Umsetzung der pers\u00f6nlichen Gartenoase am Haus.\" width=\"300\" height=\"200\" srcset=\"https:\/\/www.pr-neu.de\/newsroom\/wordpress\/wp-content\/uploads\/2024\/06\/23-11_AKZ_SaH_Terrassendach_K-300x200.jpg 300w, https:\/\/www.pr-neu.de\/newsroom\/wordpress\/wp-content\/uploads\/2024\/06\/23-11_AKZ_SaH_Terrassendach_K-1024x683.jpg 1024w, https:\/\/www.pr-neu.de\/newsroom\/wordpress\/wp-content\/uploads\/2024\/06\/23-11_AKZ_SaH_Terrassendach_K-768x512.jpg 768w, https:\/\/www.pr-neu.de\/newsroom\/wordpress\/wp-content\/uploads\/2024\/06\/23-11_AKZ_SaH_Terrassendach_K-1536x1024.jpg 1536w, https:\/\/www.pr-neu.de\/newsroom\/wordpress\/wp-content\/uploads\/2024\/06\/23-11_AKZ_SaH_Terrassendach_K-2048x1365.jpg 2048w, https:\/\/www.pr-neu.de\/newsroom\/wordpress\/wp-content\/uploads\/2024\/06\/23-11_AKZ_SaH_Terrassendach_K-110x73.jpg 110w, https:\/\/www.pr-neu.de\/newsroom\/wordpress\/wp-content\/uploads\/2024\/06\/23-11_AKZ_SaH_Terrassendach_K-420x280.jpg 420w, https:\/\/www.pr-neu.de\/newsroom\/wordpress\/wp-content\/uploads\/2024\/06\/23-11_AKZ_SaH_Terrassendach_K-645x430.jpg 645w\" sizes=\"auto, (max-width: 300px) 100vw, 300px\" \/><\/a><\/p>\n<p style=\"text-align: center;\">Terrassend\u00e4cher zusammenstellbar auf Sonne-am-Haus.de. Das Online-Portal unterst\u00fctzt Gartenfreunde bei der Planung und Umsetzung der pers\u00f6nlichen Gartenoase am Haus.<\/p>\n<p style=\"text-align: center;\">Bilder: TS-Aluminium-Profilsysteme GmbH &amp; Co. KG<\/p>\n<p>&nbsp;<\/p>\n<hr \/>\n<p>&nbsp;<\/p>\n<p>Abdruck honorarfrei, Belegexemplar erbeten<\/p>\n","protected":false},"excerpt":{"rendered":"<p>Sommer, Sonne, Entspannung \u2013 das hei\u00dft Garten, der Ort f\u00fcr Zeit mit der Familie, Freunden oder einfach f\u00fcr sich selbst. Neben Pflanzen und dem richtigen Mobiliar ist effektiver Wetterschutz der Schl\u00fcssel, um den eigenen Garten intensiv genie\u00dfen zu k\u00f6nnen. Das Online-Portal \u201eSonne am Haus\u201c unterst\u00fctzt Gartenfreunde bei der Planung und Umsetzung ihrer pers\u00f6nlichen Gartentr\u00e4ume.<\/p>\n","protected":false},"author":10,"featured_media":16919,"comment_status":"closed","ping_status":"open","sticky":false,"template":"","format":"standard","meta":{"footnotes":""},"categories":[3036],"tags":[2129,2055,1895],"class_list":["post-16918","post","type-post","status-publish","format-standard","has-post-thumbnail","hentry","category-sonne-am-haus","tag-sonne-am-haus","tag-terrasse","tag-terrassendach"],"_links":{"self":[{"href":"https:\/\/www.pr-neu.de\/newsroom\/wp-json\/wp\/v2\/posts\/16918","targetHints":{"allow":["GET"]}}],"collection":[{"href":"https:\/\/www.pr-neu.de\/newsroom\/wp-json\/wp\/v2\/posts"}],"about":[{"href":"https:\/\/www.pr-neu.de\/newsroom\/wp-json\/wp\/v2\/types\/post"}],"author":[{"embeddable":true,"href":"https:\/\/www.pr-neu.de\/newsroom\/wp-json\/wp\/v2\/users\/10"}],"replies":[{"embeddable":true,"href":"https:\/\/www.pr-neu.de\/newsroom\/wp-json\/wp\/v2\/comments?post=16918"}],"version-history":[{"count":1,"href":"https:\/\/www.pr-neu.de\/newsroom\/wp-json\/wp\/v2\/posts\/16918\/revisions"}],"predecessor-version":[{"id":16922,"href":"https:\/\/www.pr-neu.de\/newsroom\/wp-json\/wp\/v2\/posts\/16918\/revisions\/16922"}],"wp:featuredmedia":[{"embeddable":true,"href":"https:\/\/www.pr-neu.de\/newsroom\/wp-json\/wp\/v2\/media\/16919"}],"wp:attachment":[{"href":"https:\/\/www.pr-neu.de\/newsroom\/wp-json\/wp\/v2\/media?parent=16918"}],"wp:term":[{"taxonomy":"category","embeddable":true,"href":"https:\/\/www.pr-neu.de\/newsroom\/wp-json\/wp\/v2\/categories?post=16918"},{"taxonomy":"post_tag","embeddable":true,"href":"https:\/\/www.pr-neu.de\/newsroom\/wp-json\/wp\/v2\/tags?post=16918"}],"curies":[{"name":"wp","href":"https:\/\/api.w.org\/{rel}","templated":true}]}}