{"id":16916,"date":"2022-09-29T11:53:06","date_gmt":"2022-09-29T09:53:06","guid":{"rendered":"https:\/\/www.pr-neu.de\/newsroom\/?p=16916"},"modified":"2024-06-19T11:57:16","modified_gmt":"2024-06-19T09:57:16","slug":"sonne-und-schatten-die-perfekte-mischung","status":"publish","type":"post","link":"https:\/\/www.pr-neu.de\/newsroom\/sonne-und-schatten-die-perfekte-mischung\/","title":{"rendered":"Sonne und Schatten \u2013 die perfekte Mischung"},"content":{"rendered":"<p><u>Lamellend\u00e4cher f\u00fcr das perfekte \u201eOutdoor\u201c-Wohnzimmer<\/u><\/p>\n<p><strong>Sonnen oder einfach im Schatten entspannen \u2013 das eigene Gartenparadies ist ein Ort f\u00fcr die ganze Familie. Mit einem Lamellendach ist der Wechsel zwischen Sonne und Schatten jetzt mit nur einem Knopfdruck m\u00f6glich: Die drehbaren Lamellen regulieren den Lichteinfall nach Wunsch. Planen k\u00f6nnen Gartenfreunde ihren Wohlf\u00fchlort ganz unkompliziert \u00fcber das Online-Portal Sonne-am-Haus.at.<\/strong><\/p>\n<p>Sonnendach, Schattendach: Das neue Lamellendach von TS-Aluminium ist ein optisches Highlight in kubischem Design, das sich harmonisch in die Architektur von Haus und Garten einf\u00fcgt. Der Clou: Dank der modularen Bauweise l\u00e4sst es sich erstmals auch mit einem Glasdach kombinieren und bildet eine perfekte Symbiose. Drehbare Lamellen regulieren Licht und Schatten nach Wunsch und sind bequem per Knopfdruck steuerbar, in ge\u00f6ffnetem Zustand funktioniert das Dach wie eine nat\u00fcrliche Klimaanlage \u2013 warme Luft zieht einfach ab. F\u00fcr die individuelle Gestaltung stehen neben einem breiten Farbspektrum vielf\u00e4ltige Ausstattungsoptionen zur Wahl: Von integrierter LED-Beleuchtung \u00fcber ZIP-Markisen bis hin zu Heizelementen.<\/p>\n<p><strong>Bequem online planen mit Sonne-am-Haus.at<\/strong><\/p>\n<p>Auf Sonne-am-Haus.at k\u00f6nnen Gartenfreunde unkompliziert ihr neues Lamellendach planen. Das Online-Portal unterst\u00fctzt bei der Planung und Umsetzung des pers\u00f6nlichen Traumplatzes am Haus. Inspirierendes Bildmaterial zeigt die gestalterische Bandbreite der herrlich hellen Wohlf\u00fchlorte. Neben dem neuen Lamellendach k\u00f6nnen dort auch Terrassen\u00fcberdachungen f\u00fcr den luftigen, stilvollen Au\u00dfenbereich und komplette Sommer- und Winterg\u00e4rten geplant werden.<\/p>\n<p><strong>Mit wenigen Klicks zur idealen Planung<\/strong><\/p>\n<p>Garten-Fans finden auf der Website alles f\u00fcr die gr\u00fcndliche Planung der Outdoor-Oase. Relevante Informationen stehen ebenso bereit wie hilfreiche Checklisten. Noch nie war es so einfach, den neuen Lieblingsplatz zu planen: Ein praktischer 3D-Konfigurator l\u00e4sst sich bequem von zu Hause aus bedienen und ber\u00fccksichtigt Details wie exakte Abmessungen, die gew\u00fcnschte Dachform, Einbauelemente und Beschattungsoptionen.<\/p>\n<p><strong>Rat und Tat vom Sonnenspezialisten<\/strong><\/p>\n<p>Ist der Wohn(t)raum erst mal geplant, geht es an die Umsetzung. Damit dies zuverl\u00e4ssig und wunschgerecht gelingt, vermittelt \u201eSonne am Haus\u201c schnell und unkompliziert die passenden Spezialisten in der N\u00e4he. Sie verf\u00fcgen \u00fcber umfangreiche und detaillierte Kenntnisse und stehen unterst\u00fctzend zur Seite.<\/p>\n<p>Weitere Informationen: www.sonne-am-haus.at<\/p>\n<p>&nbsp;<\/p>\n<hr \/>\n<p>&nbsp;<\/p>\n<p><a href=\"http:\/\/www.pr-neu.de\/newsroom\/wordpress\/wp-content\/uploads\/2022\/06\/22-05_TS-Lamellendach_2_K.jpg\" target=\"_blank\" rel=\"noopener\"><img loading=\"lazy\" decoding=\"async\" class=\"aligncenter wp-image-15028 size-medium\" src=\"http:\/\/www.pr-neu.de\/newsroom\/wordpress\/wp-content\/uploads\/2022\/06\/22-05_TS-Lamellendach_2_K-300x212.jpg\" alt=\"Modern und geradlinig: Das Lamellendach von TS-Aluminium \u00fcberzeugt in kubistischer Architektur.\" width=\"300\" height=\"212\" srcset=\"https:\/\/www.pr-neu.de\/newsroom\/wordpress\/wp-content\/uploads\/2022\/06\/22-05_TS-Lamellendach_2_K-300x212.jpg 300w, https:\/\/www.pr-neu.de\/newsroom\/wordpress\/wp-content\/uploads\/2022\/06\/22-05_TS-Lamellendach_2_K-1024x724.jpg 1024w, https:\/\/www.pr-neu.de\/newsroom\/wordpress\/wp-content\/uploads\/2022\/06\/22-05_TS-Lamellendach_2_K-768x543.jpg 768w, https:\/\/www.pr-neu.de\/newsroom\/wordpress\/wp-content\/uploads\/2022\/06\/22-05_TS-Lamellendach_2_K-1536x1086.jpg 1536w, https:\/\/www.pr-neu.de\/newsroom\/wordpress\/wp-content\/uploads\/2022\/06\/22-05_TS-Lamellendach_2_K-2048x1448.jpg 2048w, https:\/\/www.pr-neu.de\/newsroom\/wordpress\/wp-content\/uploads\/2022\/06\/22-05_TS-Lamellendach_2_K-110x78.jpg 110w, https:\/\/www.pr-neu.de\/newsroom\/wordpress\/wp-content\/uploads\/2022\/06\/22-05_TS-Lamellendach_2_K-420x297.jpg 420w, https:\/\/www.pr-neu.de\/newsroom\/wordpress\/wp-content\/uploads\/2022\/06\/22-05_TS-Lamellendach_2_K-608x430.jpg 608w\" sizes=\"auto, (max-width: 300px) 100vw, 300px\" \/><\/a><\/p>\n<p style=\"text-align: center;\">Modern und geradlinig: Das Lamellendach von TS-Aluminium \u00fcberzeugt in kubischer Architektur, sch\u00fctzt vor Sonne und sorgt f\u00fcr eine nat\u00fcrliche Bel\u00fcftung \u2013 erweiterbar mit integrierter LED-Beleuchtung, ZIP-Markisen oder Heizelementen.<br \/>\nBild: TS-Aluminium-Profilsysteme GmbH &amp; Co. KG<\/p>\n<p>&nbsp;<\/p>\n<hr \/>\n<p>&nbsp;<\/p>\n<p>Abdruck honorarfrei, Belegexemplar erbeten<\/p>\n","protected":false},"excerpt":{"rendered":"<p>Sonnen oder einfach im Schatten entspannen \u2013 das eigene Gartenparadies ist ein Ort f\u00fcr die ganze Familie. Mit einem Lamellendach ist der Wechsel zwischen Sonne und Schatten jetzt mit nur einem Knopfdruck m\u00f6glich: Die drehbaren Lamellen regulieren den Lichteinfall nach Wunsch. Planen k\u00f6nnen Gartenfreunde ihren Wohlf\u00fchlort ganz unkompliziert \u00fcber das Online-Portal Sonne-am-Haus.at.<\/p>\n","protected":false},"author":10,"featured_media":15028,"comment_status":"closed","ping_status":"open","sticky":false,"template":"","format":"standard","meta":{"footnotes":""},"categories":[3036],"tags":[3040,2129,1793],"class_list":["post-16916","post","type-post","status-publish","format-standard","has-post-thumbnail","hentry","category-sonne-am-haus","tag-at","tag-sonne-am-haus","tag-ts-aluminium"],"_links":{"self":[{"href":"https:\/\/www.pr-neu.de\/newsroom\/wp-json\/wp\/v2\/posts\/16916","targetHints":{"allow":["GET"]}}],"collection":[{"href":"https:\/\/www.pr-neu.de\/newsroom\/wp-json\/wp\/v2\/posts"}],"about":[{"href":"https:\/\/www.pr-neu.de\/newsroom\/wp-json\/wp\/v2\/types\/post"}],"author":[{"embeddable":true,"href":"https:\/\/www.pr-neu.de\/newsroom\/wp-json\/wp\/v2\/users\/10"}],"replies":[{"embeddable":true,"href":"https:\/\/www.pr-neu.de\/newsroom\/wp-json\/wp\/v2\/comments?post=16916"}],"version-history":[{"count":1,"href":"https:\/\/www.pr-neu.de\/newsroom\/wp-json\/wp\/v2\/posts\/16916\/revisions"}],"predecessor-version":[{"id":16917,"href":"https:\/\/www.pr-neu.de\/newsroom\/wp-json\/wp\/v2\/posts\/16916\/revisions\/16917"}],"wp:featuredmedia":[{"embeddable":true,"href":"https:\/\/www.pr-neu.de\/newsroom\/wp-json\/wp\/v2\/media\/15028"}],"wp:attachment":[{"href":"https:\/\/www.pr-neu.de\/newsroom\/wp-json\/wp\/v2\/media?parent=16916"}],"wp:term":[{"taxonomy":"category","embeddable":true,"href":"https:\/\/www.pr-neu.de\/newsroom\/wp-json\/wp\/v2\/categories?post=16916"},{"taxonomy":"post_tag","embeddable":true,"href":"https:\/\/www.pr-neu.de\/newsroom\/wp-json\/wp\/v2\/tags?post=16916"}],"curies":[{"name":"wp","href":"https:\/\/api.w.org\/{rel}","templated":true}]}}