{"id":16908,"date":"2024-06-19T11:17:56","date_gmt":"2024-06-19T09:17:56","guid":{"rendered":"https:\/\/www.pr-neu.de\/newsroom\/?p=16908"},"modified":"2024-06-19T11:18:35","modified_gmt":"2024-06-19T09:18:35","slug":"rene-eich-neuer-produktmanager-bei-suedwest","status":"publish","type":"post","link":"https:\/\/www.pr-neu.de\/newsroom\/rene-eich-neuer-produktmanager-bei-suedwest\/","title":{"rendered":"Ren\u00e9 Eich neuer Produktmanager bei S\u00fcdwest"},"content":{"rendered":"<p>Ren\u00e9 Eich (44) ist neuer Produktmanager bei S\u00fcdwest Lacke + Farben (B\u00f6hl-Iggelheim). Er verantwortet die Sparten W\u00e4rme-dammverbund-Systeme mit der Linie \u201eWDVSmart\u201c und das Schimmelsaniersystem Klimakomfort. Eich verf\u00fcgt \u00fcber lang-j\u00e4hrige Erfahrung im Handwerk und im Marketing und erweitert nun das Produktmanagement gemeinsam mit Dr. Klaus M\u00fcller (Lacke und Lasuren) und Christian Schubert (Farben) zum Trio.<\/p>\n<hr \/>\n<p style=\"text-align: center;\"><a href=\"http:\/\/www.pr-neu.de\/newsroom\/wordpress\/wp-content\/uploads\/2024\/06\/24_10_Eich_Rene_K.jpg\"><img loading=\"lazy\" decoding=\"async\" class=\"aligncenter size-medium wp-image-16909\" src=\"http:\/\/www.pr-neu.de\/newsroom\/wordpress\/wp-content\/uploads\/2024\/06\/24_10_Eich_Rene_K-300x300.jpg\" alt=\"\" width=\"300\" height=\"300\" srcset=\"https:\/\/www.pr-neu.de\/newsroom\/wordpress\/wp-content\/uploads\/2024\/06\/24_10_Eich_Rene_K-300x300.jpg 300w, https:\/\/www.pr-neu.de\/newsroom\/wordpress\/wp-content\/uploads\/2024\/06\/24_10_Eich_Rene_K-1024x1024.jpg 1024w, https:\/\/www.pr-neu.de\/newsroom\/wordpress\/wp-content\/uploads\/2024\/06\/24_10_Eich_Rene_K-150x150.jpg 150w, https:\/\/www.pr-neu.de\/newsroom\/wordpress\/wp-content\/uploads\/2024\/06\/24_10_Eich_Rene_K-768x768.jpg 768w, https:\/\/www.pr-neu.de\/newsroom\/wordpress\/wp-content\/uploads\/2024\/06\/24_10_Eich_Rene_K-1536x1536.jpg 1536w, https:\/\/www.pr-neu.de\/newsroom\/wordpress\/wp-content\/uploads\/2024\/06\/24_10_Eich_Rene_K-2048x2048.jpg 2048w, https:\/\/www.pr-neu.de\/newsroom\/wordpress\/wp-content\/uploads\/2024\/06\/24_10_Eich_Rene_K-250x250.jpg 250w, https:\/\/www.pr-neu.de\/newsroom\/wordpress\/wp-content\/uploads\/2024\/06\/24_10_Eich_Rene_K-125x125.jpg 125w, https:\/\/www.pr-neu.de\/newsroom\/wordpress\/wp-content\/uploads\/2024\/06\/24_10_Eich_Rene_K-110x110.jpg 110w, https:\/\/www.pr-neu.de\/newsroom\/wordpress\/wp-content\/uploads\/2024\/06\/24_10_Eich_Rene_K-420x420.jpg 420w, https:\/\/www.pr-neu.de\/newsroom\/wordpress\/wp-content\/uploads\/2024\/06\/24_10_Eich_Rene_K-430x430.jpg 430w\" sizes=\"auto, (max-width: 300px) 100vw, 300px\" \/><\/a><br \/>\nRen\u00e9 Eich, neuer Produktmanager Wandsysteme bei S\u00fcdwest.<\/p>\n","protected":false},"excerpt":{"rendered":"<p>Ren\u00e9 Eich (44) ist neuer Produktmanager bei S\u00fcdwest Lacke + Farben (B\u00f6hl-Iggelheim).<\/p>\n","protected":false},"author":9,"featured_media":16909,"comment_status":"closed","ping_status":"open","sticky":false,"template":"","format":"standard","meta":{"footnotes":""},"categories":[17],"tags":[187,283,393,439,554,3038],"class_list":["post-16908","post","type-post","status-publish","format-standard","has-post-thumbnail","hentry","category-sudwest","tag-fassade","tag-innenraum","tag-personalia","tag-sanierung","tag-sudwest","tag-wandsysteme"],"_links":{"self":[{"href":"https:\/\/www.pr-neu.de\/newsroom\/wp-json\/wp\/v2\/posts\/16908","targetHints":{"allow":["GET"]}}],"collection":[{"href":"https:\/\/www.pr-neu.de\/newsroom\/wp-json\/wp\/v2\/posts"}],"about":[{"href":"https:\/\/www.pr-neu.de\/newsroom\/wp-json\/wp\/v2\/types\/post"}],"author":[{"embeddable":true,"href":"https:\/\/www.pr-neu.de\/newsroom\/wp-json\/wp\/v2\/users\/9"}],"replies":[{"embeddable":true,"href":"https:\/\/www.pr-neu.de\/newsroom\/wp-json\/wp\/v2\/comments?post=16908"}],"version-history":[{"count":2,"href":"https:\/\/www.pr-neu.de\/newsroom\/wp-json\/wp\/v2\/posts\/16908\/revisions"}],"predecessor-version":[{"id":16912,"href":"https:\/\/www.pr-neu.de\/newsroom\/wp-json\/wp\/v2\/posts\/16908\/revisions\/16912"}],"wp:featuredmedia":[{"embeddable":true,"href":"https:\/\/www.pr-neu.de\/newsroom\/wp-json\/wp\/v2\/media\/16909"}],"wp:attachment":[{"href":"https:\/\/www.pr-neu.de\/newsroom\/wp-json\/wp\/v2\/media?parent=16908"}],"wp:term":[{"taxonomy":"category","embeddable":true,"href":"https:\/\/www.pr-neu.de\/newsroom\/wp-json\/wp\/v2\/categories?post=16908"},{"taxonomy":"post_tag","embeddable":true,"href":"https:\/\/www.pr-neu.de\/newsroom\/wp-json\/wp\/v2\/tags?post=16908"}],"curies":[{"name":"wp","href":"https:\/\/api.w.org\/{rel}","templated":true}]}}