{"id":16894,"date":"2024-06-20T08:00:16","date_gmt":"2024-06-20T06:00:16","guid":{"rendered":"https:\/\/www.pr-neu.de\/newsroom\/?p=16894"},"modified":"2024-07-15T13:09:48","modified_gmt":"2024-07-15T11:09:48","slug":"ungewoehnliche-energetische-instandsetzung","status":"publish","type":"post","link":"https:\/\/www.pr-neu.de\/newsroom\/ungewoehnliche-energetische-instandsetzung\/","title":{"rendered":"Ungew\u00f6hnliche energetische Instandsetzung"},"content":{"rendered":"<p>&nbsp;<\/p>\n<p><!--MBNHE--><span style=\"font-family: Arial;\"><span style=\"font-size: 14pt; font-family: 'Arial','sans-serif';\"><span style=\"font-size: medium;\"><u>Sanierung eines 120 Jahre alten Mehrfamilienhauses<\/u><\/span><\/span><\/span><\/p>\n<p><!--MBNHE--><span style=\"font-size: 12pt; font-family: 'Arial','sans-serif'; color: #1a1a18;\"><strong>Eine Sanierung, zwei Oberfl\u00e4chen, drei D\u00e4mmstoffe: Dies ist die optimale wie ungew\u00f6hnliche L\u00f6sung f\u00fcr die energetische Instandsetzung eines mehr als 120 Jahre alten Mehrfamilienhauses in Gutach (Breisgau). Je nach baulicher Situation kommen Polystyrol, Mineralwolle oder Phenolharz-Hartschaum zum Einsatz, die Fassade zeigt eine Kombination aus Holz und Putz.<\/strong><\/span><\/p>\n<p><!--MBNHE--><\/p>\n<p><span style=\"font-size: 12pt; font-family: 'Arial','sans-serif';\"><span style=\"font-size: 12pt; font-family: 'Arial','sans-serif'; color: #1a1a18;\">Das Haus, erbaut im Jahr 1898 mit einem Erweiterungsbau aus dem Jahr 1970, war bisher unged\u00e4mmt. Stuckateurmeister Johannes Wehrle \u2013 selbst aus Gutach \u2013 \u00fcbernahm die Aufgabe, das Geb\u00e4ude sowohl energetisch zu sanieren als auch den W\u00fcnschen des Bauherrn nach einer speziellen Gestaltung zu entsprechen.<\/span><\/span><\/p>\n<p><span style=\"font-size: 12pt; font-family: 'Arial','sans-serif';\"><span style=\"font-size: 12pt; font-family: 'Arial','sans-serif'; color: #1a1a18;\">Das Mehrfamilienhaus beherbergt eine Zahnarztpraxis im Erdgeschoss sowie Mietwohnungen in den oberen Etagen und umfasst eine Fassadenfl\u00e4che von etwa 180 Quadratmetern. Der Bauherr, obwohl nicht dort wohnhaft, w\u00fcnschte sich neben einer effizienten D\u00e4mmung auch eine \u00e4sthetische Gestaltung: <\/span><\/span><span style=\"font-size: 12pt; font-family: 'Arial','sans-serif';\"><span style=\"font-size: 12pt; font-family: 'Arial','sans-serif'; color: #1a1a18;\">Zu den verputzten Fl\u00e4chen kamen regionaltypische Holzfassaden \u2013 nur die R\u00fcckseite wurde komplett verputzt. <\/span><\/span><\/p>\n<p><span style=\"font-size: 12pt; font-family: 'Arial','sans-serif';\"><span style=\"font-size: 12pt; font-family: 'Arial','sans-serif'; color: #1a1a18;\">F\u00fcr einen optimalen Bauprozess setzte sich Wehrle schon im Vorfeld mit dem Energieberater und dem Zimmermann, der die Holzschalung montierte, zusammen. Gemeinsam wurden die kniffligen Details geplant. Die Montage der D\u00e4mmung verlief \u2013 trotz der unterschiedlichen D\u00e4mmstoffe \u2013 konventionell: Alle D\u00e4mmplatten wurden verklebt und ged\u00fcbelt und die gesamte Fassade maschinell mit StoLevell Novo gewebearmiert. Besonders sorgf\u00e4ltig geplant und ausgef\u00fchrt wurden die Anschlussdetails, zum Beispiel der \u00dcbergang zwischen Putz und Holzvert\u00e4felung. Spezielle Profile aus dem Sto-Sortiment sorgen hier f\u00fcr eine sichere Konstruktion. Zu den unterschiedlichen D\u00e4mmstoffen: Das StoTherm Vario-System mit Sto-D\u00e4mmplatte Top32 wurde f\u00fcr die Hauptfl\u00e4chen verwendet, Mineralwolle f\u00fcr bestimmte Zonen mit speziellen Brandschutzanforderungen. An weiteren Teilfl\u00e4chen, die bei wenig Raum hohe D\u00e4mmwerte erforderten, kam das StoTherm Resol-System mit schlanken Phenolharz-D\u00e4mmplatten aufgrund des niedrigen Lambda-Wertes zum Einsatz.<\/span><\/span><\/p>\n<p><span style=\"font-size: 12pt; font-family: 'Arial','sans-serif';\"><span style=\"font-size: 12pt; font-family: 'Arial','sans-serif'; color: #1a1a18;\">Die Verarbeitung des D\u00e4mmsystems im Fensterbereich erforderte sorgf\u00e4ltige Planung, um einen Austausch zu vermeiden. F\u00fcr ausreichend Tageslicht im Innenraum wurden die Laibungen als Lichtkeile gestaltet, mit StoElement Pronto als Laibungselement und der Fensterbank StoFentra Profi mit Bordprofil Typ LK.<\/span><\/span><\/p>\n<p><span style=\"font-size: 12pt; font-family: 'Arial','sans-serif';\"><span style=\"font-size: 12pt; font-family: 'Arial','sans-serif'; color: #1a1a18;\">Die horizontal ausgef\u00fchrte Besenzug-Technik in der Putzfassade f\u00fcgt sich gestalterisch harmonisch zur ebenfalls horizontal verlegten Holzschalung. Der organische Oberputz Stolit Kratzputz in 2,0 Millimeter Korn im Farbton Alabasterwei\u00df aus dem Katalog der StoSignature-Oberfl\u00e4chen tr\u00e4gt zur visuellen Harmonie des Geb\u00e4udes bei.<\/span><\/span><\/p>\n<p><span style=\"font-size: 12pt; font-family: 'Arial','sans-serif';\"><span style=\"font-size: 12pt; font-family: 'Arial','sans-serif'; color: #1a1a18;\">Durch die energetische Sanierung ist der Energiebedarf des Geb\u00e4udes deutlich gesunken, sodass es nun sogar nur mit regenerativen Energien betrieben wird. Dazu tr\u00e4gt die Erdw\u00e4rmeheizung auf Basis einer W\u00e4rmepumpe bei. Insgesamt also eine erfolgreiche energetische Geb\u00e4udesanierung und ein Vorzeigeobjekt f\u00fcr die beteiligten Betriebe.<\/span><\/span><\/p>\n<p>&nbsp;<\/p>\n<hr \/>\n<p>&nbsp;<\/p>\n<p style=\"text-align: center;\"><a href=\"http:\/\/www.pr-neu.de\/newsroom\/wordpress\/wp-content\/uploads\/2024\/06\/24-07_1_Fassade_K.jpg\"><img loading=\"lazy\" decoding=\"async\" class=\"aligncenter size-medium wp-image-16895\" src=\"http:\/\/www.pr-neu.de\/newsroom\/wordpress\/wp-content\/uploads\/2024\/06\/24-07_1_Fassade_K-300x211.jpg\" alt=\"\" width=\"300\" height=\"211\" srcset=\"https:\/\/www.pr-neu.de\/newsroom\/wordpress\/wp-content\/uploads\/2024\/06\/24-07_1_Fassade_K-300x211.jpg 300w, https:\/\/www.pr-neu.de\/newsroom\/wordpress\/wp-content\/uploads\/2024\/06\/24-07_1_Fassade_K-1024x719.jpg 1024w, https:\/\/www.pr-neu.de\/newsroom\/wordpress\/wp-content\/uploads\/2024\/06\/24-07_1_Fassade_K-768x540.jpg 768w, https:\/\/www.pr-neu.de\/newsroom\/wordpress\/wp-content\/uploads\/2024\/06\/24-07_1_Fassade_K-1536x1079.jpg 1536w, https:\/\/www.pr-neu.de\/newsroom\/wordpress\/wp-content\/uploads\/2024\/06\/24-07_1_Fassade_K-2048x1439.jpg 2048w, https:\/\/www.pr-neu.de\/newsroom\/wordpress\/wp-content\/uploads\/2024\/06\/24-07_1_Fassade_K-110x77.jpg 110w, https:\/\/www.pr-neu.de\/newsroom\/wordpress\/wp-content\/uploads\/2024\/06\/24-07_1_Fassade_K-420x295.jpg 420w, https:\/\/www.pr-neu.de\/newsroom\/wordpress\/wp-content\/uploads\/2024\/06\/24-07_1_Fassade_K-612x430.jpg 612w\" sizes=\"auto, (max-width: 300px) 100vw, 300px\" \/><\/a><\/p>\n<p style=\"text-align: center;\"><a href=\"http:\/\/www.pr-neu.de\/newsroom\/wordpress\/wp-content\/uploads\/2024\/06\/24-07_2_Fassade_K.jpg\"><img loading=\"lazy\" decoding=\"async\" class=\"aligncenter size-medium wp-image-16896\" src=\"http:\/\/www.pr-neu.de\/newsroom\/wordpress\/wp-content\/uploads\/2024\/06\/24-07_2_Fassade_K-191x300.jpg\" alt=\"\" width=\"191\" height=\"300\" srcset=\"https:\/\/www.pr-neu.de\/newsroom\/wordpress\/wp-content\/uploads\/2024\/06\/24-07_2_Fassade_K-191x300.jpg 191w, https:\/\/www.pr-neu.de\/newsroom\/wordpress\/wp-content\/uploads\/2024\/06\/24-07_2_Fassade_K-651x1024.jpg 651w, https:\/\/www.pr-neu.de\/newsroom\/wordpress\/wp-content\/uploads\/2024\/06\/24-07_2_Fassade_K-768x1208.jpg 768w, https:\/\/www.pr-neu.de\/newsroom\/wordpress\/wp-content\/uploads\/2024\/06\/24-07_2_Fassade_K-977x1536.jpg 977w, https:\/\/www.pr-neu.de\/newsroom\/wordpress\/wp-content\/uploads\/2024\/06\/24-07_2_Fassade_K-1302x2048.jpg 1302w, https:\/\/www.pr-neu.de\/newsroom\/wordpress\/wp-content\/uploads\/2024\/06\/24-07_2_Fassade_K-70x110.jpg 70w, https:\/\/www.pr-neu.de\/newsroom\/wordpress\/wp-content\/uploads\/2024\/06\/24-07_2_Fassade_K-267x420.jpg 267w, https:\/\/www.pr-neu.de\/newsroom\/wordpress\/wp-content\/uploads\/2024\/06\/24-07_2_Fassade_K-273x430.jpg 273w, https:\/\/www.pr-neu.de\/newsroom\/wordpress\/wp-content\/uploads\/2024\/06\/24-07_2_Fassade_K.jpg 1526w\" sizes=\"auto, (max-width: 191px) 100vw, 191px\" \/><\/a><\/p>\n<p style=\"text-align: center;\">Die Fassade zeigt das harmonische Zusammenspiel von Putz und Holzschalung.<\/p>\n<p>&nbsp;<\/p>\n<p style=\"text-align: center;\"><a href=\"http:\/\/www.pr-neu.de\/newsroom\/wordpress\/wp-content\/uploads\/2024\/06\/24-07_3_Gutach_K.jpg\"><img loading=\"lazy\" decoding=\"async\" class=\"aligncenter size-medium wp-image-16897\" src=\"http:\/\/www.pr-neu.de\/newsroom\/wordpress\/wp-content\/uploads\/2024\/06\/24-07_3_Gutach_K-300x200.jpg\" alt=\"\" width=\"300\" height=\"200\" srcset=\"https:\/\/www.pr-neu.de\/newsroom\/wordpress\/wp-content\/uploads\/2024\/06\/24-07_3_Gutach_K-300x200.jpg 300w, https:\/\/www.pr-neu.de\/newsroom\/wordpress\/wp-content\/uploads\/2024\/06\/24-07_3_Gutach_K-1024x683.jpg 1024w, https:\/\/www.pr-neu.de\/newsroom\/wordpress\/wp-content\/uploads\/2024\/06\/24-07_3_Gutach_K-768x512.jpg 768w, https:\/\/www.pr-neu.de\/newsroom\/wordpress\/wp-content\/uploads\/2024\/06\/24-07_3_Gutach_K-1536x1025.jpg 1536w, https:\/\/www.pr-neu.de\/newsroom\/wordpress\/wp-content\/uploads\/2024\/06\/24-07_3_Gutach_K-2048x1366.jpg 2048w, https:\/\/www.pr-neu.de\/newsroom\/wordpress\/wp-content\/uploads\/2024\/06\/24-07_3_Gutach_K-110x73.jpg 110w, https:\/\/www.pr-neu.de\/newsroom\/wordpress\/wp-content\/uploads\/2024\/06\/24-07_3_Gutach_K-420x280.jpg 420w, https:\/\/www.pr-neu.de\/newsroom\/wordpress\/wp-content\/uploads\/2024\/06\/24-07_3_Gutach_K-645x430.jpg 645w\" sizes=\"auto, (max-width: 300px) 100vw, 300px\" \/><\/a><\/p>\n<p style=\"text-align: center;\"><a href=\"http:\/\/www.pr-neu.de\/newsroom\/wordpress\/wp-content\/uploads\/2024\/06\/24-07_4_Gutach_K.jpg\"><img loading=\"lazy\" decoding=\"async\" class=\"aligncenter size-medium wp-image-16898\" src=\"http:\/\/www.pr-neu.de\/newsroom\/wordpress\/wp-content\/uploads\/2024\/06\/24-07_4_Gutach_K-300x238.jpg\" alt=\"\" width=\"300\" height=\"238\" srcset=\"https:\/\/www.pr-neu.de\/newsroom\/wordpress\/wp-content\/uploads\/2024\/06\/24-07_4_Gutach_K-300x238.jpg 300w, https:\/\/www.pr-neu.de\/newsroom\/wordpress\/wp-content\/uploads\/2024\/06\/24-07_4_Gutach_K-1024x811.jpg 1024w, https:\/\/www.pr-neu.de\/newsroom\/wordpress\/wp-content\/uploads\/2024\/06\/24-07_4_Gutach_K-768x608.jpg 768w, https:\/\/www.pr-neu.de\/newsroom\/wordpress\/wp-content\/uploads\/2024\/06\/24-07_4_Gutach_K-1536x1216.jpg 1536w, https:\/\/www.pr-neu.de\/newsroom\/wordpress\/wp-content\/uploads\/2024\/06\/24-07_4_Gutach_K-2048x1621.jpg 2048w, https:\/\/www.pr-neu.de\/newsroom\/wordpress\/wp-content\/uploads\/2024\/06\/24-07_4_Gutach_K-110x87.jpg 110w, https:\/\/www.pr-neu.de\/newsroom\/wordpress\/wp-content\/uploads\/2024\/06\/24-07_4_Gutach_K-420x333.jpg 420w, https:\/\/www.pr-neu.de\/newsroom\/wordpress\/wp-content\/uploads\/2024\/06\/24-07_4_Gutach_K-543x430.jpg 543w\" sizes=\"auto, (max-width: 300px) 100vw, 300px\" \/><\/a><\/p>\n<p style=\"text-align: center;\">Durch die als Lichtkeil ausgef\u00fchrten Laibungen kommt genug Licht in den Innenraum.<\/p>\n<p>&nbsp;<\/p>\n<p style=\"text-align: center;\"><a href=\"http:\/\/www.pr-neu.de\/newsroom\/wordpress\/wp-content\/uploads\/2024\/06\/24-07_5_Johannes_Wehrle_K.jpg\"><img loading=\"lazy\" decoding=\"async\" class=\"aligncenter size-medium wp-image-16899\" src=\"http:\/\/www.pr-neu.de\/newsroom\/wordpress\/wp-content\/uploads\/2024\/06\/24-07_5_Johannes_Wehrle_K-300x200.jpg\" alt=\"\" width=\"300\" height=\"200\" srcset=\"https:\/\/www.pr-neu.de\/newsroom\/wordpress\/wp-content\/uploads\/2024\/06\/24-07_5_Johannes_Wehrle_K-300x200.jpg 300w, https:\/\/www.pr-neu.de\/newsroom\/wordpress\/wp-content\/uploads\/2024\/06\/24-07_5_Johannes_Wehrle_K-1024x683.jpg 1024w, https:\/\/www.pr-neu.de\/newsroom\/wordpress\/wp-content\/uploads\/2024\/06\/24-07_5_Johannes_Wehrle_K-768x512.jpg 768w, https:\/\/www.pr-neu.de\/newsroom\/wordpress\/wp-content\/uploads\/2024\/06\/24-07_5_Johannes_Wehrle_K-1536x1025.jpg 1536w, https:\/\/www.pr-neu.de\/newsroom\/wordpress\/wp-content\/uploads\/2024\/06\/24-07_5_Johannes_Wehrle_K-2048x1366.jpg 2048w, https:\/\/www.pr-neu.de\/newsroom\/wordpress\/wp-content\/uploads\/2024\/06\/24-07_5_Johannes_Wehrle_K-110x73.jpg 110w, https:\/\/www.pr-neu.de\/newsroom\/wordpress\/wp-content\/uploads\/2024\/06\/24-07_5_Johannes_Wehrle_K-420x280.jpg 420w, https:\/\/www.pr-neu.de\/newsroom\/wordpress\/wp-content\/uploads\/2024\/06\/24-07_5_Johannes_Wehrle_K-645x430.jpg 645w\" sizes=\"auto, (max-width: 300px) 100vw, 300px\" \/><\/a><\/p>\n<p style=\"text-align: center;\">Stuckateurmeister Johannes Wehrle f\u00fchrte die handwerklich anspruchsvollen Arbeiten aus.<\/p>\n<p>&nbsp;<\/p>\n<p style=\"text-align: center;\"><a href=\"http:\/\/www.pr-neu.de\/newsroom\/wordpress\/wp-content\/uploads\/2024\/06\/24-07_6_Hausgeschichte_K.jpg\"><img loading=\"lazy\" decoding=\"async\" class=\"aligncenter size-medium wp-image-16900\" src=\"http:\/\/www.pr-neu.de\/newsroom\/wordpress\/wp-content\/uploads\/2024\/06\/24-07_6_Hausgeschichte_K-225x300.jpg\" alt=\"\" width=\"225\" height=\"300\" srcset=\"https:\/\/www.pr-neu.de\/newsroom\/wordpress\/wp-content\/uploads\/2024\/06\/24-07_6_Hausgeschichte_K-225x300.jpg 225w, https:\/\/www.pr-neu.de\/newsroom\/wordpress\/wp-content\/uploads\/2024\/06\/24-07_6_Hausgeschichte_K-768x1024.jpg 768w, https:\/\/www.pr-neu.de\/newsroom\/wordpress\/wp-content\/uploads\/2024\/06\/24-07_6_Hausgeschichte_K-1152x1536.jpg 1152w, https:\/\/www.pr-neu.de\/newsroom\/wordpress\/wp-content\/uploads\/2024\/06\/24-07_6_Hausgeschichte_K-1536x2048.jpg 1536w, https:\/\/www.pr-neu.de\/newsroom\/wordpress\/wp-content\/uploads\/2024\/06\/24-07_6_Hausgeschichte_K-83x110.jpg 83w, https:\/\/www.pr-neu.de\/newsroom\/wordpress\/wp-content\/uploads\/2024\/06\/24-07_6_Hausgeschichte_K-315x420.jpg 315w, https:\/\/www.pr-neu.de\/newsroom\/wordpress\/wp-content\/uploads\/2024\/06\/24-07_6_Hausgeschichte_K-323x430.jpg 323w, https:\/\/www.pr-neu.de\/newsroom\/wordpress\/wp-content\/uploads\/2024\/06\/24-07_6_Hausgeschichte_K.jpg 1800w\" sizes=\"auto, (max-width: 225px) 100vw, 225px\" \/><\/a><\/p>\n<p style=\"text-align: center;\">Aufnahmen aus den 1970er Jahren zeigen das Geb\u00e4ude vor der Sanierung \u2013 schon damals mit einer Mischfassade.<\/p>\n<p style=\"text-align: center;\"><em>Bilder: Sto SE &amp; Co. KGaA<\/em><\/p>\n<p>&nbsp;<\/p>\n<hr \/>\n<p>&nbsp;<\/p>\n<p>Abdruck honorarfrei, belegexemplar erbeten<\/p>\n","protected":false},"excerpt":{"rendered":"<p>Eine Sanierung, zwei Oberfl\u00e4chen, drei D\u00e4mmstoffe: Dies ist die optimale wie ungew\u00f6hnliche L\u00f6sung f\u00fcr die energetische Instandsetzung eines mehr als 120 Jahre alten Mehrfamilienhauses in Gutach (Breisgau). Je nach baulicher Situation kommen Polystyrol, Mineralwolle oder Phenolharz-Hartschaum zum Einsatz, die Fassade zeigt eine Kombination aus Holz und Putz.<\/p>\n","protected":false},"author":9,"featured_media":16895,"comment_status":"closed","ping_status":"open","sticky":false,"template":"","format":"standard","meta":{"footnotes":""},"categories":[15],"tags":[122,124,187,1575,414,439,504],"class_list":["post-16894","post","type-post","status-publish","format-standard","has-post-thumbnail","hentry","category-sto","tag-dammstoff","tag-dammung","tag-fassade","tag-haus","tag-putz","tag-sanierung","tag-sto-2"],"_links":{"self":[{"href":"https:\/\/www.pr-neu.de\/newsroom\/wp-json\/wp\/v2\/posts\/16894","targetHints":{"allow":["GET"]}}],"collection":[{"href":"https:\/\/www.pr-neu.de\/newsroom\/wp-json\/wp\/v2\/posts"}],"about":[{"href":"https:\/\/www.pr-neu.de\/newsroom\/wp-json\/wp\/v2\/types\/post"}],"author":[{"embeddable":true,"href":"https:\/\/www.pr-neu.de\/newsroom\/wp-json\/wp\/v2\/users\/9"}],"replies":[{"embeddable":true,"href":"https:\/\/www.pr-neu.de\/newsroom\/wp-json\/wp\/v2\/comments?post=16894"}],"version-history":[{"count":5,"href":"https:\/\/www.pr-neu.de\/newsroom\/wp-json\/wp\/v2\/posts\/16894\/revisions"}],"predecessor-version":[{"id":16955,"href":"https:\/\/www.pr-neu.de\/newsroom\/wp-json\/wp\/v2\/posts\/16894\/revisions\/16955"}],"wp:featuredmedia":[{"embeddable":true,"href":"https:\/\/www.pr-neu.de\/newsroom\/wp-json\/wp\/v2\/media\/16895"}],"wp:attachment":[{"href":"https:\/\/www.pr-neu.de\/newsroom\/wp-json\/wp\/v2\/media?parent=16894"}],"wp:term":[{"taxonomy":"category","embeddable":true,"href":"https:\/\/www.pr-neu.de\/newsroom\/wp-json\/wp\/v2\/categories?post=16894"},{"taxonomy":"post_tag","embeddable":true,"href":"https:\/\/www.pr-neu.de\/newsroom\/wp-json\/wp\/v2\/tags?post=16894"}],"curies":[{"name":"wp","href":"https:\/\/api.w.org\/{rel}","templated":true}]}}