{"id":16888,"date":"2024-06-12T11:47:00","date_gmt":"2024-06-12T09:47:00","guid":{"rendered":"https:\/\/www.pr-neu.de\/newsroom\/?p=16888"},"modified":"2024-06-25T10:03:57","modified_gmt":"2024-06-25T08:03:57","slug":"rechteckige-notentwaesserung","status":"publish","type":"post","link":"https:\/\/www.pr-neu.de\/newsroom\/rechteckige-notentwaesserung\/","title":{"rendered":"Rechteckige Notentw\u00e4sserung"},"content":{"rendered":"<p><!--MBNHE--><u><br \/>\nRechteckspeier<\/u><\/p>\n<p>Mit einem rechteckigen Speier l\u00e4sst sich die Notenw\u00e4sserung eines Flachdachs optisch perfekt in moderne Wohnarchitektur integrieren. Gerade der Trend zum Bauhaus-Stil und kubistischer Architektur orientiert sich an Entw\u00fcrfen, bei denen der rechte Winkel dominiert. Runde Speier wirken da wie ein Fremdk\u00f6rper. Der Werkstoff Edelstahl f\u00fcgt sich ebenso harmonisch in den puristischen Baustil ein. Der Entw\u00e4sserungsspezialist Loro (Bad Gandersheim) hat daher den Rechteckspeier in sein Programm eingef\u00fchrt. Das Bauteil gibt es in drei Standardgr\u00f6\u00dfen jeweils mit Klebeflansch. Es ist auf der Baustelle k\u00fcrzbar und kann auch projektbezogen geliefert werden. Edelstahl ist zudem \u00e4u\u00dferst langlebig und kann bei R\u00fcckbau vollst\u00e4ndig recycelt werden. Somit ist der Rechteckspeier auch besonders nachhaltig.<\/p>\n<p>&nbsp;<\/p>\n<hr \/>\n<p>&nbsp;<\/p>\n<p style=\"text-align: center;\"><a href=\"http:\/\/www.pr-neu.de\/newsroom\/wordpress\/wp-content\/uploads\/2024\/06\/24_03_Rechteckspeier_1_K.jpg\"><img loading=\"lazy\" decoding=\"async\" class=\"aligncenter size-medium wp-image-16889\" src=\"http:\/\/www.pr-neu.de\/newsroom\/wordpress\/wp-content\/uploads\/2024\/06\/24_03_Rechteckspeier_1_K-300x225.jpg\" alt=\"\" width=\"300\" height=\"225\" srcset=\"https:\/\/www.pr-neu.de\/newsroom\/wordpress\/wp-content\/uploads\/2024\/06\/24_03_Rechteckspeier_1_K-300x225.jpg 300w, https:\/\/www.pr-neu.de\/newsroom\/wordpress\/wp-content\/uploads\/2024\/06\/24_03_Rechteckspeier_1_K-1024x768.jpg 1024w, https:\/\/www.pr-neu.de\/newsroom\/wordpress\/wp-content\/uploads\/2024\/06\/24_03_Rechteckspeier_1_K-768x576.jpg 768w, https:\/\/www.pr-neu.de\/newsroom\/wordpress\/wp-content\/uploads\/2024\/06\/24_03_Rechteckspeier_1_K-1536x1152.jpg 1536w, https:\/\/www.pr-neu.de\/newsroom\/wordpress\/wp-content\/uploads\/2024\/06\/24_03_Rechteckspeier_1_K-2048x1536.jpg 2048w, https:\/\/www.pr-neu.de\/newsroom\/wordpress\/wp-content\/uploads\/2024\/06\/24_03_Rechteckspeier_1_K-110x83.jpg 110w, https:\/\/www.pr-neu.de\/newsroom\/wordpress\/wp-content\/uploads\/2024\/06\/24_03_Rechteckspeier_1_K-420x315.jpg 420w, https:\/\/www.pr-neu.de\/newsroom\/wordpress\/wp-content\/uploads\/2024\/06\/24_03_Rechteckspeier_1_K-573x430.jpg 573w\" sizes=\"auto, (max-width: 300px) 100vw, 300px\" \/><\/a><\/p>\n<p style=\"text-align: center;\">F\u00fcr moderne Architektur: Der Rechteckspeier setzt Akzente in der Fassade.<\/p>\n<p>&nbsp;<\/p>\n<p style=\"text-align: center;\"><a href=\"http:\/\/www.pr-neu.de\/newsroom\/wordpress\/wp-content\/uploads\/2024\/06\/24_03_Rechteckspeier_2_K.jpg\"><img loading=\"lazy\" decoding=\"async\" class=\"aligncenter size-medium wp-image-16890\" src=\"http:\/\/www.pr-neu.de\/newsroom\/wordpress\/wp-content\/uploads\/2024\/06\/24_03_Rechteckspeier_2_K-300x200.jpg\" alt=\"\" width=\"300\" height=\"200\" srcset=\"https:\/\/www.pr-neu.de\/newsroom\/wordpress\/wp-content\/uploads\/2024\/06\/24_03_Rechteckspeier_2_K-300x200.jpg 300w, https:\/\/www.pr-neu.de\/newsroom\/wordpress\/wp-content\/uploads\/2024\/06\/24_03_Rechteckspeier_2_K-1024x682.jpg 1024w, https:\/\/www.pr-neu.de\/newsroom\/wordpress\/wp-content\/uploads\/2024\/06\/24_03_Rechteckspeier_2_K-768x511.jpg 768w, https:\/\/www.pr-neu.de\/newsroom\/wordpress\/wp-content\/uploads\/2024\/06\/24_03_Rechteckspeier_2_K-1536x1023.jpg 1536w, https:\/\/www.pr-neu.de\/newsroom\/wordpress\/wp-content\/uploads\/2024\/06\/24_03_Rechteckspeier_2_K-2048x1364.jpg 2048w, https:\/\/www.pr-neu.de\/newsroom\/wordpress\/wp-content\/uploads\/2024\/06\/24_03_Rechteckspeier_2_K-110x73.jpg 110w, https:\/\/www.pr-neu.de\/newsroom\/wordpress\/wp-content\/uploads\/2024\/06\/24_03_Rechteckspeier_2_K-420x280.jpg 420w, https:\/\/www.pr-neu.de\/newsroom\/wordpress\/wp-content\/uploads\/2024\/06\/24_03_Rechteckspeier_2_K-646x430.jpg 646w\" sizes=\"auto, (max-width: 300px) 100vw, 300px\" \/><\/a><\/p>\n<p style=\"text-align: center;\">Mit dem bauseits abkantbaren Klebeflansch ist der Einbau des Speiers h\u00f6henvariabel in der Attika m\u00f6glich.<\/p>\n<p style=\"text-align: center;\">Bilder: Loro<\/p>\n<p>&nbsp;<\/p>\n<hr \/>\n<p>&nbsp;<\/p>\n<p>Abdruck honorarfrei, Belegexemplar erbeten<\/p>\n","protected":false},"excerpt":{"rendered":"<p>Mit einem rechteckigen Speier l\u00e4sst sich die Notenw\u00e4sserung eines Flachdachs optisch perfekt in moderne Wohnarchitektur integrieren.<\/p>\n","protected":false},"author":9,"featured_media":16889,"comment_status":"closed","ping_status":"open","sticky":false,"template":"","format":"standard","meta":{"footnotes":""},"categories":[1531],"tags":[1905,1907,1855,3024,1673,1671,1669,2065,354],"class_list":["post-16888","post","type-post","status-publish","format-standard","has-post-thumbnail","hentry","category-loro","tag-abfluss","tag-ablauf","tag-balkon","tag-dachundholz","tag-entwaesserung","tag-flachdach","tag-loro","tag-lorowerk","tag-messe"],"_links":{"self":[{"href":"https:\/\/www.pr-neu.de\/newsroom\/wp-json\/wp\/v2\/posts\/16888","targetHints":{"allow":["GET"]}}],"collection":[{"href":"https:\/\/www.pr-neu.de\/newsroom\/wp-json\/wp\/v2\/posts"}],"about":[{"href":"https:\/\/www.pr-neu.de\/newsroom\/wp-json\/wp\/v2\/types\/post"}],"author":[{"embeddable":true,"href":"https:\/\/www.pr-neu.de\/newsroom\/wp-json\/wp\/v2\/users\/9"}],"replies":[{"embeddable":true,"href":"https:\/\/www.pr-neu.de\/newsroom\/wp-json\/wp\/v2\/comments?post=16888"}],"version-history":[{"count":4,"href":"https:\/\/www.pr-neu.de\/newsroom\/wp-json\/wp\/v2\/posts\/16888\/revisions"}],"predecessor-version":[{"id":16943,"href":"https:\/\/www.pr-neu.de\/newsroom\/wp-json\/wp\/v2\/posts\/16888\/revisions\/16943"}],"wp:featuredmedia":[{"embeddable":true,"href":"https:\/\/www.pr-neu.de\/newsroom\/wp-json\/wp\/v2\/media\/16889"}],"wp:attachment":[{"href":"https:\/\/www.pr-neu.de\/newsroom\/wp-json\/wp\/v2\/media?parent=16888"}],"wp:term":[{"taxonomy":"category","embeddable":true,"href":"https:\/\/www.pr-neu.de\/newsroom\/wp-json\/wp\/v2\/categories?post=16888"},{"taxonomy":"post_tag","embeddable":true,"href":"https:\/\/www.pr-neu.de\/newsroom\/wp-json\/wp\/v2\/tags?post=16888"}],"curies":[{"name":"wp","href":"https:\/\/api.w.org\/{rel}","templated":true}]}}