{"id":16851,"date":"2024-06-11T10:42:06","date_gmt":"2024-06-11T08:42:06","guid":{"rendered":"https:\/\/www.pr-neu.de\/newsroom\/?p=16851"},"modified":"2024-06-12T08:43:22","modified_gmt":"2024-06-12T06:43:22","slug":"repair-ag-am-wilhelm-gymnasium-e-geraete-reparieren-staerkt-bewusstsein-fuer-ressourcenschutz-und-vermeidet-abfaelle","status":"publish","type":"post","link":"https:\/\/www.pr-neu.de\/newsroom\/repair-ag-am-wilhelm-gymnasium-e-geraete-reparieren-staerkt-bewusstsein-fuer-ressourcenschutz-und-vermeidet-abfaelle\/","title":{"rendered":"Repair AG am Wilhelm-Gymnasium: E-Ger\u00e4te reparieren st\u00e4rkt Bewusstsein f\u00fcr Ressourcenschutz und vermeidet Abf\u00e4lle"},"content":{"rendered":"<p><u><br \/>\nVeolia Stiftung spendet 1.000 Euro<\/u><\/p>\n<p><strong>Gemeinsam unter fachkundiger Anleitung Elektroger\u00e4te reparieren oder Fahrr\u00e4der pr\u00fcfen und instandhalten, dabei die Geschicklichkeit schulen, etwas \u00fcber Physik lernen und den M\u00fcllberg schrumpfen: Das alles vereint die \u201eRepairAG\u201c am Wilhelm-Gymnasium (WG). Zugleich steigt das Bewusstsein f\u00fcr Ressourcenschonung und Umweltschutz. Das Projekt findet gerade nach Corona verst\u00e4rkt Zulauf durch die Kinder und Jugendlichen der Schule. Jetzt \u00fcbergab Steffen J\u00fctte als Stiftungspate gemeinsam mit Ina Patricia Rieger und Judith Kraft von der Stadtentw\u00e4sserung Braunschweig GmbH (SEBS) eine 1.000-Euro-Spende der Veolia Stiftung an Silke H\u00fchnlein, die diese Schul-AG ins Leben gerufen hat. \u201eDamit statten wir unsere Reparaturwerkstatt nun noch besser aus mit Material und Werkzeug\u201c, freut sich die Projektleiterin.<\/strong><\/p>\n<p>Reparieren statt wegzuwerfen und neu zu kaufen: Das geht viel h\u00e4ufiger, als oft angenommen. Verbraucher haben darauf sogar einen Rechtsanspruch, den die EU im April 2024 noch einmal konkretisiert und verbindlicher gemacht hat. Wie eine Reparatur tats\u00e4chlich klappt, zeigt die \u201eRepairAG\u201c am Wilhelm-Gymnasium. Hier engagieren sich erfahrene Heim- und Handwerker ehrenamtlich, um den Mitgliedern der AG zu zeigen, was sich wie wieder instand setzen l\u00e4sst. \u201eSeit 2018 reparieren wir alle m\u00f6glichen Gegenst\u00e4nde und verl\u00e4ngern ihre Lebensdauer\u201c, erkl\u00e4rt H\u00fchnlein. Ein Schwerpunkt sind Elektro-Ger\u00e4te, auch defekte Fahrr\u00e4der stehen punktuell auf dem Programm. So werden die AG-Mitglieder und ihre Leiterin zu Vorbildern f\u00fcr Umweltschutz. Dieses Engagement, das zugleich technische Zusammenh\u00e4nge schult, hat auch die Veolia Stiftung \u00fcberzeugt. Sie f\u00f6rdert die AG mit 1000 Euro. Es ist das zehnte Transfer-Projekt von \u201eReparieren macht Schule&#8220; bundesweit, das die Stiftung seit 2019 unterst\u00fctzt. Die Spende \u00fcbergaben Judith Kraft, Gesch\u00e4ftsf\u00fchrerin der Stadtentw\u00e4sserung Braunschweig GmbH, Steffen J\u00fctte als Stiftungspate und Ina Patricia Rieger, beide auch von der SEBS. Die SEBS geh\u00f6rt als Tochterunternehmen von BS Energy zu Veolia.<\/p>\n<p>Reparieren in der Schule ist eine win-win-win-Situation: Die Eigent\u00fcmer haben l\u00e4nger Spa\u00df und Nutzen an ihren Ger\u00e4ten und ersparen sich eine Ersatzinvestition. Die \u201eReparateure\u201c lernen das Instandsetzen und das Arbeiten mit der Hand und dem Werkzeug \u2013 und der dritte Gewinner ist die Umwelt, da Abfall vermieden wird. H\u00fchnlein: \u201eFast nebenbei lernen die Kinder und Jugendlichen noch, wie Physik praktisch angewandt wird.\u201c Mittlerweile ist das Konzept sogar erweitert: Mit der Idee \u201eSch\u00fcler:innen lernen von Sch\u00fcler:innen\u201c sind nun auch Jugendliche der Jahrgangsstufen 8 bis 10 dabei, die Kinder der Klassen 6 und 7 beim Reparieren anzuleiten und zu unterst\u00fctzen. Was repariert wird, sind \u00fcberwiegend Dinge aus der Elternschaft und dem Kollegium, die Reparaturen erfolgen kostenlos \u2013 nur f\u00fcr Ersatzteile f\u00e4llt unter Umst\u00e4nden ein Kostenbeitrag an.<\/p>\n<p><strong>Vorreiter in Sachen Nachhaltigkeit<\/strong><\/p>\n<p>Mit dem Start 2018 z\u00e4hlt die \u201eRepairAG\u201c zu den Vorreitern dieser Projekte. Dank der vielen Ehrenamtlichen sind bereits diverse Aktionen gelaufen: Sicherheits-Check der R\u00e4der der neuen F\u00fcnftkl\u00e4ssler, zahllose Reparaturen unterschiedlichster technischer Ger\u00e4te, Teilnahme am \u201eKlimaContest\u201c der \u201eKlimaHelden\u201c. Nach der Corona-Zwangspause findet die AG l\u00e4ngst wieder viel Zuspruch. \u201eEin beeindruckendes Projekt: Nachhaltig, lehrreich und f\u00fcr ein Miteinander an der Schule und \u00fcber Generationen hinweg\u201c, zeigt sich Stiftungs-Pate Steffen J\u00fctte beeindruckt, \u201eund verbunden mit ganz praktischer Arbeit \u2013 das unterst\u00fctzen wir voller \u00dcberzeugung.\u201c J\u00fctte ist Elektroniker und hat sich zum Techniker f\u00fcr Elektrotechnik weitergebildet. Er wei\u00df, dass es sich lohnt, schon fr\u00fch erste Ber\u00fchrungen zu technischen T\u00e4tigkeiten zu bekommen: \u201eEs ist wichtig, Interesse schon in fr\u00fchen Jahren zu unterst\u00fctzen. So kann mit Freude Erfahrung im Austausch gesammelt werden!&#8220;. Zur \u00dcbergabe einer Stiftungs-Spende finden sich stets Paten, die eine besondere N\u00e4he zum Spendenzweck haben. So kommt eine Spende \u201erichtig gut an\u201c, meint J\u00fctte.<\/p>\n<p>&nbsp;<\/p>\n<hr \/>\n<p>&nbsp;<\/p>\n<p>Beispiele f\u00fcr Erhaltungs-Reparaturen:<br \/>\n\u25cf Kaffee-Maschine<br \/>\n\u25cf Entsafter<br \/>\n\u25cf Handr\u00fchrger\u00e4t<br \/>\n\u25cf Radio<br \/>\n\u25cf Bewegungsmelder<br \/>\n\u25cf Haartrockner<br \/>\n\u25cf Laptop-Tastatur<br \/>\n\u25cf Stirnlampe<br \/>\n\u25cf B\u00fcgeleisen<br \/>\n\u25cf Waffeleisen<br \/>\n\u25cf Solarlampen<\/p>\n<p>&nbsp;<\/p>\n<hr \/>\n<p>&nbsp;<\/p>\n<p><a href=\"http:\/\/www.pr-neu.de\/newsroom\/wordpress\/wp-content\/uploads\/2024\/06\/24_04_Gruppe_K.jpg\" target=\"_blank\" rel=\"noopener\"><img loading=\"lazy\" decoding=\"async\" class=\"aligncenter wp-image-16853 size-medium\" src=\"http:\/\/www.pr-neu.de\/newsroom\/wordpress\/wp-content\/uploads\/2024\/06\/24_04_Gruppe_K-300x195.jpg\" alt=\"Steffen J\u00fctte (SEBS, 2. V. l. und Stiftungspate), Judith Kraft (4. v. l., Gesch\u00e4ftsf\u00fchrerin SEBS) und Ina Patricia Rieger (\u00d6ffentlichkeitsarbeit SEBS) \u00fcbergaben im Namen der Veolia Stiftung 1.000 Euro an das Projekt \u201eRepair AG\u201c am Braunschweiger Wilhelm-Gymnasium.\" width=\"300\" height=\"195\" srcset=\"https:\/\/www.pr-neu.de\/newsroom\/wordpress\/wp-content\/uploads\/2024\/06\/24_04_Gruppe_K-300x195.jpg 300w, https:\/\/www.pr-neu.de\/newsroom\/wordpress\/wp-content\/uploads\/2024\/06\/24_04_Gruppe_K-1024x665.jpg 1024w, https:\/\/www.pr-neu.de\/newsroom\/wordpress\/wp-content\/uploads\/2024\/06\/24_04_Gruppe_K-768x499.jpg 768w, https:\/\/www.pr-neu.de\/newsroom\/wordpress\/wp-content\/uploads\/2024\/06\/24_04_Gruppe_K-1536x997.jpg 1536w, https:\/\/www.pr-neu.de\/newsroom\/wordpress\/wp-content\/uploads\/2024\/06\/24_04_Gruppe_K-2048x1329.jpg 2048w, https:\/\/www.pr-neu.de\/newsroom\/wordpress\/wp-content\/uploads\/2024\/06\/24_04_Gruppe_K-110x71.jpg 110w, https:\/\/www.pr-neu.de\/newsroom\/wordpress\/wp-content\/uploads\/2024\/06\/24_04_Gruppe_K-420x273.jpg 420w, https:\/\/www.pr-neu.de\/newsroom\/wordpress\/wp-content\/uploads\/2024\/06\/24_04_Gruppe_K-662x430.jpg 662w\" sizes=\"auto, (max-width: 300px) 100vw, 300px\" \/><\/a><\/p>\n<p style=\"text-align: center;\">Steffen J\u00fctte (SEBS, 2. V. l. und Stiftungspate), Judith Kraft (4. v. l., Gesch\u00e4ftsf\u00fchrerin SEBS) und Ina Patricia Rieger (\u00d6ffentlichkeitsarbeit SEBS) \u00fcbergaben im Namen der Veolia Stiftung 1.000 Euro an das Projekt \u201eRepair AG\u201c am Braunschweiger Wilhelm-Gymnasium.<br \/>\nBild: Sierigk \/ SEBS<\/p>\n<p>&nbsp;<\/p>\n<p><a href=\"http:\/\/www.pr-neu.de\/newsroom\/wordpress\/wp-content\/uploads\/2024\/06\/24_04_Reparatur_K.jpg\" target=\"_blank\" rel=\"noopener\"><img loading=\"lazy\" decoding=\"async\" class=\"aligncenter wp-image-16852 size-medium\" src=\"http:\/\/www.pr-neu.de\/newsroom\/wordpress\/wp-content\/uploads\/2024\/06\/24_04_Reparatur_K-300x190.jpg\" alt=\"Wenn alles wieder zusammengeschraubt ist , war nicht nur die Arbeit ein Spa\u00df \u2013 dann steht auch vormals defektes Spielzeug wieder zum Spa\u00df bereit.\" width=\"300\" height=\"190\" srcset=\"https:\/\/www.pr-neu.de\/newsroom\/wordpress\/wp-content\/uploads\/2024\/06\/24_04_Reparatur_K-300x190.jpg 300w, https:\/\/www.pr-neu.de\/newsroom\/wordpress\/wp-content\/uploads\/2024\/06\/24_04_Reparatur_K-1024x650.jpg 1024w, https:\/\/www.pr-neu.de\/newsroom\/wordpress\/wp-content\/uploads\/2024\/06\/24_04_Reparatur_K-768x487.jpg 768w, https:\/\/www.pr-neu.de\/newsroom\/wordpress\/wp-content\/uploads\/2024\/06\/24_04_Reparatur_K-1536x975.jpg 1536w, https:\/\/www.pr-neu.de\/newsroom\/wordpress\/wp-content\/uploads\/2024\/06\/24_04_Reparatur_K-2048x1300.jpg 2048w, https:\/\/www.pr-neu.de\/newsroom\/wordpress\/wp-content\/uploads\/2024\/06\/24_04_Reparatur_K-110x70.jpg 110w, https:\/\/www.pr-neu.de\/newsroom\/wordpress\/wp-content\/uploads\/2024\/06\/24_04_Reparatur_K-420x267.jpg 420w, https:\/\/www.pr-neu.de\/newsroom\/wordpress\/wp-content\/uploads\/2024\/06\/24_04_Reparatur_K-678x430.jpg 678w\" sizes=\"auto, (max-width: 300px) 100vw, 300px\" \/><\/a><\/p>\n<p style=\"text-align: center;\">Wenn alles wieder zusammengeschraubt ist, war nicht nur die Arbeit ein Spa\u00df \u2013 dann steht auch vormals defektes Spielzeug wieder zum Spa\u00df bereit.<br \/>\nBild: Sierigk \/ SEBS<\/p>\n<p>&nbsp;<\/p>\n<hr \/>\n<p>&nbsp;<\/p>\n<p><strong>Die Veolia Stiftung<\/strong><br \/>\nDie Veolia Stiftung unterst\u00fctzt gemeinn\u00fctzige Initiativen, die einen nachhaltigen Beitrag zum Schutz von Wasserressourcen, zur Steigerung der Energieeffizienz und zur St\u00e4rkung der Kreislaufwirtschaft leisten. Jedes F\u00f6rderprojekt der Veolia Stiftung wird von einem Besch\u00e4ftigten der Veolia Gruppe in einer Patenschaft \u00fcbernommen und pers\u00f6nlich begleitet.<\/p>\n<p><strong>Stadtentw\u00e4sserung Braunschweig GmbH<\/strong><br \/>\nSeit 2006 geh\u00f6rt die Stadtentw\u00e4sserung Braunschweig GmbH zur BS|Energy Gruppe und ist der Abwasserdienstleister f\u00fcr Braunschweig sowie die Region.<\/p>\n<p>&nbsp;<\/p>\n<hr \/>\n<p>&nbsp;<\/p>\n<p>Abdruck honorarfrei, Belegexemplar erbeten<\/p>\n","protected":false},"excerpt":{"rendered":"<p>Gemeinsam unter fachkundiger Anleitung Elektroger\u00e4te reparieren oder Fahrr\u00e4der pr\u00fcfen und instandhalten, dabei die Geschicklichkeit schulen, etwas \u00fcber Physik lernen und den M\u00fcllberg schrumpfen: Das alles vereint die \u201eRepairAG\u201c am Wilhelm-Gymnasium (WG). Zugleich steigt das Bewusstsein f\u00fcr Ressourcenschonung und Umweltschutz.<\/p>\n","protected":false},"author":9,"featured_media":16853,"comment_status":"closed","ping_status":"open","sticky":false,"template":"","format":"standard","meta":{"footnotes":""},"categories":[1517],"tags":[1557,367,3022,454,1563,1825,1601,3020,1833],"class_list":["post-16851","post","type-post","status-publish","format-standard","has-post-thumbnail","hentry","category-sebs","tag-braunschweig","tag-nachhaltigkeit","tag-reparieren","tag-schule","tag-se-bs","tag-spende","tag-stadtentwaesserung","tag-stiftung","tag-veolia"],"_links":{"self":[{"href":"https:\/\/www.pr-neu.de\/newsroom\/wp-json\/wp\/v2\/posts\/16851","targetHints":{"allow":["GET"]}}],"collection":[{"href":"https:\/\/www.pr-neu.de\/newsroom\/wp-json\/wp\/v2\/posts"}],"about":[{"href":"https:\/\/www.pr-neu.de\/newsroom\/wp-json\/wp\/v2\/types\/post"}],"author":[{"embeddable":true,"href":"https:\/\/www.pr-neu.de\/newsroom\/wp-json\/wp\/v2\/users\/9"}],"replies":[{"embeddable":true,"href":"https:\/\/www.pr-neu.de\/newsroom\/wp-json\/wp\/v2\/comments?post=16851"}],"version-history":[{"count":2,"href":"https:\/\/www.pr-neu.de\/newsroom\/wp-json\/wp\/v2\/posts\/16851\/revisions"}],"predecessor-version":[{"id":16855,"href":"https:\/\/www.pr-neu.de\/newsroom\/wp-json\/wp\/v2\/posts\/16851\/revisions\/16855"}],"wp:featuredmedia":[{"embeddable":true,"href":"https:\/\/www.pr-neu.de\/newsroom\/wp-json\/wp\/v2\/media\/16853"}],"wp:attachment":[{"href":"https:\/\/www.pr-neu.de\/newsroom\/wp-json\/wp\/v2\/media?parent=16851"}],"wp:term":[{"taxonomy":"category","embeddable":true,"href":"https:\/\/www.pr-neu.de\/newsroom\/wp-json\/wp\/v2\/categories?post=16851"},{"taxonomy":"post_tag","embeddable":true,"href":"https:\/\/www.pr-neu.de\/newsroom\/wp-json\/wp\/v2\/tags?post=16851"}],"curies":[{"name":"wp","href":"https:\/\/api.w.org\/{rel}","templated":true}]}}