{"id":16816,"date":"2024-06-04T08:00:27","date_gmt":"2024-06-04T06:00:27","guid":{"rendered":"https:\/\/www.pr-neu.de\/newsroom\/?p=16816"},"modified":"2024-05-28T09:58:14","modified_gmt":"2024-05-28T07:58:14","slug":"oker-wird-abgesenkt-3","status":"publish","type":"post","link":"https:\/\/www.pr-neu.de\/newsroom\/oker-wird-abgesenkt-3\/","title":{"rendered":"Oker wird abgesenkt"},"content":{"rendered":"<p><u><br \/>\nVor der Modernisierung der Ferdinandbr\u00fccke<\/u><\/p>\n<p>Am 10. Juni senkt die Stadtentw\u00e4sserung Braunschweig GmbH (SEBS) abends den Wasserspiegel der Oker ab. Nach der Kontrolle einer Regenwassereinleitung unter der Ferdinandbr\u00fccke am 11. Juni wird die Oker wieder angestaut, ab dem 12. Juni ist das Normalniveau voraussichtlich wieder erreicht.<\/p>\n<p>F\u00fcr eine Bauvoruntersuchung unter der Ferdinandbr\u00fccke ist es notwendig, die Oker abzusenken. Nur so ist es m\u00f6glich, eine Regenwassereinleitung aus dem Jahr 1890 zu kontrollieren, die im Normalfall unterhalb des Wasserspiegels liegt. Die Br\u00fccke soll im kommenden Jahr saniert werden. Diese Untersuchung findet am 11. Juni statt, das Absenken der innerst\u00e4dtischen Umflut \u00fcber die Innenstadtwehre beginnt bereits am Abend des 10. Juni. Nach den Arbeiten an der Br\u00fccke wird die Oker wieder angestaut, sodass sie bis zum 12. Juni wieder den Normalstand erreicht. Das Vorgehen ist mit der Unteren Wasserbeh\u00f6rde und der Naturschutzbeh\u00f6rde abgestimmt und genehmigt. Die rund 125 Jahre alte Ferdinandbr\u00fccke z\u00e4hlt zu den sch\u00f6nsten Innenstadtbr\u00fccken und verbindet die Wallpromenade (Wilhelmitorwall) mit der Sophienstra\u00dfe.<\/p>\n<p>&nbsp;<\/p>\n<hr \/>\n<p>&nbsp;<\/p>\n<p>Abdruck honorarfrei, Belegexemplar erbeten<\/p>\n","protected":false},"excerpt":{"rendered":"<p>Vor der Modernisierung der Ferdinandbr\u00fccke Am 10. Juni senkt die Stadtentw\u00e4sserung Braunschweig GmbH (SEBS) abends den Wasserspiegel der Oker ab. Nach der Kontrolle einer Regenwassereinleitung unter der Ferdinandbr\u00fccke am 11. Juni wird die Oker wieder angestaut, ab dem 12. Juni ist das Normalniveau voraussichtlich wieder erreicht. F\u00fcr eine Bauvoruntersuchung unter der Ferdinandbr\u00fccke ist es notwendig, [&hellip;]<\/p>\n","protected":false},"author":9,"featured_media":8697,"comment_status":"closed","ping_status":"open","sticky":false,"template":"","format":"standard","meta":{"footnotes":""},"categories":[1517],"tags":[2121,1557,3004,1607,1563,1601,3002],"class_list":["post-16816","post","type-post","status-publish","format-standard","has-post-thumbnail","hentry","category-sebs","tag-absenkung","tag-braunschweig","tag-ferdinandbruecke","tag-oker","tag-se-bs","tag-stadtentwaesserung","tag-wasserspiegel"],"_links":{"self":[{"href":"https:\/\/www.pr-neu.de\/newsroom\/wp-json\/wp\/v2\/posts\/16816","targetHints":{"allow":["GET"]}}],"collection":[{"href":"https:\/\/www.pr-neu.de\/newsroom\/wp-json\/wp\/v2\/posts"}],"about":[{"href":"https:\/\/www.pr-neu.de\/newsroom\/wp-json\/wp\/v2\/types\/post"}],"author":[{"embeddable":true,"href":"https:\/\/www.pr-neu.de\/newsroom\/wp-json\/wp\/v2\/users\/9"}],"replies":[{"embeddable":true,"href":"https:\/\/www.pr-neu.de\/newsroom\/wp-json\/wp\/v2\/comments?post=16816"}],"version-history":[{"count":3,"href":"https:\/\/www.pr-neu.de\/newsroom\/wp-json\/wp\/v2\/posts\/16816\/revisions"}],"predecessor-version":[{"id":16823,"href":"https:\/\/www.pr-neu.de\/newsroom\/wp-json\/wp\/v2\/posts\/16816\/revisions\/16823"}],"wp:featuredmedia":[{"embeddable":true,"href":"https:\/\/www.pr-neu.de\/newsroom\/wp-json\/wp\/v2\/media\/8697"}],"wp:attachment":[{"href":"https:\/\/www.pr-neu.de\/newsroom\/wp-json\/wp\/v2\/media?parent=16816"}],"wp:term":[{"taxonomy":"category","embeddable":true,"href":"https:\/\/www.pr-neu.de\/newsroom\/wp-json\/wp\/v2\/categories?post=16816"},{"taxonomy":"post_tag","embeddable":true,"href":"https:\/\/www.pr-neu.de\/newsroom\/wp-json\/wp\/v2\/tags?post=16816"}],"curies":[{"name":"wp","href":"https:\/\/api.w.org\/{rel}","templated":true}]}}