{"id":16805,"date":"2024-06-03T08:00:46","date_gmt":"2024-06-03T06:00:46","guid":{"rendered":"https:\/\/www.pr-neu.de\/newsroom\/?p=16805"},"modified":"2024-05-27T16:55:50","modified_gmt":"2024-05-27T14:55:50","slug":"nach-dem-vorbild-der-natur","status":"publish","type":"post","link":"https:\/\/www.pr-neu.de\/newsroom\/nach-dem-vorbild-der-natur\/","title":{"rendered":"Nach dem Vorbild der Natur"},"content":{"rendered":"<p>&nbsp;<\/p>\n<p><u>Sto: Innenraumfarbenkollektion Interior Colors 24+<\/u><\/p>\n<p><strong>Die Farbt\u00f6ne der neuen Kollektion Interior Colors 24+ erm\u00f6glichen die \u00dcbertragung von 50 in der Natur vorkommenden Farbnuancen auf moderne Innenraum-beschichtungen. Sie verstr\u00f6men Behaglichkeit und korrespondieren perfekt mit dem Trend zu m\u00f6glichst naturnahen Baumaterialien.<\/strong><\/p>\n<p>Mit unterschiedlichen Farbstoffen versch\u00f6nern Menschen schon seit Jahrtausenden Fasern, Gebrauchsgegenst\u00e4nde und Geb\u00e4ude. Urspr\u00fcnglich dienten Pflanzen, Tiere und Mineralien als Ausgangsstoffe f\u00fcr die unterschiedlichen Farbt\u00f6ne. Doch vor allem die organischen Grundlagen des F\u00e4rbens wurden im Zuge der Industrialisierung durch synthetische Stoffe ersetzt.<\/p>\n<p>Die Experten des StoDesign-Teams haben sich den Erhalt der urspr\u00fcnglich nat\u00fcrlichen Farbnuancen zum Ziel gesetzt und das auf Bautenbeschichtungen spezialisierte StoColor System um die Kollektion \u201eInterior Colors 24+\u201c erg\u00e4nzt. Sie umfasst 50 Farbt\u00f6ne f\u00fcr Innenwandfarben, die perfekt mit dem Trend zu m\u00f6glichst naturnahen Innenraumprodukten harmonieren.<\/p>\n<p>35 T\u00f6ne der neuen Kollektion wurden direkt von traditionell aufbereiteten Farbstoffen abgenommen: Als Grundlagen dienten unter anderem Ausz\u00fcge aus Holunderbeeren, Kurkuma-Wurzeln oder Zwiebelschalen. Die restlichen 15 T\u00f6ne wurden assoziativ abgeleitet; beispielsweise von Vanillebl\u00fcten. Eine handliche Box mit DIN A6-Mustern versammelt die neuen \u2013 und zugleich uralten \u2013 Farbnuancen. Begleitend erstellte 3D-Visualisierungen machen Vorschl\u00e4ge, wie die nat\u00fcrlichen T\u00f6ne kombiniert und auf unterschiedlichen Baumaterialien eingesetzt werden k\u00f6nnen.<\/p>\n<p>&nbsp;<\/p>\n<hr \/>\n<p>&nbsp;<\/p>\n<p>K A S T E N<br \/>\n<strong>Das StoColor System<\/strong> wurde 2022 auf der Basis der metrischen Farbsystematik entwickelt. Es enth\u00e4lt mehr als 1000 Farbt\u00f6ne f\u00fcr Fassaden plus 225 Nuancen f\u00fcr den Innenraum. Hinzu kommen mehr als 200 Lackt\u00f6ne, 38 Holzlasurt\u00f6ne und 72 historisch bedeutsame Farbt\u00f6ne, \u00fcberwiegend nat\u00fcrliche Erdfarben beziehungsweise Pigmente. 2024 kamen nun die 50 nat\u00fcrlichen Pflanzenfarbt\u00f6ne hinzu. stocolorsystem.de<\/p>\n<p>&nbsp;<\/p>\n<hr \/>\n<p>&nbsp;<\/p>\n<p style=\"text-align: center;\"><a href=\"http:\/\/www.pr-neu.de\/newsroom\/wordpress\/wp-content\/uploads\/2024\/05\/24_11_Naturfarbtoene_K.jpg\" target=\"_blank\" rel=\"noopener\"><img loading=\"lazy\" decoding=\"async\" class=\"aligncenter wp-image-16808 size-medium\" src=\"http:\/\/www.pr-neu.de\/newsroom\/wordpress\/wp-content\/uploads\/2024\/05\/24_11_Naturfarbtoene_K-300x168.jpg\" alt=\"\" width=\"300\" height=\"168\" srcset=\"https:\/\/www.pr-neu.de\/newsroom\/wordpress\/wp-content\/uploads\/2024\/05\/24_11_Naturfarbtoene_K-300x168.jpg 300w, https:\/\/www.pr-neu.de\/newsroom\/wordpress\/wp-content\/uploads\/2024\/05\/24_11_Naturfarbtoene_K-1024x574.jpg 1024w, https:\/\/www.pr-neu.de\/newsroom\/wordpress\/wp-content\/uploads\/2024\/05\/24_11_Naturfarbtoene_K-768x430.jpg 768w, https:\/\/www.pr-neu.de\/newsroom\/wordpress\/wp-content\/uploads\/2024\/05\/24_11_Naturfarbtoene_K-1536x861.jpg 1536w, https:\/\/www.pr-neu.de\/newsroom\/wordpress\/wp-content\/uploads\/2024\/05\/24_11_Naturfarbtoene_K-2048x1148.jpg 2048w, https:\/\/www.pr-neu.de\/newsroom\/wordpress\/wp-content\/uploads\/2024\/05\/24_11_Naturfarbtoene_K-110x62.jpg 110w, https:\/\/www.pr-neu.de\/newsroom\/wordpress\/wp-content\/uploads\/2024\/05\/24_11_Naturfarbtoene_K-420x235.jpg 420w, https:\/\/www.pr-neu.de\/newsroom\/wordpress\/wp-content\/uploads\/2024\/05\/24_11_Naturfarbtoene_K-248x138.jpg 248w, https:\/\/www.pr-neu.de\/newsroom\/wordpress\/wp-content\/uploads\/2024\/05\/24_11_Naturfarbtoene_K-770x430.jpg 770w, https:\/\/www.pr-neu.de\/newsroom\/wordpress\/wp-content\/uploads\/2024\/05\/24_11_Naturfarbtoene_K-767x430.jpg 767w\" sizes=\"auto, (max-width: 300px) 100vw, 300px\" \/><\/a>Gelb wie Safran, Gr\u00fcn wie Salbei, Rot wie Klatschmohn: Bl\u00fcten, Bl\u00e4tter, Fr\u00fcchte und Wurzeln inspirierten das Team von StoDesign zur neuen Kollektion \u201eInterior Colors 24+\u201c, die das StoColor System um 50 Naturfarbt\u00f6ne aus der Flora erweitert. Aus den roten Narben dieser Bl\u00fcten wird beispielsweise Safran gewonnen \u2013 und war Vorlage f\u00fcr einen der neuen Farbt\u00f6ne.<\/p>\n<p style=\"text-align: center;\">Foto: Adobe Stock \/ Suleyman \/ Sto SE &amp; Co. KGaA<\/p>\n<p>&nbsp;<\/p>\n<p style=\"text-align: center;\"><a href=\"http:\/\/www.pr-neu.de\/newsroom\/wordpress\/wp-content\/uploads\/2024\/05\/24_11_Wohlfuehl-Wohnklima_K.jpg\" target=\"_blank\" rel=\"noopener\"><img loading=\"lazy\" decoding=\"async\" class=\"aligncenter wp-image-16807 size-medium\" src=\"http:\/\/www.pr-neu.de\/newsroom\/wordpress\/wp-content\/uploads\/2024\/05\/24_11_Wohlfuehl-Wohnklima_K-300x201.jpg\" alt=\"\" width=\"300\" height=\"201\" srcset=\"https:\/\/www.pr-neu.de\/newsroom\/wordpress\/wp-content\/uploads\/2024\/05\/24_11_Wohlfuehl-Wohnklima_K-300x201.jpg 300w, https:\/\/www.pr-neu.de\/newsroom\/wordpress\/wp-content\/uploads\/2024\/05\/24_11_Wohlfuehl-Wohnklima_K-1024x685.jpg 1024w, https:\/\/www.pr-neu.de\/newsroom\/wordpress\/wp-content\/uploads\/2024\/05\/24_11_Wohlfuehl-Wohnklima_K-768x514.jpg 768w, https:\/\/www.pr-neu.de\/newsroom\/wordpress\/wp-content\/uploads\/2024\/05\/24_11_Wohlfuehl-Wohnklima_K-1536x1027.jpg 1536w, https:\/\/www.pr-neu.de\/newsroom\/wordpress\/wp-content\/uploads\/2024\/05\/24_11_Wohlfuehl-Wohnklima_K-2048x1370.jpg 2048w, https:\/\/www.pr-neu.de\/newsroom\/wordpress\/wp-content\/uploads\/2024\/05\/24_11_Wohlfuehl-Wohnklima_K-110x74.jpg 110w, https:\/\/www.pr-neu.de\/newsroom\/wordpress\/wp-content\/uploads\/2024\/05\/24_11_Wohlfuehl-Wohnklima_K-420x281.jpg 420w, https:\/\/www.pr-neu.de\/newsroom\/wordpress\/wp-content\/uploads\/2024\/05\/24_11_Wohlfuehl-Wohnklima_K-643x430.jpg 643w\" sizes=\"auto, (max-width: 300px) 100vw, 300px\" \/><\/a>Immer mehr Bauherren achten bei ihrer Raumgestaltung auf mehr als nur \u201esch\u00f6ne\u201c R\u00e4ume. Mit \u00f6kologischen, nat\u00fcrlichen Materialien m\u00f6chten sie ein behagliches und gesundes Wohnklima schaffen. Dieses Beispiel zeigt, wie es geht: Eine Kombination der Farbt\u00f6ne Hemp Fallow (Deckenfl\u00e4che), Dried Laurel und Aubergine schafft eine elegante und entspannende Atmosph\u00e4re im Schlafzimmer.<\/p>\n<p style=\"text-align: center;\">Bild: Sto SE &amp; Co. KGaA<\/p>\n<p>&nbsp;<\/p>\n<p style=\"text-align: center;\"><a href=\"http:\/\/www.pr-neu.de\/newsroom\/wordpress\/wp-content\/uploads\/2024\/05\/24_11_Musterbox_K.jpg\" target=\"_blank\" rel=\"noopener\"><img loading=\"lazy\" decoding=\"async\" class=\"aligncenter wp-image-16806 size-medium\" src=\"http:\/\/www.pr-neu.de\/newsroom\/wordpress\/wp-content\/uploads\/2024\/05\/24_11_Musterbox_K-300x192.jpg\" alt=\"\" width=\"300\" height=\"192\" srcset=\"https:\/\/www.pr-neu.de\/newsroom\/wordpress\/wp-content\/uploads\/2024\/05\/24_11_Musterbox_K-300x192.jpg 300w, https:\/\/www.pr-neu.de\/newsroom\/wordpress\/wp-content\/uploads\/2024\/05\/24_11_Musterbox_K-1024x657.jpg 1024w, https:\/\/www.pr-neu.de\/newsroom\/wordpress\/wp-content\/uploads\/2024\/05\/24_11_Musterbox_K-768x492.jpg 768w, https:\/\/www.pr-neu.de\/newsroom\/wordpress\/wp-content\/uploads\/2024\/05\/24_11_Musterbox_K-1536x985.jpg 1536w, https:\/\/www.pr-neu.de\/newsroom\/wordpress\/wp-content\/uploads\/2024\/05\/24_11_Musterbox_K-2048x1313.jpg 2048w, https:\/\/www.pr-neu.de\/newsroom\/wordpress\/wp-content\/uploads\/2024\/05\/24_11_Musterbox_K-110x71.jpg 110w, https:\/\/www.pr-neu.de\/newsroom\/wordpress\/wp-content\/uploads\/2024\/05\/24_11_Musterbox_K-420x269.jpg 420w, https:\/\/www.pr-neu.de\/newsroom\/wordpress\/wp-content\/uploads\/2024\/05\/24_11_Musterbox_K-671x430.jpg 671w\" sizes=\"auto, (max-width: 300px) 100vw, 300px\" \/><\/a>Mehr als Beispiele: Die A6-Musterbox zeigt neben den 50 Naturt\u00f6nen auch ausgesuchte Beispiele f\u00fcr die Farbton-Kombination: Harmonisch ausgew\u00e4hlte Zusammenstellungen f\u00fcr Wohn-, Schlaf- und Essr\u00e4ume.<\/p>\n<p style=\"text-align: center;\">Bild: Sto SE &amp; Co. KGaA<\/p>\n<p>&nbsp;<\/p>\n<hr \/>\n<p>Abdruck honorarfrei, Belegexemplar erbeten<\/p>\n","protected":false},"excerpt":{"rendered":"<p>(Architektur-Meldung)<br \/>\nDie Farbt\u00f6ne der neuen Kollektion Interior Colors 24+ erm\u00f6glichen die \u00dcbertragung von 50 in der Natur vorkommenden Farbnuancen auf moderne Innenraum-beschichtungen. Sie verstr\u00f6men Behaglichkeit und korrespondieren perfekt mit dem Trend zu m\u00f6glichst naturnahen Baumaterialien.<\/p>\n","protected":false},"author":9,"featured_media":16808,"comment_status":"closed","ping_status":"open","sticky":false,"template":"","format":"standard","meta":{"footnotes":""},"categories":[15],"tags":[180,2940,186,2944,2107,504],"class_list":["post-16805","post","type-post","status-publish","format-standard","has-post-thumbnail","hentry","category-sto","tag-farbe","tag-farbton","tag-farbtone","tag-flora","tag-natur","tag-sto-2"],"_links":{"self":[{"href":"https:\/\/www.pr-neu.de\/newsroom\/wp-json\/wp\/v2\/posts\/16805","targetHints":{"allow":["GET"]}}],"collection":[{"href":"https:\/\/www.pr-neu.de\/newsroom\/wp-json\/wp\/v2\/posts"}],"about":[{"href":"https:\/\/www.pr-neu.de\/newsroom\/wp-json\/wp\/v2\/types\/post"}],"author":[{"embeddable":true,"href":"https:\/\/www.pr-neu.de\/newsroom\/wp-json\/wp\/v2\/users\/9"}],"replies":[{"embeddable":true,"href":"https:\/\/www.pr-neu.de\/newsroom\/wp-json\/wp\/v2\/comments?post=16805"}],"version-history":[{"count":3,"href":"https:\/\/www.pr-neu.de\/newsroom\/wp-json\/wp\/v2\/posts\/16805\/revisions"}],"predecessor-version":[{"id":16813,"href":"https:\/\/www.pr-neu.de\/newsroom\/wp-json\/wp\/v2\/posts\/16805\/revisions\/16813"}],"wp:featuredmedia":[{"embeddable":true,"href":"https:\/\/www.pr-neu.de\/newsroom\/wp-json\/wp\/v2\/media\/16808"}],"wp:attachment":[{"href":"https:\/\/www.pr-neu.de\/newsroom\/wp-json\/wp\/v2\/media?parent=16805"}],"wp:term":[{"taxonomy":"category","embeddable":true,"href":"https:\/\/www.pr-neu.de\/newsroom\/wp-json\/wp\/v2\/categories?post=16805"},{"taxonomy":"post_tag","embeddable":true,"href":"https:\/\/www.pr-neu.de\/newsroom\/wp-json\/wp\/v2\/tags?post=16805"}],"curies":[{"name":"wp","href":"https:\/\/api.w.org\/{rel}","templated":true}]}}