{"id":1680,"date":"2013-01-11T13:46:41","date_gmt":"2013-01-11T13:46:41","guid":{"rendered":"http:\/\/www.pr-nord.de\/newsroom\/?p=1680"},"modified":"2020-05-29T09:35:05","modified_gmt":"2020-05-29T07:35:05","slug":"immer-die-richtige-tr-mit-sicherheit","status":"publish","type":"post","link":"https:\/\/www.pr-neu.de\/newsroom\/immer-die-richtige-tr-mit-sicherheit\/","title":{"rendered":"Immer die richtige T\u00fcr \u2013 mit Sicherheit"},"content":{"rendered":"<table border=\"0\" width=\"520\" cellspacing=\"0\" cellpadding=\"0\">\n<tbody>\n<tr>\n<td><u>Teckentrup zur BAU: Modulares T\u00fcren-Programm<\/u><\/p>\n<p><strong>Immer die richtige T\u00fcr \u2013 mit Sicherheit <\/strong><\/p>\n<p><strong>Einfach gew\u00e4hlt, einfach montiert \u2013 daf\u00fcr steht der neue, modulare Aufbau der T\u00fcrenserie \u201eTeckentrup 62\u201c. Feuerwiderstand, Zusatzqualifikationen, Falzauspr\u00e4gung, Wandtyp, Zargenart und Sonderausstattungen lassen sich nach dem Baukasten-Prinzip frei bestimmen. Trotz unterschiedlicher Funktionen ist dabei eine stets ansichtsgleiche T\u00fcr m\u00f6glich. Die Serie wurde jetzt zur BAU dem Fachpublikum erstmals vorgestellt.<\/strong><\/p>\n<p>\u201eEin T\u00fcrtyp, alle L\u00f6sungen: Die Parameter lassen sich frei bestimmen, der Einbau erfolgt immer nach dem selben Muster\u201c, erkl\u00e4rt Teckentrup-Gesch\u00e4ftsf\u00fchrer Meinolf Funkenmeier den Baukasten-Gedanken, der bei der Entwicklung der Serie \u201eTeckentrup 62\u201c Pate stand. Somit kommt der Zeitvorteil der neuen Zargen-Montage mit wenigen Befestigungspunkten generell zum Tragen. Neu ist der Einbau \u00fcber Rahmenanker, bei dem D\u00fcbel nicht erforderlich sind. Grundelement ist das 62 Millimeter dicke, verzinkte und grundierte T\u00fcrblatt. Die weiteren Eigenschaften k\u00f6nnen einfach bestimmt werden: T30, T60 oder T90 Feuerschutz, Rauchschutz, Einbruch- oder Schallschutz, als D\u00fcnn- oder Dickfalz oder sogar stumpf einschlagend, Eck-, Gegen-, Umfassungs-, oder Blockzarge, Verglasungs-Elemente, RAL-Farbton und mehr. \u201eDas 62er-System ist besonders bei gr\u00f6\u00dferen Objekten ideal, denn der Kunde erh\u00e4lt alle T\u00fcren in gleicher Optik \u2013 unabh\u00e4ngig von der funktionalen Spezifikation\u201c, sagt Funkenmeier.<\/p>\n<p><strong>Nischen besetzt: Schutz vor Einbruch, Schutz vor Ausbruch<\/strong><\/p>\n<p>F\u00fcr spezielle Einsatzbedingungen entwickelt Teckentrup auch weiterhin T\u00fcren, die sich nicht in den modularen Aufbau eingliedern lassen. Zur BAU zeigte das Unternehmen unter anderem neue L\u00f6sungen f\u00fcr den Einbruchschutz. Funkenmeier: &#8222;Bis zur Klasse RC4 gibt es zum Beispiel zweifl\u00fcgelige L\u00f6sungen auch f\u00fcr den Brandschutz.\u201c Noch mehr Schutz bietet die beschusshemmende RC4-T\u00fcr \u2013 diese erf\u00fcllt nun auch Brandschutz bis T30 und Schallschutz bis 45 dB. \u201eSchutz in die andere Richtung bietet die neue Haftraumt\u00fcr, die es jetzt auch mit verschiedenen Kostklappen gibt\u201c, nennt Funkenmeier ein weiteres Nischenprodukt.<\/p>\n<p>Mit einer Reihe designorientierter T\u00fcren (Ganzglas-Feuerschutzt\u00fcr, stumpf einschlagende Feuerschutzt\u00fcr) dokumentierte das Unternehmen seinen Auftritt als Vollanbieter. Umweltprodukt-Deklarationen (EPD) liegen f\u00fcr alle Elemente vor.<\/p>\n<hr noshade=\"noshade\" size=\"1\" \/>\n<table border=\"0\" width=\"100{ab9cb22b1639c68dfef7c1751c9d63405358944ce3964465eb35eb6b5b6beaaa}\" cellspacing=\"0\" cellpadding=\"0\">\n<tbody>\n<tr>\n<td valign=\"top\" width=\"370\"><a href=\"http:\/\/www.pr-neu.de\/newsroom\/wordpress\/wp-content\/uploads\/2013\/01\/12-31_Rahmenanker_G.jpg\"><img loading=\"lazy\" decoding=\"async\" class=\"size-medium wp-image-13382\" src=\"http:\/\/www.pr-neu.de\/newsroom\/wordpress\/wp-content\/uploads\/2013\/01\/12-31_Rahmenanker_G-300x269.jpg\" alt=\"\" width=\"300\" height=\"269\" srcset=\"https:\/\/www.pr-neu.de\/newsroom\/wordpress\/wp-content\/uploads\/2013\/01\/12-31_Rahmenanker_G-300x269.jpg 300w, https:\/\/www.pr-neu.de\/newsroom\/wordpress\/wp-content\/uploads\/2013\/01\/12-31_Rahmenanker_G-1024x919.jpg 1024w, https:\/\/www.pr-neu.de\/newsroom\/wordpress\/wp-content\/uploads\/2013\/01\/12-31_Rahmenanker_G-768x689.jpg 768w, https:\/\/www.pr-neu.de\/newsroom\/wordpress\/wp-content\/uploads\/2013\/01\/12-31_Rahmenanker_G-110x99.jpg 110w, https:\/\/www.pr-neu.de\/newsroom\/wordpress\/wp-content\/uploads\/2013\/01\/12-31_Rahmenanker_G-420x377.jpg 420w, https:\/\/www.pr-neu.de\/newsroom\/wordpress\/wp-content\/uploads\/2013\/01\/12-31_Rahmenanker_G-479x430.jpg 479w, https:\/\/www.pr-neu.de\/newsroom\/wordpress\/wp-content\/uploads\/2013\/01\/12-31_Rahmenanker_G.jpg 1307w\" sizes=\"auto, (max-width: 300px) 100vw, 300px\" \/><\/a><\/td>\n<td>Schnell montiert mit Rahmenanker: Bei dieser Einbauvariante muss der Handwerker nur vorbohren, ein D\u00fcbel ist nicht erforderlich.<\/p>\n<p>Foto: Teckentrup<\/td>\n<\/tr>\n<tr>\n<td valign=\"top\" width=\"370\"><a href=\"http:\/\/www.pr-neu.de\/newsroom\/wordpress\/wp-content\/uploads\/2013\/01\/12-31-Objekt-Tuer-62_G.jpg\"><img loading=\"lazy\" decoding=\"async\" class=\"size-medium wp-image-13383\" src=\"http:\/\/www.pr-neu.de\/newsroom\/wordpress\/wp-content\/uploads\/2013\/01\/12-31-Objekt-Tuer-62_G-300x201.jpg\" alt=\"\" width=\"300\" height=\"201\" srcset=\"https:\/\/www.pr-neu.de\/newsroom\/wordpress\/wp-content\/uploads\/2013\/01\/12-31-Objekt-Tuer-62_G-300x201.jpg 300w, https:\/\/www.pr-neu.de\/newsroom\/wordpress\/wp-content\/uploads\/2013\/01\/12-31-Objekt-Tuer-62_G-1024x687.jpg 1024w, https:\/\/www.pr-neu.de\/newsroom\/wordpress\/wp-content\/uploads\/2013\/01\/12-31-Objekt-Tuer-62_G-768x516.jpg 768w, https:\/\/www.pr-neu.de\/newsroom\/wordpress\/wp-content\/uploads\/2013\/01\/12-31-Objekt-Tuer-62_G-1536x1031.jpg 1536w, https:\/\/www.pr-neu.de\/newsroom\/wordpress\/wp-content\/uploads\/2013\/01\/12-31-Objekt-Tuer-62_G-110x74.jpg 110w, https:\/\/www.pr-neu.de\/newsroom\/wordpress\/wp-content\/uploads\/2013\/01\/12-31-Objekt-Tuer-62_G-420x282.jpg 420w, https:\/\/www.pr-neu.de\/newsroom\/wordpress\/wp-content\/uploads\/2013\/01\/12-31-Objekt-Tuer-62_G-641x430.jpg 641w, https:\/\/www.pr-neu.de\/newsroom\/wordpress\/wp-content\/uploads\/2013\/01\/12-31-Objekt-Tuer-62_G.jpg 1795w\" sizes=\"auto, (max-width: 300px) 100vw, 300px\" \/><\/a><\/td>\n<td>Feuerschutz (T30) mit der Eleganz des stumpfem Einschlags \u2013 nur eine von zahlreichen Varianten des Teckentrup-Baukasten-Systems. Der Clou: Auftraggeber erhalten immer ansichtsgleiche T\u00fcren \u2013 unabh\u00e4ngig von der technischen Definition (insbesondere der Eigenschaften bei Brand-, Rauch-, W\u00e4rme, Einbruchschutz etc.). Damit ist eine einheitliche T\u00fcren-Optik auch in gro\u00dfen Objekten einfach umzusetzen.<\/p>\n<p>Foto: Teckentrup<\/td>\n<\/tr>\n<tr>\n<td valign=\"top\" width=\"370\"><a href=\"http:\/\/www.pr-neu.de\/newsroom\/wordpress\/wp-content\/uploads\/2013\/01\/12-31_Stumpf_grau_G.jpg\"><img loading=\"lazy\" decoding=\"async\" class=\"size-medium wp-image-13384\" src=\"http:\/\/www.pr-neu.de\/newsroom\/wordpress\/wp-content\/uploads\/2013\/01\/12-31_Stumpf_grau_G-300x201.jpg\" alt=\"\" width=\"300\" height=\"201\" srcset=\"https:\/\/www.pr-neu.de\/newsroom\/wordpress\/wp-content\/uploads\/2013\/01\/12-31_Stumpf_grau_G-300x201.jpg 300w, https:\/\/www.pr-neu.de\/newsroom\/wordpress\/wp-content\/uploads\/2013\/01\/12-31_Stumpf_grau_G-1024x687.jpg 1024w, https:\/\/www.pr-neu.de\/newsroom\/wordpress\/wp-content\/uploads\/2013\/01\/12-31_Stumpf_grau_G-768x516.jpg 768w, https:\/\/www.pr-neu.de\/newsroom\/wordpress\/wp-content\/uploads\/2013\/01\/12-31_Stumpf_grau_G-1536x1031.jpg 1536w, https:\/\/www.pr-neu.de\/newsroom\/wordpress\/wp-content\/uploads\/2013\/01\/12-31_Stumpf_grau_G-110x74.jpg 110w, https:\/\/www.pr-neu.de\/newsroom\/wordpress\/wp-content\/uploads\/2013\/01\/12-31_Stumpf_grau_G-420x282.jpg 420w, https:\/\/www.pr-neu.de\/newsroom\/wordpress\/wp-content\/uploads\/2013\/01\/12-31_Stumpf_grau_G-641x430.jpg 641w, https:\/\/www.pr-neu.de\/newsroom\/wordpress\/wp-content\/uploads\/2013\/01\/12-31_Stumpf_grau_G.jpg 1795w\" sizes=\"auto, (max-width: 300px) 100vw, 300px\" \/><\/a><\/td>\n<td>Foto: Teckentrup<\/td>\n<\/tr>\n<\/tbody>\n<\/table>\n<hr noshade=\"noshade\" size=\"1\" \/>\n<p>Abdruck honorarfrei, Belegexemplar erbeten<\/p>\n<p>R\u00fcckfragen beantwortet gern:<\/p>\n<p><strong>Teckentrup<\/strong> GmbH &amp; Co. KG<br \/>\nThomas Moldrickx<br \/>\nTel.: 05246 \/ 5 04-350 \/ Fax: -173<br \/>\nE-Mail: <a href=\"&#109;&#x61;&#x69;l&#116;&#x6f;:&#116;&#x68;o&#109;&#x61;s&#46;&#x6d;&#x6f;&#108;&#x64;&#x72;i&#99;&#x6b;x&#64;&#x74;e&#99;&#x6b;&#x65;&#110;&#x74;&#x72;u&#112;&#x2e;b&#105;&#x7a;\">t&#104;&#x6f;&#x6d;a&#115;&#x2e;&#x6d;o&#108;&#x64;&#x72;i&#99;&#x6b;&#x78;&#64;&#116;&#x65;&#x63;k&#101;&#110;&#x74;&#x72;u&#112;&#x2e;&#x62;i&#122;<\/a><\/td>\n<\/tr>\n<\/tbody>\n<\/table>\n<table border=\"0\" width=\"95{ab9cb22b1639c68dfef7c1751c9d63405358944ce3964465eb35eb6b5b6beaaa}\">\n<tbody>\n<tr>\n<td><!-- AddThis Button BEGIN --><\/td>\n<\/tr>\n<\/tbody>\n<\/table>\n","protected":false},"excerpt":{"rendered":"<p>Teckentrup zur BAU: Modulares T\u00fcren-Programm Immer die richtige T\u00fcr \u2013 mit Sicherheit Einfach gew\u00e4hlt, einfach montiert \u2013 daf\u00fcr steht der neue, modulare Aufbau der T\u00fcrenserie \u201eTeckentrup 62\u201c. Feuerwiderstand, Zusatzqualifikationen, Falzauspr\u00e4gung, Wandtyp, Zargenart und Sonderausstattungen lassen sich nach dem Baukasten-Prinzip frei bestimmen. Trotz unterschiedlicher Funktionen ist dabei eine stets ansichtsgleiche T\u00fcr m\u00f6glich. Die Serie wurde jetzt [&hellip;]<\/p>\n","protected":false},"author":6,"featured_media":0,"comment_status":"closed","ping_status":"open","sticky":false,"template":"","format":"standard","meta":{"footnotes":""},"categories":[3,18],"tags":[],"class_list":["post-1680","post","type-post","status-publish","format-standard","hentry","category-kundenmeldungen","category-teckentrup"],"_links":{"self":[{"href":"https:\/\/www.pr-neu.de\/newsroom\/wp-json\/wp\/v2\/posts\/1680","targetHints":{"allow":["GET"]}}],"collection":[{"href":"https:\/\/www.pr-neu.de\/newsroom\/wp-json\/wp\/v2\/posts"}],"about":[{"href":"https:\/\/www.pr-neu.de\/newsroom\/wp-json\/wp\/v2\/types\/post"}],"author":[{"embeddable":true,"href":"https:\/\/www.pr-neu.de\/newsroom\/wp-json\/wp\/v2\/users\/6"}],"replies":[{"embeddable":true,"href":"https:\/\/www.pr-neu.de\/newsroom\/wp-json\/wp\/v2\/comments?post=1680"}],"version-history":[{"count":4,"href":"https:\/\/www.pr-neu.de\/newsroom\/wp-json\/wp\/v2\/posts\/1680\/revisions"}],"predecessor-version":[{"id":13385,"href":"https:\/\/www.pr-neu.de\/newsroom\/wp-json\/wp\/v2\/posts\/1680\/revisions\/13385"}],"wp:attachment":[{"href":"https:\/\/www.pr-neu.de\/newsroom\/wp-json\/wp\/v2\/media?parent=1680"}],"wp:term":[{"taxonomy":"category","embeddable":true,"href":"https:\/\/www.pr-neu.de\/newsroom\/wp-json\/wp\/v2\/categories?post=1680"},{"taxonomy":"post_tag","embeddable":true,"href":"https:\/\/www.pr-neu.de\/newsroom\/wp-json\/wp\/v2\/tags?post=1680"}],"curies":[{"name":"wp","href":"https:\/\/api.w.org\/{rel}","templated":true}]}}