{"id":16790,"date":"2024-05-27T08:00:20","date_gmt":"2024-05-27T06:00:20","guid":{"rendered":"https:\/\/www.pr-neu.de\/newsroom\/?p=16790"},"modified":"2024-05-27T16:58:23","modified_gmt":"2024-05-27T14:58:23","slug":"schuetzt-daemmt-und-erzeugt-strom","status":"publish","type":"post","link":"https:\/\/www.pr-neu.de\/newsroom\/schuetzt-daemmt-und-erzeugt-strom\/","title":{"rendered":"Sch\u00fctzt, d\u00e4mmt und erzeugt Strom"},"content":{"rendered":"<p>&nbsp;<\/p>\n<p><u>Sto auf der Intersolar: PV f\u00fcr die Fassade<\/u><\/p>\n<p><strong>StoVentec Photovoltaics Inlay verwandelt Fassaden in Stromlieferanten. Zudem sorgt das VHF-System f\u00fcr hohe W\u00e4rmed\u00e4mmwerte und sehr guten Schallschutz.<\/strong><\/p>\n<p>Eine ertragreiche Photovoltaik-Anlage muss nicht auf dem Dach platziert sein. Moderne Systeme lassen sich auch in die Fassade integrieren. Solche Anlagen haben trotz etwas geringerer Jahresgesamtleistung einen gro\u00dfen Vorteil. Ihr monatlicher Ertrag passt besser zum jahreszeitlich bedingten Bedarf, da die Energieausbeute an der Fassade in den k\u00fchleren Monaten von Herbst bis Fr\u00fchling dank der flacher stehenden Sonne h\u00f6her ist als auf dem Dach.<\/p>\n<p>Auf der \u201eIntersolar\u201c (19. bis 21. Juni 2024, M\u00fcnchen) zeigt Sto die j\u00fcngste Generation seiner vorgeh\u00e4ngten hinterl\u00fcfteten PV-Fassade. Das auf gerahmten monokristallinen PV-Modulen basierende System StoVentec Photovoltaics Inlay \u00fcbertrifft den Wirkungsgrad bisher eingesetzter D\u00fcnnschicht-Modelle um fast 40 Prozent.<\/p>\n<p><strong>Back in black<\/strong><\/p>\n<p>Die fugenbetonte VHF besteht aus einer D\u00e4mmschicht sowie einer Unterkonstruktion, in welche die PV-Doppelglasmodule eingestellt und gegen seitliches Verschieben gesichert werden. Die neuesten Module mit einer Nennleistung von 425 Wp und im Format 1.722 x 1.134 Millimeter k\u00f6nnen sowohl im Hoch- als auch im Querformat montiert werden. Sie sind schwarz eingekapselt und haben einen schwarzen Rahmen, was gemeinsam f\u00fcr eine homogene Optik sorgt. F\u00fcr die Installation von 1 kWp werden rund f\u00fcnf Quadratmeter Fassadenfl\u00e4che ben\u00f6tigt, was drei Modulen entspricht. Der genaue j\u00e4hrliche Ertrag der installierten Leistung h\u00e4ngt unter anderem vom Standort des Geb\u00e4udes sowie von der Ausrichtung (Himmelsrichtung und Neigung) der Module ab.<\/p>\n<p><strong>Multifunktional und recycelbar<\/strong><\/p>\n<p>Die Photovoltaik-VHF wird als Gesamtsystem angeboten \u2013 von der Unterkonstruktion \u00fcber die D\u00e4mmung bis zu den Modulen \u2013, was sicherstellt, dass bei allen vorangegangenen Qualit\u00e4ts- und Funktionspr\u00fcfungen stets das komplette System mit allen aufeinander abgestimmten Komponenten gepr\u00fcft wurde. Eine Kombination (Mischfassade) mit anderen Fassadenbel\u00e4gen wie Glas, Putz oder harten Bel\u00e4gen ist jederzeit m\u00f6glich.<\/p>\n<p>StoVentec Photovoltaics Inlay verbessert das Schalld\u00e4mmma\u00df um bis zu 12 dB (A). Auch in Sachen Nachhaltigkeit wird das System modernsten Standards gerecht: Die aus \u00d6sterreich stammenden Solarmodule k\u00f6nnen einfach ausgetauscht werden. Sie werden vom Hersteller zur\u00fcckgenommen und recycelt. Au\u00dferdem gew\u00e4hrt dieser eine abgestufte Leistungsgarantie von 25 Jahren.<\/p>\n<p>&nbsp;<\/p>\n<hr \/>\n<p>&nbsp;<\/p>\n<p><a href=\"http:\/\/www.pr-neu.de\/newsroom\/wordpress\/wp-content\/uploads\/2024\/05\/24_18_PV_Schema_K.jpg\" target=\"_blank\" rel=\"noopener\"><img loading=\"lazy\" decoding=\"async\" class=\"aligncenter wp-image-16792 size-medium\" src=\"http:\/\/www.pr-neu.de\/newsroom\/wordpress\/wp-content\/uploads\/2024\/05\/24_18_PV_Schema_K-270x300.jpg\" alt=\"Systemschnitt\" width=\"270\" height=\"300\" srcset=\"https:\/\/www.pr-neu.de\/newsroom\/wordpress\/wp-content\/uploads\/2024\/05\/24_18_PV_Schema_K-270x300.jpg 270w, https:\/\/www.pr-neu.de\/newsroom\/wordpress\/wp-content\/uploads\/2024\/05\/24_18_PV_Schema_K-922x1024.jpg 922w, https:\/\/www.pr-neu.de\/newsroom\/wordpress\/wp-content\/uploads\/2024\/05\/24_18_PV_Schema_K-768x853.jpg 768w, https:\/\/www.pr-neu.de\/newsroom\/wordpress\/wp-content\/uploads\/2024\/05\/24_18_PV_Schema_K-1383x1536.jpg 1383w, https:\/\/www.pr-neu.de\/newsroom\/wordpress\/wp-content\/uploads\/2024\/05\/24_18_PV_Schema_K-1844x2048.jpg 1844w, https:\/\/www.pr-neu.de\/newsroom\/wordpress\/wp-content\/uploads\/2024\/05\/24_18_PV_Schema_K-99x110.jpg 99w, https:\/\/www.pr-neu.de\/newsroom\/wordpress\/wp-content\/uploads\/2024\/05\/24_18_PV_Schema_K-378x420.jpg 378w, https:\/\/www.pr-neu.de\/newsroom\/wordpress\/wp-content\/uploads\/2024\/05\/24_18_PV_Schema_K-387x430.jpg 387w\" sizes=\"auto, (max-width: 270px) 100vw, 270px\" \/><\/a><\/p>\n<p style=\"text-align: center;\">Systemschnitt<br \/>\n1 Unterkonstruktion<br \/>\n2 Verankerung<br \/>\n3 D\u00e4mmung<br \/>\n4 Befestigung<br \/>\n5 Photovoltaikmodul<br \/>\nBild: Sto SE &amp; Co. KGaA<\/p>\n<p>&nbsp;<\/p>\n<p><a href=\"http:\/\/www.pr-neu.de\/newsroom\/wordpress\/wp-content\/uploads\/2024\/05\/24_18_PV_Schiene_K.jpg\" target=\"_blank\" rel=\"noopener\"><img loading=\"lazy\" decoding=\"async\" class=\"aligncenter wp-image-16793 size-medium\" src=\"http:\/\/www.pr-neu.de\/newsroom\/wordpress\/wp-content\/uploads\/2024\/05\/24_18_PV_Schiene_K-300x215.jpg\" alt=\"\" width=\"300\" height=\"215\" srcset=\"https:\/\/www.pr-neu.de\/newsroom\/wordpress\/wp-content\/uploads\/2024\/05\/24_18_PV_Schiene_K-300x215.jpg 300w, https:\/\/www.pr-neu.de\/newsroom\/wordpress\/wp-content\/uploads\/2024\/05\/24_18_PV_Schiene_K-1024x732.jpg 1024w, https:\/\/www.pr-neu.de\/newsroom\/wordpress\/wp-content\/uploads\/2024\/05\/24_18_PV_Schiene_K-768x549.jpg 768w, https:\/\/www.pr-neu.de\/newsroom\/wordpress\/wp-content\/uploads\/2024\/05\/24_18_PV_Schiene_K-1536x1098.jpg 1536w, https:\/\/www.pr-neu.de\/newsroom\/wordpress\/wp-content\/uploads\/2024\/05\/24_18_PV_Schiene_K-2048x1464.jpg 2048w, https:\/\/www.pr-neu.de\/newsroom\/wordpress\/wp-content\/uploads\/2024\/05\/24_18_PV_Schiene_K-110x79.jpg 110w, https:\/\/www.pr-neu.de\/newsroom\/wordpress\/wp-content\/uploads\/2024\/05\/24_18_PV_Schiene_K-420x300.jpg 420w, https:\/\/www.pr-neu.de\/newsroom\/wordpress\/wp-content\/uploads\/2024\/05\/24_18_PV_Schiene_K-601x430.jpg 601w\" sizes=\"auto, (max-width: 300px) 100vw, 300px\" \/><\/a><\/p>\n<p style=\"text-align: center;\">Die patentierten Einlegeschienen werden in der Unterkonstruktion verankert. Anschlie\u00dfend werden die Photovoltaikmodule eingestellt und gegen seitliches Verschieben gesichert. Ein Tausch einzelner Elemente ist jederzeit m\u00f6glich.<br \/>\nBild: Sto SE &amp; Co. KGaA<\/p>\n<p>&nbsp;<\/p>\n<p><a href=\"http:\/\/www.pr-neu.de\/newsroom\/wordpress\/wp-content\/uploads\/2024\/05\/24_18_PV_Fassade_K.jpg\" target=\"_blank\" rel=\"noopener\"><img loading=\"lazy\" decoding=\"async\" class=\"aligncenter wp-image-16791 size-medium\" src=\"http:\/\/www.pr-neu.de\/newsroom\/wordpress\/wp-content\/uploads\/2024\/05\/24_18_PV_Fassade_K-300x219.jpg\" alt=\"\" width=\"300\" height=\"219\" srcset=\"https:\/\/www.pr-neu.de\/newsroom\/wordpress\/wp-content\/uploads\/2024\/05\/24_18_PV_Fassade_K-300x219.jpg 300w, https:\/\/www.pr-neu.de\/newsroom\/wordpress\/wp-content\/uploads\/2024\/05\/24_18_PV_Fassade_K-1024x747.jpg 1024w, https:\/\/www.pr-neu.de\/newsroom\/wordpress\/wp-content\/uploads\/2024\/05\/24_18_PV_Fassade_K-768x560.jpg 768w, https:\/\/www.pr-neu.de\/newsroom\/wordpress\/wp-content\/uploads\/2024\/05\/24_18_PV_Fassade_K-1536x1120.jpg 1536w, https:\/\/www.pr-neu.de\/newsroom\/wordpress\/wp-content\/uploads\/2024\/05\/24_18_PV_Fassade_K-2048x1493.jpg 2048w, https:\/\/www.pr-neu.de\/newsroom\/wordpress\/wp-content\/uploads\/2024\/05\/24_18_PV_Fassade_K-110x80.jpg 110w, https:\/\/www.pr-neu.de\/newsroom\/wordpress\/wp-content\/uploads\/2024\/05\/24_18_PV_Fassade_K-420x306.jpg 420w, https:\/\/www.pr-neu.de\/newsroom\/wordpress\/wp-content\/uploads\/2024\/05\/24_18_PV_Fassade_K-590x430.jpg 590w\" sizes=\"auto, (max-width: 300px) 100vw, 300px\" \/><\/a><\/p>\n<p style=\"text-align: center;\">StoVentec Photovoltaics Inlay \u00fcberzeugt optisch, erzeugt Strom,<br \/>\nd\u00e4mmt und sch\u00fctzt vor Witterung und L\u00e4rm.<br \/>\nBild: Christian Schellander \/ Sto SE &amp; Co. KGaA<\/p>\n<p>&nbsp;<\/p>\n<hr \/>\n<p>&nbsp;<\/p>\n<p>Abdruck honorarfrei, Belegexemplar erbeten<\/p>\n","protected":false},"excerpt":{"rendered":"<p>StoVentec Photovoltaics Inlay verwandelt Fassaden in Stromlieferanten. Zudem sorgt das VHF-System f\u00fcr hohe W\u00e4rmed\u00e4mmwerte und sehr guten Schallschutz.<\/p>\n","protected":false},"author":9,"featured_media":16791,"comment_status":"closed","ping_status":"open","sticky":false,"template":"","format":"standard","meta":{"footnotes":""},"categories":[15],"tags":[293,354,395,476,2986,504,2189,538],"class_list":["post-16790","post","type-post","status-publish","format-standard","has-post-thumbnail","hentry","category-sto","tag-intersolar","tag-messe","tag-photovoltaic","tag-solar","tag-solarenergy","tag-sto-2","tag-stodeutschland","tag-stoventec"],"_links":{"self":[{"href":"https:\/\/www.pr-neu.de\/newsroom\/wp-json\/wp\/v2\/posts\/16790","targetHints":{"allow":["GET"]}}],"collection":[{"href":"https:\/\/www.pr-neu.de\/newsroom\/wp-json\/wp\/v2\/posts"}],"about":[{"href":"https:\/\/www.pr-neu.de\/newsroom\/wp-json\/wp\/v2\/types\/post"}],"author":[{"embeddable":true,"href":"https:\/\/www.pr-neu.de\/newsroom\/wp-json\/wp\/v2\/users\/9"}],"replies":[{"embeddable":true,"href":"https:\/\/www.pr-neu.de\/newsroom\/wp-json\/wp\/v2\/comments?post=16790"}],"version-history":[{"count":5,"href":"https:\/\/www.pr-neu.de\/newsroom\/wp-json\/wp\/v2\/posts\/16790\/revisions"}],"predecessor-version":[{"id":17407,"href":"https:\/\/www.pr-neu.de\/newsroom\/wp-json\/wp\/v2\/posts\/16790\/revisions\/17407"}],"wp:featuredmedia":[{"embeddable":true,"href":"https:\/\/www.pr-neu.de\/newsroom\/wp-json\/wp\/v2\/media\/16791"}],"wp:attachment":[{"href":"https:\/\/www.pr-neu.de\/newsroom\/wp-json\/wp\/v2\/media?parent=16790"}],"wp:term":[{"taxonomy":"category","embeddable":true,"href":"https:\/\/www.pr-neu.de\/newsroom\/wp-json\/wp\/v2\/categories?post=16790"},{"taxonomy":"post_tag","embeddable":true,"href":"https:\/\/www.pr-neu.de\/newsroom\/wp-json\/wp\/v2\/tags?post=16790"}],"curies":[{"name":"wp","href":"https:\/\/api.w.org\/{rel}","templated":true}]}}