{"id":16780,"date":"2024-05-14T10:45:56","date_gmt":"2024-05-14T08:45:56","guid":{"rendered":"https:\/\/www.pr-neu.de\/newsroom\/?p=16780"},"modified":"2024-06-12T08:47:29","modified_gmt":"2024-06-12T06:47:29","slug":"abgefahrene-aktion-startet-im-juni","status":"publish","type":"post","link":"https:\/\/www.pr-neu.de\/newsroom\/abgefahrene-aktion-startet-im-juni\/","title":{"rendered":"Abgefahrene Aktion startet im Juni"},"content":{"rendered":"<p><u><br \/>\nCarTeck-Garagentore 2024: Teckentrup unterst\u00fctzt Handel und Handwerk<\/u><\/p>\n<p><strong>Coole Designs, moderne Technik, abgefahrene Extras: Es gibt vieles, was CarTeck Garagentore und der Mini Cooper gemeinsam haben. Davon k\u00f6nnen sich in diesem Jahr alle K\u00e4ufer eines Aktionstors von Teckentrup \u00fcberzeugen: Im Rahmen der \u201eCarTeck Aktion 2024\u201c verlost der Hersteller unter den K\u00e4ufern monatlich einen Mini f\u00fcr einen Monat und einmal f\u00fcr ein Jahr. H\u00e4ndler und Metallbaubetriebe profitieren vor allem vom umfangreichen Marketing-Support.<\/strong><\/p>\n<p>Garagennutzer erhalten ein Top-Angebot f\u00fcr ein CarTeck-Sektionaltor inklusive Antrieb, 4-Kanal-Handsender und einem weiteren frei w\u00e4hlbaren Extra \u2013 zweiter Handsender, Wandinnentaster, Lichtschranke oder Verriegelungsmagnet (Magnet-Motorschloss), ganz nach individuellem Wunsch. Optisch stehen viele Optionen offen, von Bling White \u00fcber Eisenglimmer bis zur Trendfarbe Tiefschwarz.<\/p>\n<p>Von der Gewinnaktion profitieren auch Metallbauer und Bauelemente-Fachh\u00e4ndler: Mit der \u201eCarTeck Garagentor-Aktion 2024\u201c bietet Teckentrup umfangreiche, ma\u00dfgeschneiderte Marketing-Pakete f\u00fcr den Kundendialog mit Garageneigent\u00fcmern. Online-Produkt-Konfigurator, Info- und Produkt-Flyer, Anzeigenvorlagen, Media-Schaltungen in Bauherren-Magazinen und Leadgenerierung \u00fcber Google Ads sowie Social Media sorgen f\u00fcr eine erh\u00f6hte Nachfrage. \u201eNeben Standard-Kommunikationsmitteln erhalten unsere Fach-Partner auf Wunsch individuell zugeschnittene Verkaufsunterst\u00fctzung von uns. So k\u00f6nnen sie mit dem zus\u00e4tzlichen Zubeh\u00f6r eigene Aktionen ganz nach ihren W\u00fcnschen aufbauen\u201c, res\u00fcmiert Uwe G\u00f6tze, Marketingleiter bei Teckentrup. Der Service reicht bis zu einem passenden Baustein f\u00fcr die eigene Website: Hier l\u00e4sst sich der \u201ePromotion-Konfigurator\u201c einbinden, \u00fcber den online Kundenanfragen direkt beim Verarbeiter oder H\u00e4ndler entstehen.<\/p>\n<p>F\u00fcr die weitere Ausstattung des Tors hat der Hersteller zus\u00e4tzliche Angebote zum Sonderpreis zusammengestellt: Das Aktionspaket \u201eDesign\u201c bietet besonders attraktive Oberfl\u00e4chen und Optiken, die Zusatzpakete werten die Ausstattung auf. Das Zusatzpaket \u201eSicherheit\u201c erh\u00f6ht den Einbruchschutz. Der Kunde bekommt ein RC2-zertifiziertes Tor und damit die von der Polizei empfohlene Einbruchschutz-Klasse. Im Zusatzpaket \u201eLicht\u201c sind die LED-L\u00f6sungen f\u00fcr eine optimale Ausleuchtung vor und in der Garage zusammengefasst. Die Innen- und Au\u00dfenbeleuchtung kann einzeln oder im Duo dazu gebucht werden. Das \u201eKomfort\u201c-Zusatzpaket umfasst einen zus\u00e4tzlichen Wandtaster, der per Code und ohne Stromanschluss bequemes \u00d6ffnen und Schlie\u00dfen des Tores erm\u00f6glicht. Mit dieser Angebotsbreite findet jede Baufamilie das f\u00fcr sie passende Tor zum Sonderpreis.<\/p>\n<p><strong>Mehr Infos<\/strong>: f\u00fcr registrierte User im Teckentrup-Profiportal.<br \/>\nLaufzeit: 01.06.2024 bis 28.02.2025<\/p>\n<p>&nbsp;<\/p>\n<hr \/>\n<p>&nbsp;<\/p>\n<p><strong>CarTeck-Aktion 2024<\/strong><\/p>\n<p><strong>Basispaket<\/strong> CarTeck-Garagentor GSW 40 mit Mittelsicke,<br \/>\nAntrieb CarTeck Drive 600, 4-Kanal-Handsender<\/p>\n<p><strong>Ein frei w\u00e4hlbares Extra f\u00fcr Endkunden<\/strong>:<br \/>\n\u2022 Zweiter 4-Kanal-Handsender<br \/>\n\u2022 Lichtschranke<br \/>\n\u2022 Wandinnentaster<br \/>\n\u2022 Verriegelungsmagnet<br \/>\n<strong>UVP<\/strong> f\u00fcr Endkunden: ab 1.099 Euro<\/p>\n<p><strong>Zusatzpakete<\/strong>:<br \/>\n\u2022 <strong>Designpaket<\/strong> mit Torblatt ohne Sicke und weiteren Farbt\u00f6nen<br \/>\n\u2022 <strong>Sicherheitspaket<\/strong> mit RC2-Zertifizierung<br \/>\n\u2022 <strong>Lichtpaket<\/strong> mit LED-Beleuchtung f\u00fcr innen und au\u00dfen<br \/>\n\u2022 <strong>Komfortpaket<\/strong> mit Wandtaster ENTRApin+<\/p>\n<p><strong>Die Werbemittel<\/strong> (z.T. gegen Kostenbeteiligung):<br \/>\n\u2022 Roll-Ups, Plakate, Salesfolder, Zaunplanen, Thekenaufsteller<br \/>\n\u2022 Onlinebanner<br \/>\n\u2022 Social Media Vorlagen und Reels<br \/>\n\u2022 Content f\u00fcr Homepage inkl. Promotion-Konfigurator<br \/>\n\u2022 Individueller Aktionsflyer<br \/>\n\u2022 St\u00e4nder Paneel-Muster<\/p>\n<p>&nbsp;<\/p>\n<hr \/>\n<p>&nbsp;<\/p>\n<p><a href=\"http:\/\/www.pr-neu.de\/newsroom\/wordpress\/wp-content\/uploads\/2024\/05\/24-04_CarTeck-Aktion_K.jpg\" target=\"_blank\" rel=\"noopener\"><img loading=\"lazy\" decoding=\"async\" class=\"aligncenter wp-image-16776 size-medium\" src=\"http:\/\/www.pr-neu.de\/newsroom\/wordpress\/wp-content\/uploads\/2024\/05\/24-04_CarTeck-Aktion_K-300x266.jpg\" alt=\"Exklusive Trendfarben geh\u00f6ren in der aktuellen CarTeck-Aktion 2024 zur freien Wahl \u2013 ganz nach Wunsch passend zum Haus oder zum Auto.\" width=\"300\" height=\"266\" srcset=\"https:\/\/www.pr-neu.de\/newsroom\/wordpress\/wp-content\/uploads\/2024\/05\/24-04_CarTeck-Aktion_K-300x266.jpg 300w, https:\/\/www.pr-neu.de\/newsroom\/wordpress\/wp-content\/uploads\/2024\/05\/24-04_CarTeck-Aktion_K-1024x906.jpg 1024w, https:\/\/www.pr-neu.de\/newsroom\/wordpress\/wp-content\/uploads\/2024\/05\/24-04_CarTeck-Aktion_K-768x680.jpg 768w, https:\/\/www.pr-neu.de\/newsroom\/wordpress\/wp-content\/uploads\/2024\/05\/24-04_CarTeck-Aktion_K-1536x1359.jpg 1536w, https:\/\/www.pr-neu.de\/newsroom\/wordpress\/wp-content\/uploads\/2024\/05\/24-04_CarTeck-Aktion_K-2048x1812.jpg 2048w, https:\/\/www.pr-neu.de\/newsroom\/wordpress\/wp-content\/uploads\/2024\/05\/24-04_CarTeck-Aktion_K-110x97.jpg 110w, https:\/\/www.pr-neu.de\/newsroom\/wordpress\/wp-content\/uploads\/2024\/05\/24-04_CarTeck-Aktion_K-420x372.jpg 420w, https:\/\/www.pr-neu.de\/newsroom\/wordpress\/wp-content\/uploads\/2024\/05\/24-04_CarTeck-Aktion_K-486x430.jpg 486w\" sizes=\"auto, (max-width: 300px) 100vw, 300px\" \/><\/a><\/p>\n<p style=\"text-align: center;\">Exklusive Trendfarben geh\u00f6ren in der aktuellen CarTeck-Aktion 2024 zur freien Wahl \u2013 ganz nach Wunsch passend zum Haus oder zum Auto.<\/p>\n<p>&nbsp;<\/p>\n<p><a href=\"http:\/\/www.pr-neu.de\/newsroom\/wordpress\/wp-content\/uploads\/2024\/05\/24-04_CarTeck-Aktion_Werbemittel_K.jpg\" target=\"_blank\" rel=\"noopener\"><img loading=\"lazy\" decoding=\"async\" class=\"aligncenter wp-image-16777 size-medium\" src=\"http:\/\/www.pr-neu.de\/newsroom\/wordpress\/wp-content\/uploads\/2024\/05\/24-04_CarTeck-Aktion_Werbemittel_K-212x300.jpg\" alt=\"\" width=\"212\" height=\"300\" srcset=\"https:\/\/www.pr-neu.de\/newsroom\/wordpress\/wp-content\/uploads\/2024\/05\/24-04_CarTeck-Aktion_Werbemittel_K-212x300.jpg 212w, https:\/\/www.pr-neu.de\/newsroom\/wordpress\/wp-content\/uploads\/2024\/05\/24-04_CarTeck-Aktion_Werbemittel_K-723x1024.jpg 723w, https:\/\/www.pr-neu.de\/newsroom\/wordpress\/wp-content\/uploads\/2024\/05\/24-04_CarTeck-Aktion_Werbemittel_K-768x1087.jpg 768w, https:\/\/www.pr-neu.de\/newsroom\/wordpress\/wp-content\/uploads\/2024\/05\/24-04_CarTeck-Aktion_Werbemittel_K-1085x1536.jpg 1085w, https:\/\/www.pr-neu.de\/newsroom\/wordpress\/wp-content\/uploads\/2024\/05\/24-04_CarTeck-Aktion_Werbemittel_K-1446x2048.jpg 1446w, https:\/\/www.pr-neu.de\/newsroom\/wordpress\/wp-content\/uploads\/2024\/05\/24-04_CarTeck-Aktion_Werbemittel_K-78x110.jpg 78w, https:\/\/www.pr-neu.de\/newsroom\/wordpress\/wp-content\/uploads\/2024\/05\/24-04_CarTeck-Aktion_Werbemittel_K-297x420.jpg 297w, https:\/\/www.pr-neu.de\/newsroom\/wordpress\/wp-content\/uploads\/2024\/05\/24-04_CarTeck-Aktion_Werbemittel_K-304x430.jpg 304w, https:\/\/www.pr-neu.de\/newsroom\/wordpress\/wp-content\/uploads\/2024\/05\/24-04_CarTeck-Aktion_Werbemittel_K.jpg 1695w\" sizes=\"auto, (max-width: 212px) 100vw, 212px\" \/><\/a><\/p>\n<p style=\"text-align: center;\">F\u00fcr seine Partner bietet Teckentrup Marketing-Unterst\u00fctzung, u.a. in Form von Roll-ups, Postern, Flyern, Werbebannern,<br \/>\nZeitungsbeilagen und Social Media Vorlagen.<\/p>\n<p style=\"text-align: center;\">Bilder: Teckentrup<\/p>\n<p>&nbsp;<\/p>\n<hr \/>\n<p>&nbsp;<\/p>\n<p>Abdruck honorarfrei, Belegexemplar erbeten<\/p>\n","protected":false},"excerpt":{"rendered":"<p>[Fachpresse-Version]<br \/>\nCoole Designs, moderne Technik, abgefahrene Extras: Es gibt vieles, was CarTeck Garagentore und der Mini Cooper gemeinsam haben. Davon k\u00f6nnen sich in diesem Jahr alle K\u00e4ufer eines Aktionstors von Teckentrup \u00fcberzeugen: Im Rahmen der \u201eCarTeck Aktion 2024\u201c verlost der Hersteller unter den K\u00e4ufern monatlich einen Mini f\u00fcr einen Monat und einmal f\u00fcr ein Jahr. H\u00e4ndler und Metallbaubetriebe profitieren vor allem vom umfangreichen Marketing-Support.<\/p>\n","protected":false},"author":9,"featured_media":16776,"comment_status":"closed","ping_status":"open","sticky":false,"template":"","format":"standard","meta":{"footnotes":""},"categories":[18],"tags":[102,2964,217,218,1933,2968,2402,565,2966],"class_list":["post-16780","post","type-post","status-publish","format-standard","has-post-thumbnail","hentry","category-teckentrup","tag-carteck","tag-carteck-aktion","tag-garage","tag-garagentor","tag-marketing","tag-minicooper","tag-sektionaltor","tag-teckentrup","tag-verlosung"],"_links":{"self":[{"href":"https:\/\/www.pr-neu.de\/newsroom\/wp-json\/wp\/v2\/posts\/16780","targetHints":{"allow":["GET"]}}],"collection":[{"href":"https:\/\/www.pr-neu.de\/newsroom\/wp-json\/wp\/v2\/posts"}],"about":[{"href":"https:\/\/www.pr-neu.de\/newsroom\/wp-json\/wp\/v2\/types\/post"}],"author":[{"embeddable":true,"href":"https:\/\/www.pr-neu.de\/newsroom\/wp-json\/wp\/v2\/users\/9"}],"replies":[{"embeddable":true,"href":"https:\/\/www.pr-neu.de\/newsroom\/wp-json\/wp\/v2\/comments?post=16780"}],"version-history":[{"count":2,"href":"https:\/\/www.pr-neu.de\/newsroom\/wp-json\/wp\/v2\/posts\/16780\/revisions"}],"predecessor-version":[{"id":16863,"href":"https:\/\/www.pr-neu.de\/newsroom\/wp-json\/wp\/v2\/posts\/16780\/revisions\/16863"}],"wp:featuredmedia":[{"embeddable":true,"href":"https:\/\/www.pr-neu.de\/newsroom\/wp-json\/wp\/v2\/media\/16776"}],"wp:attachment":[{"href":"https:\/\/www.pr-neu.de\/newsroom\/wp-json\/wp\/v2\/media?parent=16780"}],"wp:term":[{"taxonomy":"category","embeddable":true,"href":"https:\/\/www.pr-neu.de\/newsroom\/wp-json\/wp\/v2\/categories?post=16780"},{"taxonomy":"post_tag","embeddable":true,"href":"https:\/\/www.pr-neu.de\/newsroom\/wp-json\/wp\/v2\/tags?post=16780"}],"curies":[{"name":"wp","href":"https:\/\/api.w.org\/{rel}","templated":true}]}}