{"id":16775,"date":"2024-05-14T10:38:02","date_gmt":"2024-05-14T08:38:02","guid":{"rendered":"https:\/\/www.pr-neu.de\/newsroom\/?p=16775"},"modified":"2024-06-12T08:47:40","modified_gmt":"2024-06-12T06:47:40","slug":"bereit-fuer-eine-abgefahrene-aktion","status":"publish","type":"post","link":"https:\/\/www.pr-neu.de\/newsroom\/bereit-fuer-eine-abgefahrene-aktion\/","title":{"rendered":"Bereit f\u00fcr eine abgefahrene Aktion?"},"content":{"rendered":"<p><u><br \/>\nTeckentrup: CarTeck Aktion 2024: Garagentor mit Extras und der Chance auf einen Mini<\/u><\/p>\n<p><strong>Im Juni geht es los: \u00dcber seine Fachpartner bietet Teckentrup ein modernes Garagen-Sektionaltor mit elektrischem Antrieb f\u00fcr Neubau oder Sanierung zum attraktiven Aktionspreis. Extras wie einen Handsender gibt es gleich dazu und im Online-Konfigurator l\u00e4sst sich mit wenigen Klicks das Traumtor virtuell zusammenstellen. Das passende Gef\u00e4hrt gibt es f\u00fcr ein Jahr mit etwas Gl\u00fcck on top: Alle K\u00e4ufer wandern automatisch in den Lostopf f\u00fcr einen Mini Cooper.<\/strong><\/p>\n<p>Neues Sektionaltor inklusive Antrieb, 4-Kanal-Handsender und ein frei w\u00e4hlbares Extra (zweiter Handsender, Wand-Innentaster, Lichtschranke mit Stopp-Automatik (ohne Montage) oder mechanische Magnet-Verriegelung f\u00fcr besseren Einbruchschutz): Das gibt es jetzt zum Aktionspreis \u00fcber die Partnerbetriebe von Teckentrup. Optisch stehen viele Optionen zur Wahl mit sechs Farbt\u00f6nen von Wei\u00df \u00fcber \u201eGrau-Aluminium\u201c (\u00e4hnlich RAL 9007) bis zu Tiefschwarz sowie einem Holzdekor. Durch ein optionales Sicherheitspaket erreichen die Tore die zertifizierte und von der Polizei empfohlene Einbruchschutz-Klasse \u201eRC 2\u201c. Das macht es potenziellen Eindringlingen schwer, in die Garage zu gelangen. Dies bietet sich vor allem an, wenn ein direkter Zugang von der Garage ins Haus besteht. Standardgr\u00f6\u00dfen gibt es f\u00fcr Einzel- und Doppelgaragen.<\/p>\n<p>Neben dem Sicherheitspaket gibt es drei weitere Zusatzoptionen: Im \u201eDesignpaket\u201c gibt es ein Torblatt ohne Sicke, mit glatter Struktur und zus\u00e4tzlichen Farbt\u00f6nen. Zum \u201eKomfortpaket\u201c geh\u00f6rt ein Wandtaster f\u00fcr die schl\u00fcssellose Zutrittskontrolle per Zahlencode. Die leuchtstarken, energiesparenden LED-L\u00f6sungen f\u00fcr au\u00dfen und innen im \u201eLichtpaket\u201c sorgen zudem f\u00fcr effektives, angenehmes Licht vor und in der Garage.<\/p>\n<p>&nbsp;<\/p>\n<hr \/>\n<p>&nbsp;<\/p>\n<p>K A S T E N:<\/p>\n<p><strong>Tor kaufen und einen Mini gewinnen<\/strong><br \/>\nCoole Designs, modernste Technik, abgefahrene Extras: Es gibt vieles, was CarTeck Garagentore und der Mini Cooper gemeinsam haben. Davon k\u00f6nnen sich in diesem Jahr alle K\u00e4ufer eines Aktionstors von Teckentrup \u00fcberzeugen. Sie wandern automatisch in den Lostopf: Hauptgewinn ist ein Mini Cooper, bereit gestellt f\u00fcr ein Jahr, zus\u00e4tzlich verlost das Unternehmen monatlich einen Mini f\u00fcr einen Monat.<\/p>\n<p>Weitere Infos unter: www.teckentrup.biz\/carteck-garagentor-aktion<\/p>\n<p>&nbsp;<\/p>\n<hr \/>\n<p>&nbsp;<\/p>\n<p><strong>CarTeck-Aktion 2024<\/strong> (Laufzeit: 01.06.2024 bis 28.02.2025)<br \/>\nW\u00e4rmeged\u00e4mmtes CarTeck-Garagentor GSW 40 mit Mittelsicke, Antrieb CarTeck Drive 600, 4-Kanal-Handsender<\/p>\n<p><strong>Frei w\u00e4hlbares Extra<\/strong>:<br \/>\n\u2022 Zweiter 4-Kanal-Handsender oder<br \/>\n\u2022 Lichtschranke oder<br \/>\n\u2022 Wandinnentaster oder<br \/>\n\u2022 Verriegelungsmagnet<br \/>\n<strong>UVP<\/strong>: ab 1.099 Euro<\/p>\n<p><strong>Optionale Extras<\/strong><br \/>\n\u2022 Designpaket: Torblatt ohne Sicke, glatt, weitere Farbauswahl<br \/>\n\u2022 Sicherheitspaket: Tor mit RC2-Zertifizierung<br \/>\n\u2022 Lichtpaket: Au\u00dfen- und\/oder Innen-LED-Beleuchtung<br \/>\n\u2022 Komfortpaket: Wandtaster<\/p>\n<p>&nbsp;<\/p>\n<hr \/>\n<p>&nbsp;<\/p>\n<p><a href=\"http:\/\/www.pr-neu.de\/newsroom\/wordpress\/wp-content\/uploads\/2024\/05\/24-04_CarTeck-Aktion_K.jpg\" target=\"_blank\" rel=\"noopener\"><img loading=\"lazy\" decoding=\"async\" class=\"aligncenter wp-image-16776 size-medium\" src=\"http:\/\/www.pr-neu.de\/newsroom\/wordpress\/wp-content\/uploads\/2024\/05\/24-04_CarTeck-Aktion_K-300x266.jpg\" alt=\"Exklusive Trendfarben geh\u00f6ren in der aktuellen CarTeck-Aktion 2024 zur freien Wahl \u2013 ganz nach Wunsch passend zum Haus oder zum Auto.\" width=\"300\" height=\"266\" srcset=\"https:\/\/www.pr-neu.de\/newsroom\/wordpress\/wp-content\/uploads\/2024\/05\/24-04_CarTeck-Aktion_K-300x266.jpg 300w, https:\/\/www.pr-neu.de\/newsroom\/wordpress\/wp-content\/uploads\/2024\/05\/24-04_CarTeck-Aktion_K-1024x906.jpg 1024w, https:\/\/www.pr-neu.de\/newsroom\/wordpress\/wp-content\/uploads\/2024\/05\/24-04_CarTeck-Aktion_K-768x680.jpg 768w, https:\/\/www.pr-neu.de\/newsroom\/wordpress\/wp-content\/uploads\/2024\/05\/24-04_CarTeck-Aktion_K-1536x1359.jpg 1536w, https:\/\/www.pr-neu.de\/newsroom\/wordpress\/wp-content\/uploads\/2024\/05\/24-04_CarTeck-Aktion_K-2048x1812.jpg 2048w, https:\/\/www.pr-neu.de\/newsroom\/wordpress\/wp-content\/uploads\/2024\/05\/24-04_CarTeck-Aktion_K-110x97.jpg 110w, https:\/\/www.pr-neu.de\/newsroom\/wordpress\/wp-content\/uploads\/2024\/05\/24-04_CarTeck-Aktion_K-420x372.jpg 420w, https:\/\/www.pr-neu.de\/newsroom\/wordpress\/wp-content\/uploads\/2024\/05\/24-04_CarTeck-Aktion_K-486x430.jpg 486w\" sizes=\"auto, (max-width: 300px) 100vw, 300px\" \/><\/a><\/p>\n<p style=\"text-align: center;\">Exklusive Trendfarben geh\u00f6ren in der aktuellen CarTeck-Aktion 2024 zur freien Wahl \u2013 ganz nach Wunsch passend zum Haus oder zum Auto.<br \/>\nBild: Teckentrup<\/p>\n<p>&nbsp;<\/p>\n<hr \/>\n<p>&nbsp;<\/p>\n<p>Abdruck honorarfrei, Belegexemplar erbeten<\/p>\n","protected":false},"excerpt":{"rendered":"<p>[Endverbraucher-Version]<br \/>\nIm Juni geht es los: \u00dcber seine Fachpartner bietet Teckentrup ein modernes Garagen-Sektionaltor mit elektrischem Antrieb f\u00fcr Neubau oder Sanierung zum attraktiven Aktionspreis. Das passende Gef\u00e4hrt gibt es f\u00fcr ein Jahr mit etwas Gl\u00fcck on top: Alle K\u00e4ufer wandern automatisch in den Lostopf f\u00fcr einen Mini Cooper.<\/p>\n","protected":false},"author":9,"featured_media":16776,"comment_status":"closed","ping_status":"open","sticky":false,"template":"","format":"standard","meta":{"footnotes":""},"categories":[18],"tags":[102,2964,217,218,2968,2402,565,2966],"class_list":["post-16775","post","type-post","status-publish","format-standard","has-post-thumbnail","hentry","category-teckentrup","tag-carteck","tag-carteck-aktion","tag-garage","tag-garagentor","tag-minicooper","tag-sektionaltor","tag-teckentrup","tag-verlosung"],"_links":{"self":[{"href":"https:\/\/www.pr-neu.de\/newsroom\/wp-json\/wp\/v2\/posts\/16775","targetHints":{"allow":["GET"]}}],"collection":[{"href":"https:\/\/www.pr-neu.de\/newsroom\/wp-json\/wp\/v2\/posts"}],"about":[{"href":"https:\/\/www.pr-neu.de\/newsroom\/wp-json\/wp\/v2\/types\/post"}],"author":[{"embeddable":true,"href":"https:\/\/www.pr-neu.de\/newsroom\/wp-json\/wp\/v2\/users\/9"}],"replies":[{"embeddable":true,"href":"https:\/\/www.pr-neu.de\/newsroom\/wp-json\/wp\/v2\/comments?post=16775"}],"version-history":[{"count":4,"href":"https:\/\/www.pr-neu.de\/newsroom\/wp-json\/wp\/v2\/posts\/16775\/revisions"}],"predecessor-version":[{"id":16865,"href":"https:\/\/www.pr-neu.de\/newsroom\/wp-json\/wp\/v2\/posts\/16775\/revisions\/16865"}],"wp:featuredmedia":[{"embeddable":true,"href":"https:\/\/www.pr-neu.de\/newsroom\/wp-json\/wp\/v2\/media\/16776"}],"wp:attachment":[{"href":"https:\/\/www.pr-neu.de\/newsroom\/wp-json\/wp\/v2\/media?parent=16775"}],"wp:term":[{"taxonomy":"category","embeddable":true,"href":"https:\/\/www.pr-neu.de\/newsroom\/wp-json\/wp\/v2\/categories?post=16775"},{"taxonomy":"post_tag","embeddable":true,"href":"https:\/\/www.pr-neu.de\/newsroom\/wp-json\/wp\/v2\/tags?post=16775"}],"curies":[{"name":"wp","href":"https:\/\/api.w.org\/{rel}","templated":true}]}}