{"id":16723,"date":"2024-04-23T08:11:44","date_gmt":"2024-04-23T06:11:44","guid":{"rendered":"https:\/\/www.pr-neu.de\/newsroom\/?p=16723"},"modified":"2024-06-12T08:48:12","modified_gmt":"2024-06-12T06:48:12","slug":"zementfreier-moertel-spart-co2","status":"publish","type":"post","link":"https:\/\/www.pr-neu.de\/newsroom\/zementfreier-moertel-spart-co2\/","title":{"rendered":"Zementfreier M\u00f6rtel spart CO2"},"content":{"rendered":"<p><u><br \/>\n\u00d6kologisches Fassadend\u00e4mmsystem<\/u><\/p>\n<p><strong>Das \u00f6kologische W\u00e4rmed\u00e4mm-Verbundsystem (WDVS) StoTherm\u202fAimS kombiniert jetzt auch eine auf Holzweichfasern basierende D\u00e4mmplatte mit einem zu 100\u202fProzent zementfreien, patentierten Klebe- und Armierungsm\u00f6rtel.<\/strong><\/p>\n<p>Zement ist ein wichtiges Bindemittel f\u00fcr mineralische Baustoffe. Seine weltweite Produktion belief sich 2023 auf gesch\u00e4tzte 4,1 Milliarden Tonnen (Statista). Pro Tonne entstehen dabei rund 600 Kilogramm CO2, das entspricht alleine im vergangenen Jahr 2,46 Milliarden Tonnen des sch\u00e4dlichen Klimagases. Die neue Variante des \u00f6kologischen Fassadend\u00e4mmsystems StoTherm AimS verzichtet darum als erstes mineralisches WDVS vollst\u00e4ndig auf den Einsatz von Zement.<\/p>\n<p><strong>Mehrfacher Schutz f\u00fcr die Umwelt<\/strong><\/p>\n<p>WDVS verringern den Heizw\u00e4rmebedarf, verhindern Schimmel in Wohnr\u00e4umen und steigern die Behaglichkeit. Verbrauchen sie zudem keine energieintensiven Ressourcen, wird die sowieso schon sehr gute klimatechnische Bilanz weiter verbessert. Der neuartige zementfreie mineralische Klebe- und Armierungsm\u00f6rtel StoLevell Neo AimS kann mit Holzweichfaser-, Mineralwolle- oder EPS-D\u00e4mmplatten kombiniert werden. Er emittiert bei seiner Herstellung zirka 50\u202fProzent weniger CO2 (A1\u202f-\u202fA3, nach DIN\u202fEN\u202f15643) als ein Standard-Kalk-Zement-Armierungsm\u00f6rtel f\u00fcr WDVS. M\u00f6glich wird das, weil in seiner patentierten Rezeptur ein mineralischer Recyclingstoff eingesetzt wird. Als Schlussbeschichtungen stehen ein teilweise auf nachwachsenden Rohstoffen beruhender Oberputz und \u2013 optional \u2013 eine ebenso \u00f6kologische Fassadenfarbe zur Verf\u00fcgung.<\/p>\n<p><strong>D\u00e4mmstoff aus dem Wald<\/strong><\/p>\n<p>Die maximale CO2-Einsparung entsteht dann, wenn der zementfreie M\u00f6rtel mit einer Holzweichfaserplatte aus nachhaltiger Forstwirtschaft kombiniert wird, da die Platte sogar \u00fcber eine negative CO2-Bilanz verf\u00fcgt. Das System spart Heizenergie, sch\u00fctzt vor sommerlicher \u00dcberhitzung und \u00fcberzeugt mit gutem Schallschutz. Es eignet sich \u2013\u202f\u202fbei Neubauten wie Sanierungen\u202f\u2013 sowohl f\u00fcr massive Untergr\u00fcnde (Ziegel, Kalksandstein, Porenbeton, Sichtmauerwerk, Beton) als auch f\u00fcr Fassaden in Holztafelbauweise. Mit einem D\u00e4mmwert von 0,039\u202fW\/mK bietet es den derzeit besten Heizenergie-Einsparwert, der mit einem Fassadend\u00e4mmsystem auf der Basis nachwachsender Rohstoffe m\u00f6glich ist.<\/p>\n<p>&nbsp;<\/p>\n<hr \/>\n<p>&nbsp;<\/p>\n<p><a href=\"http:\/\/www.pr-neu.de\/newsroom\/wordpress\/wp-content\/uploads\/2024\/04\/24_08_StoLevell_NeoAimS_Systemschnitt_K.jpg\" target=\"_blank\" rel=\"noopener\"><img loading=\"lazy\" decoding=\"async\" class=\"aligncenter wp-image-16718 size-medium\" src=\"http:\/\/www.pr-neu.de\/newsroom\/wordpress\/wp-content\/uploads\/2024\/04\/24_08_StoLevell_NeoAimS_Systemschnitt_K-300x290.jpg\" alt=\"Systemschnitt\" width=\"300\" height=\"290\" srcset=\"https:\/\/www.pr-neu.de\/newsroom\/wordpress\/wp-content\/uploads\/2024\/04\/24_08_StoLevell_NeoAimS_Systemschnitt_K-300x290.jpg 300w, https:\/\/www.pr-neu.de\/newsroom\/wordpress\/wp-content\/uploads\/2024\/04\/24_08_StoLevell_NeoAimS_Systemschnitt_K-1024x991.jpg 1024w, https:\/\/www.pr-neu.de\/newsroom\/wordpress\/wp-content\/uploads\/2024\/04\/24_08_StoLevell_NeoAimS_Systemschnitt_K-768x743.jpg 768w, https:\/\/www.pr-neu.de\/newsroom\/wordpress\/wp-content\/uploads\/2024\/04\/24_08_StoLevell_NeoAimS_Systemschnitt_K-1536x1486.jpg 1536w, https:\/\/www.pr-neu.de\/newsroom\/wordpress\/wp-content\/uploads\/2024\/04\/24_08_StoLevell_NeoAimS_Systemschnitt_K-2048x1981.jpg 2048w, https:\/\/www.pr-neu.de\/newsroom\/wordpress\/wp-content\/uploads\/2024\/04\/24_08_StoLevell_NeoAimS_Systemschnitt_K-110x106.jpg 110w, https:\/\/www.pr-neu.de\/newsroom\/wordpress\/wp-content\/uploads\/2024\/04\/24_08_StoLevell_NeoAimS_Systemschnitt_K-420x406.jpg 420w, https:\/\/www.pr-neu.de\/newsroom\/wordpress\/wp-content\/uploads\/2024\/04\/24_08_StoLevell_NeoAimS_Systemschnitt_K-444x430.jpg 444w\" sizes=\"auto, (max-width: 300px) 100vw, 300px\" \/><\/a><\/p>\n<p style=\"text-align: center;\">1 \u2014 Verklebung: StoLevell Neo AimS<br \/>\n2 \u2014 D\u00e4mmung: Sto-Weichfaserplatte M 039<br \/>\n3 \u2014 Befestigung: Sto-Thermod\u00fcbel II UEZ 8\/60<br \/>\n4 \u2014 Unterputz: StoLevell Neo AimS<br \/>\n5 \u2014 Bewehrung \/ Armierung: Sto-Glasfasergewebe<br \/>\n6 \u2014 Zwischenbeschichtung: StoPrep Miral AimS<br \/>\n7 \u2014 Schlussbeschichtung: Stolit AimS<br \/>\n8 \u2014 Anstrich (optional): StoColor Lotusan AimS<br \/>\nGrafik: Sto SE &amp; Co. KGaA<\/p>\n<p>&nbsp;<\/p>\n<p><a href=\"http:\/\/www.pr-neu.de\/newsroom\/wordpress\/wp-content\/uploads\/2024\/04\/24_08_StoLevell_NeoAimS_Fassadendaemmung_K.jpg\" target=\"_blank\" rel=\"noopener\"><img loading=\"lazy\" decoding=\"async\" class=\"aligncenter wp-image-16717 size-medium\" src=\"http:\/\/www.pr-neu.de\/newsroom\/wordpress\/wp-content\/uploads\/2024\/04\/24_08_StoLevell_NeoAimS_Fassadendaemmung_K-300x192.jpg\" alt=\"Der neue Klebe- und Armierungsm\u00f6rtel StoLevell Neo AimS ist zu 100 Prozent zementfrei.\" width=\"300\" height=\"192\" srcset=\"https:\/\/www.pr-neu.de\/newsroom\/wordpress\/wp-content\/uploads\/2024\/04\/24_08_StoLevell_NeoAimS_Fassadendaemmung_K-300x192.jpg 300w, https:\/\/www.pr-neu.de\/newsroom\/wordpress\/wp-content\/uploads\/2024\/04\/24_08_StoLevell_NeoAimS_Fassadendaemmung_K-1024x654.jpg 1024w, https:\/\/www.pr-neu.de\/newsroom\/wordpress\/wp-content\/uploads\/2024\/04\/24_08_StoLevell_NeoAimS_Fassadendaemmung_K-768x490.jpg 768w, https:\/\/www.pr-neu.de\/newsroom\/wordpress\/wp-content\/uploads\/2024\/04\/24_08_StoLevell_NeoAimS_Fassadendaemmung_K-1536x980.jpg 1536w, https:\/\/www.pr-neu.de\/newsroom\/wordpress\/wp-content\/uploads\/2024\/04\/24_08_StoLevell_NeoAimS_Fassadendaemmung_K-2048x1307.jpg 2048w, https:\/\/www.pr-neu.de\/newsroom\/wordpress\/wp-content\/uploads\/2024\/04\/24_08_StoLevell_NeoAimS_Fassadendaemmung_K-110x70.jpg 110w, https:\/\/www.pr-neu.de\/newsroom\/wordpress\/wp-content\/uploads\/2024\/04\/24_08_StoLevell_NeoAimS_Fassadendaemmung_K-420x268.jpg 420w, https:\/\/www.pr-neu.de\/newsroom\/wordpress\/wp-content\/uploads\/2024\/04\/24_08_StoLevell_NeoAimS_Fassadendaemmung_K-674x430.jpg 674w\" sizes=\"auto, (max-width: 300px) 100vw, 300px\" \/><\/a><\/p>\n<p style=\"text-align: center;\">Der neue Klebe- und Armierungsm\u00f6rtel StoLevell Neo AimS ist zu 100 Prozent zementfrei.<br \/>\nBild: Martin Duckek \/ Sto SE &amp; Co. KGaA<\/p>\n<p>&nbsp;<\/p>\n<hr \/>\n<p>&nbsp;<\/p>\n<p>Abdruck honorarfrei, Belegexemplar erbeten<\/p>\n","protected":false},"excerpt":{"rendered":"<p>[Endverbraucher-Meldung]<br \/>\nFAF-Weltneuheit von Sto: Das \u00f6kologische W\u00e4rmed\u00e4mm-Verbundsystem (WDVS) StoTherm\u202fAimS kombiniert jetzt auch eine auf Holzweichfasern basierende D\u00e4mmplatte mit einem zu 100\u202fProzent zementfreien, patentierten Klebe- und Armierungsm\u00f6rtel.<\/p>\n","protected":false},"author":9,"featured_media":16718,"comment_status":"closed","ping_status":"open","sticky":false,"template":"","format":"standard","meta":{"footnotes":""},"categories":[15],"tags":[124,2822,187,354,360,414,504,523,2958,627],"class_list":["post-16723","post","type-post","status-publish","format-standard","has-post-thumbnail","hentry","category-sto","tag-dammung","tag-faf","tag-fassade","tag-messe","tag-mortel","tag-putz","tag-sto-2","tag-stolevell","tag-stolevell-neo-aims","tag-wdvs"],"_links":{"self":[{"href":"https:\/\/www.pr-neu.de\/newsroom\/wp-json\/wp\/v2\/posts\/16723","targetHints":{"allow":["GET"]}}],"collection":[{"href":"https:\/\/www.pr-neu.de\/newsroom\/wp-json\/wp\/v2\/posts"}],"about":[{"href":"https:\/\/www.pr-neu.de\/newsroom\/wp-json\/wp\/v2\/types\/post"}],"author":[{"embeddable":true,"href":"https:\/\/www.pr-neu.de\/newsroom\/wp-json\/wp\/v2\/users\/9"}],"replies":[{"embeddable":true,"href":"https:\/\/www.pr-neu.de\/newsroom\/wp-json\/wp\/v2\/comments?post=16723"}],"version-history":[{"count":3,"href":"https:\/\/www.pr-neu.de\/newsroom\/wp-json\/wp\/v2\/posts\/16723\/revisions"}],"predecessor-version":[{"id":16870,"href":"https:\/\/www.pr-neu.de\/newsroom\/wp-json\/wp\/v2\/posts\/16723\/revisions\/16870"}],"wp:featuredmedia":[{"embeddable":true,"href":"https:\/\/www.pr-neu.de\/newsroom\/wp-json\/wp\/v2\/media\/16718"}],"wp:attachment":[{"href":"https:\/\/www.pr-neu.de\/newsroom\/wp-json\/wp\/v2\/media?parent=16723"}],"wp:term":[{"taxonomy":"category","embeddable":true,"href":"https:\/\/www.pr-neu.de\/newsroom\/wp-json\/wp\/v2\/categories?post=16723"},{"taxonomy":"post_tag","embeddable":true,"href":"https:\/\/www.pr-neu.de\/newsroom\/wp-json\/wp\/v2\/tags?post=16723"}],"curies":[{"name":"wp","href":"https:\/\/api.w.org\/{rel}","templated":true}]}}