{"id":16720,"date":"2024-04-23T08:12:20","date_gmt":"2024-04-23T06:12:20","guid":{"rendered":"https:\/\/www.pr-neu.de\/newsroom\/?p=16720"},"modified":"2024-06-12T08:48:03","modified_gmt":"2024-06-12T06:48:03","slug":"ohne-zement-mit-holzdaemmung-wdvs-mit-minimalem-co2-fussabdruck","status":"publish","type":"post","link":"https:\/\/www.pr-neu.de\/newsroom\/ohne-zement-mit-holzdaemmung-wdvs-mit-minimalem-co2-fussabdruck\/","title":{"rendered":"Ohne Zement, mit Holzd\u00e4mmung: WDVS mit minimalem CO2-Fu\u00dfabdruck"},"content":{"rendered":"<p><u><br \/>\nStoLevell Neo AimS: erster zementfreier, mineralischer K+A-M\u00f6rtel<\/u><\/p>\n<p><strong>Mit dem neu entwickelten, zementfreien M\u00f6rtel StoLevell Neo AimS gibt es das \u00f6kologische Fassadend\u00e4mmsystem StoTherm\u202fAimS jetzt auch in einer mineralischen Variante. Dieser besonders umweltfreundliche M\u00f6rtel l\u00e4sst zudem den Einsatz einer Holzfaserd\u00e4mmung im System zu.<\/strong><\/p>\n<p>Die neue Variante von StoTherm AimS kommt als erstes mineralisches Fassadend\u00e4mmsystem vollst\u00e4ndig ohne Zement aus. M\u00f6glich wird das durch den neu entwickelten mineralischen Klebe- und Armierungsm\u00f6rtel StoLevell Neo AimS. Er kann mit Holzweichfaser-, Mineralwolle- oder EPS-D\u00e4mmplatten kombiniert werden und emittiert bei seiner Herstellung rund 50\u202fProzent weniger CO2 (A1\u202f-\u202fA3, nach DIN\u202fEN\u202f15643) als Standard-Kalk-Zement-Armierungsm\u00f6rtel f\u00fcr WDVS. Seine patentierte Rezeptur basiert auf einem mineralischen Recyclingstoff, einem sogenannten Geopolymer. Als Schlussbeschichtungen dienen ein teilweise auf nachwachsenden Rohstoffen beruhender Oberputz und \u2013 optional \u2013 eine ebenso \u00f6kologische Fassadenfarbe. Den niedrigsten CO2-Wert f\u00fcr Emissionen bei der Herstellung erreicht der Systemaufbau aus zementfreiem M\u00f6rtel, kombiniert mit der Holzweichfaserplatte M 039 aus nachhaltiger Forstwirtschaft. Die D\u00e4mmplatte weist sogar eine negative CO2-Bilanz auf.<\/p>\n<p>Das System senkt den Heizenergiebedarf, sch\u00fctzt vor sommerlicher \u00dcberhitzung und bietet hohen Schallschutz. Es eignet sich \u2013\u202f bei Neubauten wie Sanierungen \u202f\u2013 sowohl f\u00fcr massive Untergr\u00fcnde als auch f\u00fcr Fassaden in Holztafelbauweise. Mit der W\u00e4rmeleitgruppe 039 bietet die Sto-Weichfaserplatte M 039 die derzeit beste D\u00e4mmwirkung auf Basis nachwachsender Rohstoffe.<\/p>\n<p>&nbsp;<\/p>\n<hr \/>\n<p>&nbsp;<\/p>\n<p><a href=\"http:\/\/www.pr-neu.de\/newsroom\/wordpress\/wp-content\/uploads\/2024\/04\/24_08_StoLevell_NeoAimS_Fassadendaemmung_K.jpg\" target=\"_blank\" rel=\"noopener\"><img loading=\"lazy\" decoding=\"async\" class=\"aligncenter wp-image-16717 size-medium\" src=\"http:\/\/www.pr-neu.de\/newsroom\/wordpress\/wp-content\/uploads\/2024\/04\/24_08_StoLevell_NeoAimS_Fassadendaemmung_K-300x192.jpg\" alt=\"Der neue Klebe- und Armierungsm\u00f6rtel StoLevell Neo AimS ist zu 100 Prozent zementfrei.\" width=\"300\" height=\"192\" srcset=\"https:\/\/www.pr-neu.de\/newsroom\/wordpress\/wp-content\/uploads\/2024\/04\/24_08_StoLevell_NeoAimS_Fassadendaemmung_K-300x192.jpg 300w, https:\/\/www.pr-neu.de\/newsroom\/wordpress\/wp-content\/uploads\/2024\/04\/24_08_StoLevell_NeoAimS_Fassadendaemmung_K-1024x654.jpg 1024w, https:\/\/www.pr-neu.de\/newsroom\/wordpress\/wp-content\/uploads\/2024\/04\/24_08_StoLevell_NeoAimS_Fassadendaemmung_K-768x490.jpg 768w, https:\/\/www.pr-neu.de\/newsroom\/wordpress\/wp-content\/uploads\/2024\/04\/24_08_StoLevell_NeoAimS_Fassadendaemmung_K-1536x980.jpg 1536w, https:\/\/www.pr-neu.de\/newsroom\/wordpress\/wp-content\/uploads\/2024\/04\/24_08_StoLevell_NeoAimS_Fassadendaemmung_K-2048x1307.jpg 2048w, https:\/\/www.pr-neu.de\/newsroom\/wordpress\/wp-content\/uploads\/2024\/04\/24_08_StoLevell_NeoAimS_Fassadendaemmung_K-110x70.jpg 110w, https:\/\/www.pr-neu.de\/newsroom\/wordpress\/wp-content\/uploads\/2024\/04\/24_08_StoLevell_NeoAimS_Fassadendaemmung_K-420x268.jpg 420w, https:\/\/www.pr-neu.de\/newsroom\/wordpress\/wp-content\/uploads\/2024\/04\/24_08_StoLevell_NeoAimS_Fassadendaemmung_K-674x430.jpg 674w\" sizes=\"auto, (max-width: 300px) 100vw, 300px\" \/><\/a><\/p>\n<p style=\"text-align: center;\">Der neue Klebe- und Armierungsm\u00f6rtel StoLevell Neo AimS, zu 100 Prozent zementfrei, kann mit einer D\u00e4mmplatte aus Holzweichfasern kombiniert werden.<br \/>\nBild: Martin Duckek \/ Sto SE &amp; Co. KGaA<\/p>\n<p>&nbsp;<\/p>\n<p><a href=\"http:\/\/www.pr-neu.de\/newsroom\/wordpress\/wp-content\/uploads\/2024\/04\/24_08_StoLevell_NeoAimS_Systemschnitt_K.jpg\" target=\"_blank\" rel=\"noopener\"><img loading=\"lazy\" decoding=\"async\" class=\"aligncenter wp-image-16718 size-medium\" src=\"http:\/\/www.pr-neu.de\/newsroom\/wordpress\/wp-content\/uploads\/2024\/04\/24_08_StoLevell_NeoAimS_Systemschnitt_K-300x290.jpg\" alt=\"Systemschnitt\" width=\"300\" height=\"290\" srcset=\"https:\/\/www.pr-neu.de\/newsroom\/wordpress\/wp-content\/uploads\/2024\/04\/24_08_StoLevell_NeoAimS_Systemschnitt_K-300x290.jpg 300w, https:\/\/www.pr-neu.de\/newsroom\/wordpress\/wp-content\/uploads\/2024\/04\/24_08_StoLevell_NeoAimS_Systemschnitt_K-1024x991.jpg 1024w, https:\/\/www.pr-neu.de\/newsroom\/wordpress\/wp-content\/uploads\/2024\/04\/24_08_StoLevell_NeoAimS_Systemschnitt_K-768x743.jpg 768w, https:\/\/www.pr-neu.de\/newsroom\/wordpress\/wp-content\/uploads\/2024\/04\/24_08_StoLevell_NeoAimS_Systemschnitt_K-1536x1486.jpg 1536w, https:\/\/www.pr-neu.de\/newsroom\/wordpress\/wp-content\/uploads\/2024\/04\/24_08_StoLevell_NeoAimS_Systemschnitt_K-2048x1981.jpg 2048w, https:\/\/www.pr-neu.de\/newsroom\/wordpress\/wp-content\/uploads\/2024\/04\/24_08_StoLevell_NeoAimS_Systemschnitt_K-110x106.jpg 110w, https:\/\/www.pr-neu.de\/newsroom\/wordpress\/wp-content\/uploads\/2024\/04\/24_08_StoLevell_NeoAimS_Systemschnitt_K-420x406.jpg 420w, https:\/\/www.pr-neu.de\/newsroom\/wordpress\/wp-content\/uploads\/2024\/04\/24_08_StoLevell_NeoAimS_Systemschnitt_K-444x430.jpg 444w\" sizes=\"auto, (max-width: 300px) 100vw, 300px\" \/><\/a><\/p>\n<p style=\"text-align: center;\">Systemschnitt StoTherm AimS<br \/>\n1 \u2014 Verklebung: StoLevell Neo AimS<br \/>\n2 \u2014 D\u00e4mmung: Sto-Weichfaserplatte M 039<br \/>\n3 \u2014 Befestigung: Sto-Thermod\u00fcbel II UEZ 8\/60<br \/>\n4 \u2014 Unterputz: StoLevell Neo AimS<br \/>\n5 \u2014 Bewehrung \/ Armierung: Sto-Glasfasergewebe<br \/>\n6 \u2014 Zwischenbeschichtung: StoPrep Miral AimS<br \/>\n7 \u2014 Schlussbeschichtung: Stolit AimS<br \/>\n8 \u2014 Anstrich (optional): StoColor Lotusan AimS<br \/>\nGrafik: Sto SE &amp; Co. KGaA<\/p>\n<p>&nbsp;<\/p>\n<hr \/>\n<p>&nbsp;<\/p>\n<p>Abdruck honorarfrei, Belegexemplar erbeten<\/p>\n","protected":false},"excerpt":{"rendered":"<p>[Architekten-Meldung]<br \/>\nFAF-Weltneuheit von Sto: Mit dem neu entwickelten, zementfreien M\u00f6rtel StoLevell Neo AimS gibt es das \u00f6kologische Fassadend\u00e4mmsystem StoTherm\u202fAimS jetzt auch in einer mineralischen Variante.<\/p>\n","protected":false},"author":9,"featured_media":16718,"comment_status":"closed","ping_status":"open","sticky":false,"template":"","format":"standard","meta":{"footnotes":""},"categories":[15],"tags":[124,2822,187,354,360,414,504,523,2958,627],"class_list":["post-16720","post","type-post","status-publish","format-standard","has-post-thumbnail","hentry","category-sto","tag-dammung","tag-faf","tag-fassade","tag-messe","tag-mortel","tag-putz","tag-sto-2","tag-stolevell","tag-stolevell-neo-aims","tag-wdvs"],"_links":{"self":[{"href":"https:\/\/www.pr-neu.de\/newsroom\/wp-json\/wp\/v2\/posts\/16720","targetHints":{"allow":["GET"]}}],"collection":[{"href":"https:\/\/www.pr-neu.de\/newsroom\/wp-json\/wp\/v2\/posts"}],"about":[{"href":"https:\/\/www.pr-neu.de\/newsroom\/wp-json\/wp\/v2\/types\/post"}],"author":[{"embeddable":true,"href":"https:\/\/www.pr-neu.de\/newsroom\/wp-json\/wp\/v2\/users\/9"}],"replies":[{"embeddable":true,"href":"https:\/\/www.pr-neu.de\/newsroom\/wp-json\/wp\/v2\/comments?post=16720"}],"version-history":[{"count":4,"href":"https:\/\/www.pr-neu.de\/newsroom\/wp-json\/wp\/v2\/posts\/16720\/revisions"}],"predecessor-version":[{"id":16868,"href":"https:\/\/www.pr-neu.de\/newsroom\/wp-json\/wp\/v2\/posts\/16720\/revisions\/16868"}],"wp:featuredmedia":[{"embeddable":true,"href":"https:\/\/www.pr-neu.de\/newsroom\/wp-json\/wp\/v2\/media\/16718"}],"wp:attachment":[{"href":"https:\/\/www.pr-neu.de\/newsroom\/wp-json\/wp\/v2\/media?parent=16720"}],"wp:term":[{"taxonomy":"category","embeddable":true,"href":"https:\/\/www.pr-neu.de\/newsroom\/wp-json\/wp\/v2\/categories?post=16720"},{"taxonomy":"post_tag","embeddable":true,"href":"https:\/\/www.pr-neu.de\/newsroom\/wp-json\/wp\/v2\/tags?post=16720"}],"curies":[{"name":"wp","href":"https:\/\/api.w.org\/{rel}","templated":true}]}}