{"id":16716,"date":"2024-04-23T08:10:25","date_gmt":"2024-04-23T06:10:25","guid":{"rendered":"https:\/\/www.pr-neu.de\/newsroom\/?p=16716"},"modified":"2024-08-27T14:35:28","modified_gmt":"2024-08-27T12:35:28","slug":"mineralischer-moertel-ohne-zement","status":"publish","type":"post","link":"https:\/\/www.pr-neu.de\/newsroom\/mineralischer-moertel-ohne-zement\/","title":{"rendered":"Mineralischer M\u00f6rtel ohne Zement"},"content":{"rendered":"<p><u><br \/>\nFAF-Weltneuheit von Sto: Erster zementfreier, mineralischer K+A-M\u00f6rtel StoTherm AimS <\/u><\/p>\n<p><strong>Mit dem ersten zu 100\u202fProzent zementfreien, mineralischen Klebe- und Armierungsm\u00f6rtel \u201eStoLevell\u202fNeo\u202fAimS\u201c stellt Sto auf der \u201eFarbe\u201c einen besonders umweltfreundlichen Baustoff vor. Der M\u00f6rtel verursacht bei seiner Herstellung rund 50 Prozent weniger CO2 als ein Standard-Kalk-Zement-Armierungsm\u00f6rtel f\u00fcr WDVS. Damit gibt es das \u00f6kologische WDVS StoTherm\u202fAimS jetzt auch in einer mineralischen Variante \u2013 und das erreicht mit der Holzweichfaserplatte als D\u00e4mmstoff sogar eine negative CO2-Bilanz.<\/strong><\/p>\n<p>Um den CO2-Fu\u00dfabdruck eines Bauwerks zu verringern, bietet das W\u00e4rmed\u00e4mm-Verbundsystem (WDVS) StoTherm AimS mehrere Varianten mit mineralischen und organischen Beschichtungen sowie Holzweichfaser-, Mineralwolle- oder EPS-D\u00e4mmplatten. Beschichtungen, deren Bindemittel teilweise auf nachwachsenden Rohstoffen (Kiefern\u00f6l) beruhen, sowie eine biomassenbilanzierte EPS-Platte erh\u00f6hen die Umweltfreundlichkeit. Mit dem ersten vollst\u00e4ndig zementfreien Klebe- und Armierungsm\u00f6rtel (K+A) \u201eStoLevell Neo Aim S\u201c gibt es nun eine weitere Systemversion: Ein besonders \u00f6kologisches, mineralisches WDVS. Zum System geh\u00f6ren die PEFC-zertifizierte Sto-Holzweichfaserplatte M039 sowie der Oberputz Stolit\u202fAimS und \u2013 optional \u2013 der Schlussanstrich mit StoColor\u202fLotusan\u202fAimS. Als D\u00e4mmstoff kommen auch die biomassenbilanzierten EPS- oder Mineralwolleplatten infrage.<\/p>\n<p><strong>Patentierter M\u00f6rtel, mehrfach umweltfreundliches System<\/strong><\/p>\n<p>Der neue zementfreie K+A M\u00f6rtel emittiert bei seiner Herstellung nur etwa die H\u00e4lfte CO2 (A1\u202f-\u202fA3, nach DIN\u202fEN\u202f15643) wie vergleichbare Produkte. Anstelle von Zement kommt ein mineralischer Sekund\u00e4rrohstoff zum Einsatz, ein Geopolymer. Die Holzweichfaserplatte kann sogar eine negative CO2-Bilanz vorweisen. Das System ist also bereits in der Herstellung besonders klimafreundlich. Der organische Oberputz Stolit\u202fAimS sch\u00fctzt die Fassade zudem auf nat\u00fcrlichem Wege \u2013\u202fohne biozide Filmschutzmittel\u202f\u2013 vor Algen und Pilzen.<\/p>\n<p>StoTherm\u202fAimS mit StoLevell\u202fNeo\u202fAimS ist aktuell das weltweit einzige WDVS, das die CO2-Einsparung eines zementfreien K+A M\u00f6rtels mit der einer nachhaltigen Holzweichfaserplatte (HWF) kombiniert. Wird beispielsweise bei einer Sanierung der U-Wert einer Fassade (ohne \u00d6ffnungen) mit einer 20\u202fZentimeter dicken HWF-Platte von 1,4 auf 0,2\u202fW\/m2K verbessert, entf\u00e4llt auf das komplette D\u00e4mmsystem ein negativer CO2-Fu\u00dfabdruck von 33\u202fkg\/m2 f\u00fcr die Herstellung (A1\u202f-\u202fA3).<\/p>\n<hr \/>\n<p>&nbsp;<\/p>\n<p><a href=\"http:\/\/www.pr-neu.de\/newsroom\/wordpress\/wp-content\/uploads\/2024\/04\/24_08_StoLevell_NeoAimS_Systemschnitt_K.jpg\" target=\"_blank\" rel=\"noopener\"><img loading=\"lazy\" decoding=\"async\" class=\"aligncenter wp-image-16718 size-medium\" src=\"http:\/\/www.pr-neu.de\/newsroom\/wordpress\/wp-content\/uploads\/2024\/04\/24_08_StoLevell_NeoAimS_Systemschnitt_K-300x290.jpg\" alt=\"Systemschnitt\" width=\"300\" height=\"290\" srcset=\"https:\/\/www.pr-neu.de\/newsroom\/wordpress\/wp-content\/uploads\/2024\/04\/24_08_StoLevell_NeoAimS_Systemschnitt_K-300x290.jpg 300w, https:\/\/www.pr-neu.de\/newsroom\/wordpress\/wp-content\/uploads\/2024\/04\/24_08_StoLevell_NeoAimS_Systemschnitt_K-1024x991.jpg 1024w, https:\/\/www.pr-neu.de\/newsroom\/wordpress\/wp-content\/uploads\/2024\/04\/24_08_StoLevell_NeoAimS_Systemschnitt_K-768x743.jpg 768w, https:\/\/www.pr-neu.de\/newsroom\/wordpress\/wp-content\/uploads\/2024\/04\/24_08_StoLevell_NeoAimS_Systemschnitt_K-1536x1486.jpg 1536w, https:\/\/www.pr-neu.de\/newsroom\/wordpress\/wp-content\/uploads\/2024\/04\/24_08_StoLevell_NeoAimS_Systemschnitt_K-2048x1981.jpg 2048w, https:\/\/www.pr-neu.de\/newsroom\/wordpress\/wp-content\/uploads\/2024\/04\/24_08_StoLevell_NeoAimS_Systemschnitt_K-110x106.jpg 110w, https:\/\/www.pr-neu.de\/newsroom\/wordpress\/wp-content\/uploads\/2024\/04\/24_08_StoLevell_NeoAimS_Systemschnitt_K-420x406.jpg 420w, https:\/\/www.pr-neu.de\/newsroom\/wordpress\/wp-content\/uploads\/2024\/04\/24_08_StoLevell_NeoAimS_Systemschnitt_K-444x430.jpg 444w\" sizes=\"auto, (max-width: 300px) 100vw, 300px\" \/><\/a><\/p>\n<p style=\"text-align: center;\">1 \u2014 Verklebung: StoLevell Neo AimS<br \/>\n2 \u2014 D\u00e4mmung: Sto-Weichfaserplatte M 039<br \/>\n3 \u2014 Befestigung: Sto-Thermod\u00fcbel II UEZ 8\/60<br \/>\n4 \u2014 Unterputz: StoLevell Neo AimS<br \/>\n5 \u2014 Bewehrung \/ Armierung: Sto-Glasfasergewebe<br \/>\n6 \u2014 Zwischenbeschichtung: StoPrep Miral AimS<br \/>\n7 \u2014 Schlussbeschichtung: Stolit AimS<br \/>\n8 \u2014 Anstrich (optional): StoColor Lotusan AimS<br \/>\nGrafik: Sto SE &amp; Co. KGaA<\/p>\n<p>&nbsp;<\/p>\n<p><a href=\"http:\/\/www.pr-neu.de\/newsroom\/wordpress\/wp-content\/uploads\/2024\/04\/24_08_StoLevell_NeoAimS_Fassadendaemmung_K.jpg\" target=\"_blank\" rel=\"noopener\"><img loading=\"lazy\" decoding=\"async\" class=\"aligncenter wp-image-16717 size-medium\" src=\"http:\/\/www.pr-neu.de\/newsroom\/wordpress\/wp-content\/uploads\/2024\/04\/24_08_StoLevell_NeoAimS_Fassadendaemmung_K-300x192.jpg\" alt=\"Der neue Klebe- und Armierungsm\u00f6rtel StoLevell Neo AimS ist zu 100 Prozent zementfrei.\" width=\"300\" height=\"192\" srcset=\"https:\/\/www.pr-neu.de\/newsroom\/wordpress\/wp-content\/uploads\/2024\/04\/24_08_StoLevell_NeoAimS_Fassadendaemmung_K-300x192.jpg 300w, https:\/\/www.pr-neu.de\/newsroom\/wordpress\/wp-content\/uploads\/2024\/04\/24_08_StoLevell_NeoAimS_Fassadendaemmung_K-1024x654.jpg 1024w, https:\/\/www.pr-neu.de\/newsroom\/wordpress\/wp-content\/uploads\/2024\/04\/24_08_StoLevell_NeoAimS_Fassadendaemmung_K-768x490.jpg 768w, https:\/\/www.pr-neu.de\/newsroom\/wordpress\/wp-content\/uploads\/2024\/04\/24_08_StoLevell_NeoAimS_Fassadendaemmung_K-1536x980.jpg 1536w, https:\/\/www.pr-neu.de\/newsroom\/wordpress\/wp-content\/uploads\/2024\/04\/24_08_StoLevell_NeoAimS_Fassadendaemmung_K-2048x1307.jpg 2048w, https:\/\/www.pr-neu.de\/newsroom\/wordpress\/wp-content\/uploads\/2024\/04\/24_08_StoLevell_NeoAimS_Fassadendaemmung_K-110x70.jpg 110w, https:\/\/www.pr-neu.de\/newsroom\/wordpress\/wp-content\/uploads\/2024\/04\/24_08_StoLevell_NeoAimS_Fassadendaemmung_K-420x268.jpg 420w, https:\/\/www.pr-neu.de\/newsroom\/wordpress\/wp-content\/uploads\/2024\/04\/24_08_StoLevell_NeoAimS_Fassadendaemmung_K-674x430.jpg 674w\" sizes=\"auto, (max-width: 300px) 100vw, 300px\" \/><\/a><\/p>\n<p style=\"text-align: center;\">Der neue Klebe- und Armierungsm\u00f6rtel StoLevell Neo AimS ist zu 100 Prozent zementfrei.<br \/>\nBild: Martin Duckek \/ Sto SE &amp; Co. KGaA<\/p>\n<p>&nbsp;<\/p>\n<hr \/>\n<p>&nbsp;<\/p>\n<p>Abdruck honorarfrei, Belegexemplar erbeten<\/p>\n","protected":false},"excerpt":{"rendered":"<p>[Handwerk-Meldung]<br \/>\nFAF-Weltneuheit von Sto: Mit dem ersten zu 100\u202fProzent zementfreien, mineralischen Klebe- und Armierungsm\u00f6rtel \u201eStoLevell\u202fNeo\u202fAimS\u201c stellt Sto auf der \u201eFarbe\u201c einen besonders umweltfreundlichen Baustoff vor.<\/p>\n","protected":false},"author":9,"featured_media":16718,"comment_status":"closed","ping_status":"open","sticky":false,"template":"","format":"standard","meta":{"footnotes":""},"categories":[15],"tags":[2822,354,2956,360,414,504,2958],"class_list":["post-16716","post","type-post","status-publish","format-standard","has-post-thumbnail","hentry","category-sto","tag-faf","tag-messe","tag-mineralisch","tag-mortel","tag-putz","tag-sto-2","tag-stolevell-neo-aims"],"_links":{"self":[{"href":"https:\/\/www.pr-neu.de\/newsroom\/wp-json\/wp\/v2\/posts\/16716","targetHints":{"allow":["GET"]}}],"collection":[{"href":"https:\/\/www.pr-neu.de\/newsroom\/wp-json\/wp\/v2\/posts"}],"about":[{"href":"https:\/\/www.pr-neu.de\/newsroom\/wp-json\/wp\/v2\/types\/post"}],"author":[{"embeddable":true,"href":"https:\/\/www.pr-neu.de\/newsroom\/wp-json\/wp\/v2\/users\/9"}],"replies":[{"embeddable":true,"href":"https:\/\/www.pr-neu.de\/newsroom\/wp-json\/wp\/v2\/comments?post=16716"}],"version-history":[{"count":4,"href":"https:\/\/www.pr-neu.de\/newsroom\/wp-json\/wp\/v2\/posts\/16716\/revisions"}],"predecessor-version":[{"id":17075,"href":"https:\/\/www.pr-neu.de\/newsroom\/wp-json\/wp\/v2\/posts\/16716\/revisions\/17075"}],"wp:featuredmedia":[{"embeddable":true,"href":"https:\/\/www.pr-neu.de\/newsroom\/wp-json\/wp\/v2\/media\/16718"}],"wp:attachment":[{"href":"https:\/\/www.pr-neu.de\/newsroom\/wp-json\/wp\/v2\/media?parent=16716"}],"wp:term":[{"taxonomy":"category","embeddable":true,"href":"https:\/\/www.pr-neu.de\/newsroom\/wp-json\/wp\/v2\/categories?post=16716"},{"taxonomy":"post_tag","embeddable":true,"href":"https:\/\/www.pr-neu.de\/newsroom\/wp-json\/wp\/v2\/tags?post=16716"}],"curies":[{"name":"wp","href":"https:\/\/api.w.org\/{rel}","templated":true}]}}