{"id":16704,"date":"2024-06-10T08:06:07","date_gmt":"2024-06-10T06:06:07","guid":{"rendered":"https:\/\/www.pr-neu.de\/newsroom\/?p=16704"},"modified":"2024-06-12T08:46:02","modified_gmt":"2024-06-12T06:46:02","slug":"wertsache-zukunft-info-kampagne-fuer-hauseigentuemer-ausgebaut-2","status":"publish","type":"post","link":"https:\/\/www.pr-neu.de\/newsroom\/wertsache-zukunft-info-kampagne-fuer-hauseigentuemer-ausgebaut-2\/","title":{"rendered":"Wertsache Zukunft: Info-Kampagne f\u00fcr Hauseigent\u00fcmer ausgebaut"},"content":{"rendered":"<p><u><br \/>\nSto-Info-Portal erh\u00e4lt W\u00e4rmepumpen-Rechner<\/u><\/p>\n<p>Das neue Info-Portal wertsache-zukunft.de (bislang: wohnwert-steigern.de) bietet Eigenheimeigent\u00fcmern umfangreiche, neutrale Infos \u00fcber alle Aspekte der energetischen Sanierung: Einsparpotenziale, Sanierungsoptionen, Finanzierungs-Wege, M\u00f6glichkeiten der steuerlichen Absetzung, F\u00f6rdermittel-\u00dcbersicht und mehr. Seit 2021 informiert Sto Endverbraucher \u00fcber diese Website, ein neues Tool steigert die Attraktivit\u00e4t jetzt noch: Der neue \u201eNT-ready-Rechner\u201c ermittelt, ob sich eine W\u00e4rmepumpe lohnt. Fachhandwerker, die sich als Sto-Partner an der Kampagne beteiligen, sind f\u00fcr potenzielle Bauherren einfach \u00fcber die Postleitzahl-Suche zu finden. \u201eMit wertsache-zukunft.de motivieren wir gemeinsam mit den Maler- und Stuckateur-Betrieben Hauseigent\u00fcmer zur energetischen Geb\u00e4udesanierung \u2013 ganz im Sinne unserer Philosophie: Gemeinsam erreichen wir mehr\u201c, betont Heiner R\u00f6hr, Leiter Vertrieb Deutschland bei Sto.<\/p>\n<p>wertsache-zukunft.de<\/p>\n<hr \/>\n<p>&nbsp;<\/p>\n<p><a href=\"http:\/\/www.pr-neu.de\/newsroom\/wordpress\/wp-content\/uploads\/2024\/04\/24_14_Wertsache_K.jpg\" target=\"_blank\" rel=\"noopener\"><img loading=\"lazy\" decoding=\"async\" class=\"aligncenter wp-image-16702 size-medium\" src=\"http:\/\/www.pr-neu.de\/newsroom\/wordpress\/wp-content\/uploads\/2024\/04\/24_14_Wertsache_K-300x226.jpg\" alt=\"Gut zu wissen, wann die alte Fassade einen neuen Anstrich braucht.\" width=\"300\" height=\"226\" srcset=\"https:\/\/www.pr-neu.de\/newsroom\/wordpress\/wp-content\/uploads\/2024\/04\/24_14_Wertsache_K-300x226.jpg 300w, https:\/\/www.pr-neu.de\/newsroom\/wordpress\/wp-content\/uploads\/2024\/04\/24_14_Wertsache_K-1024x771.jpg 1024w, https:\/\/www.pr-neu.de\/newsroom\/wordpress\/wp-content\/uploads\/2024\/04\/24_14_Wertsache_K-768x578.jpg 768w, https:\/\/www.pr-neu.de\/newsroom\/wordpress\/wp-content\/uploads\/2024\/04\/24_14_Wertsache_K-1536x1156.jpg 1536w, https:\/\/www.pr-neu.de\/newsroom\/wordpress\/wp-content\/uploads\/2024\/04\/24_14_Wertsache_K-2048x1542.jpg 2048w, https:\/\/www.pr-neu.de\/newsroom\/wordpress\/wp-content\/uploads\/2024\/04\/24_14_Wertsache_K-110x83.jpg 110w, https:\/\/www.pr-neu.de\/newsroom\/wordpress\/wp-content\/uploads\/2024\/04\/24_14_Wertsache_K-420x316.jpg 420w, https:\/\/www.pr-neu.de\/newsroom\/wordpress\/wp-content\/uploads\/2024\/04\/24_14_Wertsache_K-571x430.jpg 571w\" sizes=\"auto, (max-width: 300px) 100vw, 300px\" \/><\/a><\/p>\n<p style=\"text-align: center;\">Gut zu wissen, wann die alte Fassade einen neuen Anstrich braucht.<br \/>\nBild: Martin Baitinger \/ Sto SE &amp; Co. KGaA<\/p>\n<p>&nbsp;<\/p>\n<hr \/>\n<p>&nbsp;<\/p>\n<p>Abdruck honorarfrei, Belegexemplar erbeten<\/p>\n","protected":false},"excerpt":{"rendered":"<p>[Handwerk-Meldung]<br \/>\nDas neue Info-Portal wertsache-zukunft.de (bislang: wohnwert-steigern.de) bietet Eigenheimeigent\u00fcmern umfangreiche, neutrale Infos \u00fcber alle Aspekte der energetischen Sanierung.<\/p>\n","protected":false},"author":9,"featured_media":16702,"comment_status":"closed","ping_status":"open","sticky":false,"template":"","format":"standard","meta":{"footnotes":""},"categories":[15],"tags":[2912,2950,1575,439,504],"class_list":["post-16704","post","type-post","status-publish","format-standard","has-post-thumbnail","hentry","category-sto","tag-eigenheim","tag-eigentuemer","tag-haus","tag-sanierung","tag-sto-2"],"_links":{"self":[{"href":"https:\/\/www.pr-neu.de\/newsroom\/wp-json\/wp\/v2\/posts\/16704","targetHints":{"allow":["GET"]}}],"collection":[{"href":"https:\/\/www.pr-neu.de\/newsroom\/wp-json\/wp\/v2\/posts"}],"about":[{"href":"https:\/\/www.pr-neu.de\/newsroom\/wp-json\/wp\/v2\/types\/post"}],"author":[{"embeddable":true,"href":"https:\/\/www.pr-neu.de\/newsroom\/wp-json\/wp\/v2\/users\/9"}],"replies":[{"embeddable":true,"href":"https:\/\/www.pr-neu.de\/newsroom\/wp-json\/wp\/v2\/comments?post=16704"}],"version-history":[{"count":3,"href":"https:\/\/www.pr-neu.de\/newsroom\/wp-json\/wp\/v2\/posts\/16704\/revisions"}],"predecessor-version":[{"id":16858,"href":"https:\/\/www.pr-neu.de\/newsroom\/wp-json\/wp\/v2\/posts\/16704\/revisions\/16858"}],"wp:featuredmedia":[{"embeddable":true,"href":"https:\/\/www.pr-neu.de\/newsroom\/wp-json\/wp\/v2\/media\/16702"}],"wp:attachment":[{"href":"https:\/\/www.pr-neu.de\/newsroom\/wp-json\/wp\/v2\/media?parent=16704"}],"wp:term":[{"taxonomy":"category","embeddable":true,"href":"https:\/\/www.pr-neu.de\/newsroom\/wp-json\/wp\/v2\/categories?post=16704"},{"taxonomy":"post_tag","embeddable":true,"href":"https:\/\/www.pr-neu.de\/newsroom\/wp-json\/wp\/v2\/tags?post=16704"}],"curies":[{"name":"wp","href":"https:\/\/api.w.org\/{rel}","templated":true}]}}