{"id":16701,"date":"2024-06-10T08:05:31","date_gmt":"2024-06-10T06:05:31","guid":{"rendered":"https:\/\/www.pr-neu.de\/newsroom\/?p=16701"},"modified":"2024-06-12T08:46:17","modified_gmt":"2024-06-12T06:46:17","slug":"info-portal-zur-energetischen-sanierung-ausgebaut-ev","status":"publish","type":"post","link":"https:\/\/www.pr-neu.de\/newsroom\/info-portal-zur-energetischen-sanierung-ausgebaut-ev\/","title":{"rendered":"Info-Portal zur energetischen Sanierung ausgebaut"},"content":{"rendered":"<p><u><br \/>\nwertsache-zukunft.de: Neuer W\u00e4rmepumpen-Rechner<\/u><\/p>\n<p>Das neue Info-Portal wertsache-zukunft.de (bislang: wohnwert-steigern.de) bietet Eigenheimeigent\u00fcmern umfangreiche, neutrale Infos \u00fcber alle Aspekte der energetischen Sanierung: Einsparpotenziale, Sanierungsoptionen, Finanzierungswege, M\u00f6glichkeiten der steuerlichen Absetzung, F\u00f6rdermittel-\u00dcbersicht und mehr. Damit finden Interessierte ein Rundum-Info-Paket zu allen Fragen, wie ein Eigenheim fit f\u00fcr die Zukunft gemacht wird. \u00dcber die Postleitzahl-Suche lassen sich auch gleich qualifizierte Handwerksbetriebe finden, die diese Arbeiten \u00fcbernehmen. Wer noch unschl\u00fcssig ist, kann auf der Website von Sto (sto.de), einem deutschen Hersteller von Fassadend\u00e4mmsystemen, erfolgreich realisierte Beispiele anschauen.<\/p>\n<p>wertsache-zukunft.de.<\/p>\n<p>&nbsp;<\/p>\n<hr \/>\n<p>&nbsp;<\/p>\n<p><a href=\"http:\/\/www.pr-neu.de\/newsroom\/wordpress\/wp-content\/uploads\/2024\/04\/24_14_Wertsache_K.jpg\" target=\"_blank\" rel=\"noopener\"><img loading=\"lazy\" decoding=\"async\" class=\"aligncenter wp-image-16702 size-medium\" src=\"http:\/\/www.pr-neu.de\/newsroom\/wordpress\/wp-content\/uploads\/2024\/04\/24_14_Wertsache_K-300x226.jpg\" alt=\"Gut zu wissen, wann die alte Fassade einen neuen Anstrich braucht.\" width=\"300\" height=\"226\" srcset=\"https:\/\/www.pr-neu.de\/newsroom\/wordpress\/wp-content\/uploads\/2024\/04\/24_14_Wertsache_K-300x226.jpg 300w, https:\/\/www.pr-neu.de\/newsroom\/wordpress\/wp-content\/uploads\/2024\/04\/24_14_Wertsache_K-1024x771.jpg 1024w, https:\/\/www.pr-neu.de\/newsroom\/wordpress\/wp-content\/uploads\/2024\/04\/24_14_Wertsache_K-768x578.jpg 768w, https:\/\/www.pr-neu.de\/newsroom\/wordpress\/wp-content\/uploads\/2024\/04\/24_14_Wertsache_K-1536x1156.jpg 1536w, https:\/\/www.pr-neu.de\/newsroom\/wordpress\/wp-content\/uploads\/2024\/04\/24_14_Wertsache_K-2048x1542.jpg 2048w, https:\/\/www.pr-neu.de\/newsroom\/wordpress\/wp-content\/uploads\/2024\/04\/24_14_Wertsache_K-110x83.jpg 110w, https:\/\/www.pr-neu.de\/newsroom\/wordpress\/wp-content\/uploads\/2024\/04\/24_14_Wertsache_K-420x316.jpg 420w, https:\/\/www.pr-neu.de\/newsroom\/wordpress\/wp-content\/uploads\/2024\/04\/24_14_Wertsache_K-571x430.jpg 571w\" sizes=\"auto, (max-width: 300px) 100vw, 300px\" \/><\/a><\/p>\n<p style=\"text-align: center;\">Gut zu wissen, wann die alte Fassade einen neuen Anstrich braucht.<\/p>\n<p style=\"text-align: center;\">Bild: Martin Baitinger \/ Sto SE &amp; Co. KGaA<\/p>\n<p>&nbsp;<\/p>\n<hr \/>\n<p>&nbsp;<\/p>\n<p>Abdruck honorarfrei, Belegexemplar erbeten<\/p>\n","protected":false},"excerpt":{"rendered":"<p>[Endverbraucher-Meldung]<br \/>\nDas neue Info-Portal wertsache-zukunft.de (bislang: wohnwert-steigern.de) bietet Eigenheimeigent\u00fcmern umfangreiche, neutrale Infos \u00fcber alle Aspekte der energetischen Sanierung.<\/p>\n","protected":false},"author":9,"featured_media":16702,"comment_status":"closed","ping_status":"open","sticky":false,"template":"","format":"standard","meta":{"footnotes":""},"categories":[15],"tags":[2912,2950,1575,439,504,1732,2948],"class_list":["post-16701","post","type-post","status-publish","format-standard","has-post-thumbnail","hentry","category-sto","tag-eigenheim","tag-eigentuemer","tag-haus","tag-sanierung","tag-sto-2","tag-wohnen","tag-wohnwer"],"_links":{"self":[{"href":"https:\/\/www.pr-neu.de\/newsroom\/wp-json\/wp\/v2\/posts\/16701","targetHints":{"allow":["GET"]}}],"collection":[{"href":"https:\/\/www.pr-neu.de\/newsroom\/wp-json\/wp\/v2\/posts"}],"about":[{"href":"https:\/\/www.pr-neu.de\/newsroom\/wp-json\/wp\/v2\/types\/post"}],"author":[{"embeddable":true,"href":"https:\/\/www.pr-neu.de\/newsroom\/wp-json\/wp\/v2\/users\/9"}],"replies":[{"embeddable":true,"href":"https:\/\/www.pr-neu.de\/newsroom\/wp-json\/wp\/v2\/comments?post=16701"}],"version-history":[{"count":2,"href":"https:\/\/www.pr-neu.de\/newsroom\/wp-json\/wp\/v2\/posts\/16701\/revisions"}],"predecessor-version":[{"id":16859,"href":"https:\/\/www.pr-neu.de\/newsroom\/wp-json\/wp\/v2\/posts\/16701\/revisions\/16859"}],"wp:featuredmedia":[{"embeddable":true,"href":"https:\/\/www.pr-neu.de\/newsroom\/wp-json\/wp\/v2\/media\/16702"}],"wp:attachment":[{"href":"https:\/\/www.pr-neu.de\/newsroom\/wp-json\/wp\/v2\/media?parent=16701"}],"wp:term":[{"taxonomy":"category","embeddable":true,"href":"https:\/\/www.pr-neu.de\/newsroom\/wp-json\/wp\/v2\/categories?post=16701"},{"taxonomy":"post_tag","embeddable":true,"href":"https:\/\/www.pr-neu.de\/newsroom\/wp-json\/wp\/v2\/tags?post=16701"}],"curies":[{"name":"wp","href":"https:\/\/api.w.org\/{rel}","templated":true}]}}