{"id":16697,"date":"2024-04-23T08:04:45","date_gmt":"2024-04-23T06:04:45","guid":{"rendered":"https:\/\/www.pr-neu.de\/newsroom\/?p=16697"},"modified":"2024-06-12T08:49:01","modified_gmt":"2024-06-12T06:49:01","slug":"natuerlich-trockene-fassaden-dryonic","status":"publish","type":"post","link":"https:\/\/www.pr-neu.de\/newsroom\/natuerlich-trockene-fassaden-dryonic\/","title":{"rendered":"Nat\u00fcrlich trockene Fassaden"},"content":{"rendered":"<p><u><br \/>\nStoColor Dryonic: Eine intelligente Familie<\/u><\/p>\n<p>Die intelligente Fassadenfarben-Familie StoColor Dryonic trocknet dank mikrostrukturierter Oberfl\u00e4che sehr schnell und sch\u00fctzt W\u00e4nde langfristig und effektiv vor Sonne, Regen und Tau. Die bionische Farbe ist ein Allrounder f\u00fcr s\u00e4mtliche bau\u00fcblichen Untergr\u00fcnde: Putz, Beton, Faserzementplatten \u2013 sogar Metall-Fassaden. F\u00fcr die Entwicklung nahmen die Sto-Forscher einen W\u00fcstenk\u00e4fer zum Vorbild, an dessen Panzer Feuchtigkeit (Regen, Nebel, Tau) sehr schnell und r\u00fcckstandslos abflie\u00dft. Die Oberfl\u00e4che der Fassadenfarbe funktioniert nach demselben Wirkprinzip. So ist die Fassade ohne biozide Filmschutzmittel vor dem Befall mit Algen und Pilzen gesch\u00fctzt. Mit spezifischen Zusatz-Schutzfunktionen erweitern die weiteren \u201eFamilienmitglieder\u201c das Einsatzspektrum:<\/p>\n<p><strong>Dunkle Farbt\u00f6ne<\/strong>: In der Version \u201eStoColor Dryonic S\u201c sind die lichtempfindlichen Farbpigmente mit \u201eSunBlock Technology\u201c zus\u00e4tzlich vor dem Ausbleichen gesch\u00fctzt. Selbst intensive T\u00f6ne behalten unter UV-Strahlung ihre Leuchtkraft und bleiben brillant. Die \u201eX-black-Technology\u201c verhindert zugleich, dass sich der Untergrund unter der dunklen Oberfl\u00e4che zu stark aufheizt und spr\u00f6de wird. Das beugt der Rissbildung vor.<br \/>\n<strong>Speziell f\u00fcr Holz<\/strong> konzipiert: \u201eStoColor Dryonic Wood\u201c. Die Farbe mit SunBlock- und X-black-Technology wirkt zus\u00e4tzlich isolierend gegen viele Holzinhaltsstoffe und beugt so Verf\u00e4rbungen vor. Das Holz bleibt lange sch\u00f6n und intakt.<br \/>\n<strong>Metalliceffekte<\/strong> bietet das j\u00fcngste Familienmitglied, \u201eStoColor Dryonic M\u201c. Diese Spezialfarbe enth\u00e4lt zus\u00e4tzliche Metallicpigmente und veredelt so schimmernde Fassaden mit Bronze-, Silber-, Gold- oder Kupfert\u00f6nen. stocolordryonic.de<\/p>\n<p>&nbsp;<\/p>\n<hr \/>\n<p>&nbsp;<\/p>\n<p><a href=\"http:\/\/www.pr-neu.de\/newsroom\/wordpress\/wp-content\/uploads\/2024\/04\/24_12_Trocken_K-1.jpg\" target=\"_blank\" rel=\"noopener\"><img loading=\"lazy\" decoding=\"async\" class=\"aligncenter wp-image-16698 size-medium\" src=\"http:\/\/www.pr-neu.de\/newsroom\/wordpress\/wp-content\/uploads\/2024\/04\/24_12_Trocken_K-1-300x210.jpg\" alt=\"Die bionische Fassadenfarbe StoColor Dryonic kann auf nahezu allen bau\u00fcblichen Untergr\u00fcnden appliziert werden.\" width=\"300\" height=\"210\" srcset=\"https:\/\/www.pr-neu.de\/newsroom\/wordpress\/wp-content\/uploads\/2024\/04\/24_12_Trocken_K-1-300x210.jpg 300w, https:\/\/www.pr-neu.de\/newsroom\/wordpress\/wp-content\/uploads\/2024\/04\/24_12_Trocken_K-1-1024x718.jpg 1024w, https:\/\/www.pr-neu.de\/newsroom\/wordpress\/wp-content\/uploads\/2024\/04\/24_12_Trocken_K-1-768x539.jpg 768w, https:\/\/www.pr-neu.de\/newsroom\/wordpress\/wp-content\/uploads\/2024\/04\/24_12_Trocken_K-1-1536x1077.jpg 1536w, https:\/\/www.pr-neu.de\/newsroom\/wordpress\/wp-content\/uploads\/2024\/04\/24_12_Trocken_K-1-2048x1436.jpg 2048w, https:\/\/www.pr-neu.de\/newsroom\/wordpress\/wp-content\/uploads\/2024\/04\/24_12_Trocken_K-1-110x77.jpg 110w, https:\/\/www.pr-neu.de\/newsroom\/wordpress\/wp-content\/uploads\/2024\/04\/24_12_Trocken_K-1-420x295.jpg 420w, https:\/\/www.pr-neu.de\/newsroom\/wordpress\/wp-content\/uploads\/2024\/04\/24_12_Trocken_K-1-613x430.jpg 613w\" sizes=\"auto, (max-width: 300px) 100vw, 300px\" \/><\/a><\/p>\n<p style=\"text-align: center;\">Die bionische Fassadenfarbe StoColor Dryonic kann auf nahezu allen bau\u00fcblichen Untergr\u00fcnden appliziert werden.<br \/>\nFoto: Martin Baitinger \/ Sto SE &amp; Co. KGaA<\/p>\n<p>&nbsp;<\/p>\n<p><a href=\"http:\/\/www.pr-neu.de\/newsroom\/wordpress\/wp-content\/uploads\/2024\/04\/24_12_Vergleich_K-1.jpg\" target=\"_blank\" rel=\"noopener\"><img loading=\"lazy\" decoding=\"async\" class=\"aligncenter wp-image-16699 size-medium\" src=\"http:\/\/www.pr-neu.de\/newsroom\/wordpress\/wp-content\/uploads\/2024\/04\/24_12_Vergleich_K-1-300x169.jpg\" alt=\"Der Vergleich zeigt, wie Wasser auf einer konventionellen Oberfl\u00e4che (links) haftet und wie es auf einer Dryonic-Oberfl\u00e4che sofort abflie\u00dft. Die bionische Farbe sorgt f\u00fcr trockene W\u00e4nde.\" width=\"300\" height=\"169\" srcset=\"https:\/\/www.pr-neu.de\/newsroom\/wordpress\/wp-content\/uploads\/2024\/04\/24_12_Vergleich_K-1-300x169.jpg 300w, https:\/\/www.pr-neu.de\/newsroom\/wordpress\/wp-content\/uploads\/2024\/04\/24_12_Vergleich_K-1-1024x576.jpg 1024w, https:\/\/www.pr-neu.de\/newsroom\/wordpress\/wp-content\/uploads\/2024\/04\/24_12_Vergleich_K-1-768x432.jpg 768w, https:\/\/www.pr-neu.de\/newsroom\/wordpress\/wp-content\/uploads\/2024\/04\/24_12_Vergleich_K-1-1536x864.jpg 1536w, https:\/\/www.pr-neu.de\/newsroom\/wordpress\/wp-content\/uploads\/2024\/04\/24_12_Vergleich_K-1-2048x1152.jpg 2048w, https:\/\/www.pr-neu.de\/newsroom\/wordpress\/wp-content\/uploads\/2024\/04\/24_12_Vergleich_K-1-110x62.jpg 110w, https:\/\/www.pr-neu.de\/newsroom\/wordpress\/wp-content\/uploads\/2024\/04\/24_12_Vergleich_K-1-420x236.jpg 420w, https:\/\/www.pr-neu.de\/newsroom\/wordpress\/wp-content\/uploads\/2024\/04\/24_12_Vergleich_K-1-770x430.jpg 770w, https:\/\/www.pr-neu.de\/newsroom\/wordpress\/wp-content\/uploads\/2024\/04\/24_12_Vergleich_K-1-764x430.jpg 764w\" sizes=\"auto, (max-width: 300px) 100vw, 300px\" \/><\/a><\/p>\n<p style=\"text-align: center;\">Der Vergleich zeigt, wie Wasser auf einer konventionellen Oberfl\u00e4che (links) haftet und wie es auf einer Dryonic-Oberfl\u00e4che sofort abflie\u00dft. Die bionische Farbe sorgt f\u00fcr trockene W\u00e4nde.<br \/>\nBild: Step-Ani-Motion \/ Sto SE &amp;Co. KGaA<\/p>\n<p>&nbsp;<\/p>\n<hr \/>\n<p>&nbsp;<\/p>\n<p>Abdruck honorarfrei, Belegexemplar erbeten<\/p>\n","protected":false},"excerpt":{"rendered":"<p>Die intelligente Fassadenfarben-Familie StoColor Dryonic trocknet dank mikrostrukturierter Oberfl\u00e4che sehr schnell und sch\u00fctzt W\u00e4nde langfristig und effektiv vor Sonne, Regen und Tau.<\/p>\n","protected":false},"author":9,"featured_media":16698,"comment_status":"closed","ping_status":"open","sticky":false,"template":"","format":"standard","meta":{"footnotes":""},"categories":[15],"tags":[2478,2896,180,187,2946,504,509],"class_list":["post-16697","post","type-post","status-publish","format-standard","has-post-thumbnail","hentry","category-sto","tag-aussenfarbe","tag-dryonic","tag-farbe","tag-fassade","tag-fassadenfarbe","tag-sto-2","tag-stocolor"],"_links":{"self":[{"href":"https:\/\/www.pr-neu.de\/newsroom\/wp-json\/wp\/v2\/posts\/16697","targetHints":{"allow":["GET"]}}],"collection":[{"href":"https:\/\/www.pr-neu.de\/newsroom\/wp-json\/wp\/v2\/posts"}],"about":[{"href":"https:\/\/www.pr-neu.de\/newsroom\/wp-json\/wp\/v2\/types\/post"}],"author":[{"embeddable":true,"href":"https:\/\/www.pr-neu.de\/newsroom\/wp-json\/wp\/v2\/users\/9"}],"replies":[{"embeddable":true,"href":"https:\/\/www.pr-neu.de\/newsroom\/wp-json\/wp\/v2\/comments?post=16697"}],"version-history":[{"count":3,"href":"https:\/\/www.pr-neu.de\/newsroom\/wp-json\/wp\/v2\/posts\/16697\/revisions"}],"predecessor-version":[{"id":16887,"href":"https:\/\/www.pr-neu.de\/newsroom\/wp-json\/wp\/v2\/posts\/16697\/revisions\/16887"}],"wp:featuredmedia":[{"embeddable":true,"href":"https:\/\/www.pr-neu.de\/newsroom\/wp-json\/wp\/v2\/media\/16698"}],"wp:attachment":[{"href":"https:\/\/www.pr-neu.de\/newsroom\/wp-json\/wp\/v2\/media?parent=16697"}],"wp:term":[{"taxonomy":"category","embeddable":true,"href":"https:\/\/www.pr-neu.de\/newsroom\/wp-json\/wp\/v2\/categories?post=16697"},{"taxonomy":"post_tag","embeddable":true,"href":"https:\/\/www.pr-neu.de\/newsroom\/wp-json\/wp\/v2\/tags?post=16697"}],"curies":[{"name":"wp","href":"https:\/\/api.w.org\/{rel}","templated":true}]}}