{"id":16688,"date":"2024-06-03T08:00:02","date_gmt":"2024-06-03T06:00:02","guid":{"rendered":"https:\/\/www.pr-neu.de\/newsroom\/?p=16688"},"modified":"2024-05-27T10:33:43","modified_gmt":"2024-05-27T08:33:43","slug":"neue-farbtoene-fuer-natuerliches-wohlfuehl-wohnklima","status":"publish","type":"post","link":"https:\/\/www.pr-neu.de\/newsroom\/neue-farbtoene-fuer-natuerliches-wohlfuehl-wohnklima\/","title":{"rendered":"Neue Farbt\u00f6ne f\u00fcr nat\u00fcrliches Wohlf\u00fchl-Wohnklima"},"content":{"rendered":"<p>&nbsp;<\/p>\n<p><u>StoColor System zur FAF: Neue Kollektion \u201eInterior Colors 24+\u201c \/ Farbt\u00f6ne aus der Flora<\/u><\/p>\n<p><strong>Die Farbpalette des StoColor Systems erh\u00e4lt zur Messe \u201eFAF\u201c die neue Kollektion \u201eInterior Colors 24+\u201c. Sie umfasst 50 neue Farbt\u00f6ne, entwickelt aus der Farbenpracht der Flora.<\/strong><\/p>\n<p>Seit Jahrtausenden gewinnen Menschen Farben in vitalen T\u00f6nen aus Pflanzen. Sto hat jetzt mit diesem Ansatz die \u201eInterior Colors 24+\u201c als neue Kollektion des StoColor Systems entwickelt. Sie umfasst 50 kraftvolle T\u00f6ne f\u00fcr Innenfarben, die sich aus der Flora und ihren Assoziationen definieren. Daf\u00fcr kombinierte Sto althergebrachte Methoden und hochmoderne Technik: \u201eWir haben die Wurzelst\u00f6cke der Curcuma, auch Gelb- oder Safranwurzel genannt, ausgekocht\u201c, berichtet Peter Appenzeller, Leiter StoDesign. \u201eStoff- oder Papierst\u00fccke saugten w\u00e4hrend des Kochens den Farbstoff Curcumin auf. Die dabei entstandenen Farbt\u00f6ne verma\u00dfen wir elektronisch und haben sie dann mit modernen T\u00f6npasten exakt nachgemischt und rezeptiert.\u201c<\/p>\n<p>Diese 50 Farbt\u00f6ne nach nat\u00fcrlichem Vorbild gibt es nun in der A6-Musterbox \u201eInterior Colors 24+\u201c. Zudem liefert Sto Einblicke, wie Kombinationen der Farbt\u00f6ne wirken \u2013 mit neun 3D-Visualisierungen, jeweils drei f\u00fcr die Stilwelten Essen, Schlafen und Wohnen.<\/p>\n<p>Die naturnahe \u00c4sthetik passt besonders gut zu einem mineralischen Putzsystem wie StoCalce Functio, das zugleich die Luftfeuchte im Innenraum reguliert. Gemeinsam mit den nat\u00fcrlich anmutenden Farbt\u00f6nen entsteht ein besonders behagliches Wohnklima. Mehr Info: sto.de\/ic24plus<\/p>\n<hr \/>\n<p>&nbsp;<\/p>\n<p>K A S T E N<\/p>\n<p><strong>Das StoColor System<\/strong> wurde 2022 auf der Basis der metrischen Farbsystematik entwickelt. Es enth\u00e4lt mehr als 1000 Farbt\u00f6ne f\u00fcr Fassaden plus 225 Nuancen f\u00fcr den Innenraum. Hinzu kommen mehr als 200 Lackt\u00f6ne, 38 Holzlasurt\u00f6ne und 72 historisch bedeutsame Farbt\u00f6ne, \u00fcberwiegend nat\u00fcrliche Erdfarben beziehungsweise Pigmente. 2024 kamen nun die 50 nat\u00fcrlichen Pflanzenfarbt\u00f6ne hinzu. stocolorsystem.de<\/p>\n<p>&nbsp;<\/p>\n<hr \/>\n<p>&nbsp;<\/p>\n<p><a href=\"http:\/\/www.pr-neu.de\/newsroom\/wordpress\/wp-content\/uploads\/2024\/04\/24_11_Naturfarbtoene_K.jpg\" target=\"_blank\" rel=\"noopener\"><img loading=\"lazy\" decoding=\"async\" class=\"aligncenter wp-image-16691 size-medium\" src=\"http:\/\/www.pr-neu.de\/newsroom\/wordpress\/wp-content\/uploads\/2024\/04\/24_11_Naturfarbtoene_K-300x168.jpg\" alt=\"Gelb wie Safran, Gr\u00fcn wie Salbei, Rot wie Klatschmohn: Bl\u00fcten, Bl\u00e4tter, Fr\u00fcchte und Wurzeln inspirierten das Team von StoDesign zur neuen Kollektion \u201eInterior Colors 24+\u201c, die das StoColor System um 50 Naturfarbt\u00f6ne aus der Flora erweitert. Aus den roten Narben dieser Bl\u00fcten wird beispielsweise Safran gewonnen \u2013 und war Vorlage f\u00fcr einen der neuen Farbt\u00f6ne.\" width=\"300\" height=\"168\" srcset=\"https:\/\/www.pr-neu.de\/newsroom\/wordpress\/wp-content\/uploads\/2024\/04\/24_11_Naturfarbtoene_K-300x168.jpg 300w, https:\/\/www.pr-neu.de\/newsroom\/wordpress\/wp-content\/uploads\/2024\/04\/24_11_Naturfarbtoene_K-1024x574.jpg 1024w, https:\/\/www.pr-neu.de\/newsroom\/wordpress\/wp-content\/uploads\/2024\/04\/24_11_Naturfarbtoene_K-768x430.jpg 768w, https:\/\/www.pr-neu.de\/newsroom\/wordpress\/wp-content\/uploads\/2024\/04\/24_11_Naturfarbtoene_K-1536x861.jpg 1536w, https:\/\/www.pr-neu.de\/newsroom\/wordpress\/wp-content\/uploads\/2024\/04\/24_11_Naturfarbtoene_K-2048x1148.jpg 2048w, https:\/\/www.pr-neu.de\/newsroom\/wordpress\/wp-content\/uploads\/2024\/04\/24_11_Naturfarbtoene_K-110x62.jpg 110w, https:\/\/www.pr-neu.de\/newsroom\/wordpress\/wp-content\/uploads\/2024\/04\/24_11_Naturfarbtoene_K-420x235.jpg 420w, https:\/\/www.pr-neu.de\/newsroom\/wordpress\/wp-content\/uploads\/2024\/04\/24_11_Naturfarbtoene_K-248x138.jpg 248w, https:\/\/www.pr-neu.de\/newsroom\/wordpress\/wp-content\/uploads\/2024\/04\/24_11_Naturfarbtoene_K-770x430.jpg 770w, https:\/\/www.pr-neu.de\/newsroom\/wordpress\/wp-content\/uploads\/2024\/04\/24_11_Naturfarbtoene_K-767x430.jpg 767w\" sizes=\"auto, (max-width: 300px) 100vw, 300px\" \/><\/a><\/p>\n<p style=\"text-align: center;\">Gelb wie Safran, Gr\u00fcn wie Salbei, Rot wie Klatschmohn: Bl\u00fcten, Bl\u00e4tter, Fr\u00fcchte und Wurzeln inspirierten das Team von StoDesign zur neuen Kollektion \u201eInterior Colors 24+\u201c, die das StoColor System um 50 Naturfarbt\u00f6ne aus der Flora erweitert. Aus den roten Narben dieser Bl\u00fcten wird beispielsweise Safran gewonnen \u2013 sie waren die Vorlage f\u00fcr einen der neuen Farbt\u00f6ne.<\/p>\n<p style=\"text-align: center;\">Foto: Adobe Stock \/ Suleyman<\/p>\n<p>&nbsp;<\/p>\n<p><a href=\"http:\/\/www.pr-neu.de\/newsroom\/wordpress\/wp-content\/uploads\/2024\/04\/24_11_Wohlfuehl-Wohnklima_K.jpg\" target=\"_blank\" rel=\"noopener\"><img loading=\"lazy\" decoding=\"async\" class=\"aligncenter wp-image-16689 size-medium\" src=\"http:\/\/www.pr-neu.de\/newsroom\/wordpress\/wp-content\/uploads\/2024\/04\/24_11_Wohlfuehl-Wohnklima_K-300x201.jpg\" alt=\"Immer mehr Bauherren achten bei ihrer Raumgestaltung auf mehr als nur \u201esch\u00f6ne\u201c R\u00e4ume. Mit \u00f6kologischen, nat\u00fcrlichen Materialien m\u00f6chten sie ein behagliches und gesundes Wohnklima schaffen. Dieses Beispiel zeigt, wie es geht: Eine Kombination der Farbt\u00f6ne Hemp Fallow (Deckenfl\u00e4che), Dried Laurel und Aubergine schafft eine elegante und entspannende Atmosph\u00e4re im Schlafzimmer.\" width=\"300\" height=\"201\" srcset=\"https:\/\/www.pr-neu.de\/newsroom\/wordpress\/wp-content\/uploads\/2024\/04\/24_11_Wohlfuehl-Wohnklima_K-300x201.jpg 300w, https:\/\/www.pr-neu.de\/newsroom\/wordpress\/wp-content\/uploads\/2024\/04\/24_11_Wohlfuehl-Wohnklima_K-1024x685.jpg 1024w, https:\/\/www.pr-neu.de\/newsroom\/wordpress\/wp-content\/uploads\/2024\/04\/24_11_Wohlfuehl-Wohnklima_K-768x514.jpg 768w, https:\/\/www.pr-neu.de\/newsroom\/wordpress\/wp-content\/uploads\/2024\/04\/24_11_Wohlfuehl-Wohnklima_K-1536x1027.jpg 1536w, https:\/\/www.pr-neu.de\/newsroom\/wordpress\/wp-content\/uploads\/2024\/04\/24_11_Wohlfuehl-Wohnklima_K-2048x1370.jpg 2048w, https:\/\/www.pr-neu.de\/newsroom\/wordpress\/wp-content\/uploads\/2024\/04\/24_11_Wohlfuehl-Wohnklima_K-110x74.jpg 110w, https:\/\/www.pr-neu.de\/newsroom\/wordpress\/wp-content\/uploads\/2024\/04\/24_11_Wohlfuehl-Wohnklima_K-420x281.jpg 420w, https:\/\/www.pr-neu.de\/newsroom\/wordpress\/wp-content\/uploads\/2024\/04\/24_11_Wohlfuehl-Wohnklima_K-643x430.jpg 643w\" sizes=\"auto, (max-width: 300px) 100vw, 300px\" \/><\/a><\/p>\n<p style=\"text-align: center;\">Immer mehr Bauherren achten bei ihrer Raumgestaltung auf mehr als nur \u201esch\u00f6ne\u201c R\u00e4ume. Mit \u00f6kologischen, nat\u00fcrlichen Materialien m\u00f6chten sie ein behagliches und gesundes Wohnklima schaffen. Dieses Beispiel zeigt, wie es geht: Eine Kombination der Farbt\u00f6ne Hemp Fallow (Deckenfl\u00e4che), Dried Laurel und Aubergine schafft eine elegante und entspannende Atmosph\u00e4re im Schlafzimmer.<\/p>\n<p style=\"text-align: center;\">Bild: Sto SE &amp; Co. KGaA<\/p>\n<p>&nbsp;<\/p>\n<p><a href=\"http:\/\/www.pr-neu.de\/newsroom\/wordpress\/wp-content\/uploads\/2024\/04\/24_11_Musterbox_K.jpg\" target=\"_blank\" rel=\"noopener\"><img loading=\"lazy\" decoding=\"async\" class=\"aligncenter wp-image-16690 size-medium\" src=\"http:\/\/www.pr-neu.de\/newsroom\/wordpress\/wp-content\/uploads\/2024\/04\/24_11_Musterbox_K-300x192.jpg\" alt=\"Mehr als Beispiele: Die A6-Musterbox zeigt neben den 50 Naturt\u00f6nen auch ausgesuchte Beispiele f\u00fcr die Farbton-Kombination: Harmonisch ausgew\u00e4hlte Zusammenstellungen f\u00fcr Wohn-, Schlaf- und Essr\u00e4ume.\" width=\"300\" height=\"192\" srcset=\"https:\/\/www.pr-neu.de\/newsroom\/wordpress\/wp-content\/uploads\/2024\/04\/24_11_Musterbox_K-300x192.jpg 300w, https:\/\/www.pr-neu.de\/newsroom\/wordpress\/wp-content\/uploads\/2024\/04\/24_11_Musterbox_K-1024x657.jpg 1024w, https:\/\/www.pr-neu.de\/newsroom\/wordpress\/wp-content\/uploads\/2024\/04\/24_11_Musterbox_K-768x492.jpg 768w, https:\/\/www.pr-neu.de\/newsroom\/wordpress\/wp-content\/uploads\/2024\/04\/24_11_Musterbox_K-1536x985.jpg 1536w, https:\/\/www.pr-neu.de\/newsroom\/wordpress\/wp-content\/uploads\/2024\/04\/24_11_Musterbox_K-2048x1313.jpg 2048w, https:\/\/www.pr-neu.de\/newsroom\/wordpress\/wp-content\/uploads\/2024\/04\/24_11_Musterbox_K-110x71.jpg 110w, https:\/\/www.pr-neu.de\/newsroom\/wordpress\/wp-content\/uploads\/2024\/04\/24_11_Musterbox_K-420x269.jpg 420w, https:\/\/www.pr-neu.de\/newsroom\/wordpress\/wp-content\/uploads\/2024\/04\/24_11_Musterbox_K-671x430.jpg 671w\" sizes=\"auto, (max-width: 300px) 100vw, 300px\" \/><\/a><\/p>\n<p style=\"text-align: center;\">Neben einer A6-Musterbox mit den 50 Naturt\u00f6nen gibt es auch ein Handbuch mit ausgesuchten Beispielen f\u00fcr die Farbton-Kombination: Harmonisch ausgew\u00e4hlte Zusammenstellungen f\u00fcr Wohn-, Schlaf- und Essr\u00e4ume.<\/p>\n<p style=\"text-align: center;\">Bild: Sto SE &amp; Co. KGaA<\/p>\n<p>&nbsp;<\/p>\n<hr \/>\n<p>&nbsp;<\/p>\n<p>Abdruck honorarfrei, Belegexemplar erbeten<\/p>\n","protected":false},"excerpt":{"rendered":"<p>(Handwerk-Meldung)<br \/>\nDie Farbpalette des StoColor Systems erh\u00e4lt zur Messe \u201eFAF\u201c die neue Kollektion \u201eInterior Colors 24+\u201c. Sie umfasst 50 neue Farbt\u00f6ne, entwickelt aus der Farbenpracht der Flora.<\/p>\n","protected":false},"author":9,"featured_media":16691,"comment_status":"closed","ping_status":"open","sticky":false,"template":"","format":"standard","meta":{"footnotes":""},"categories":[15],"tags":[180,2940,186,2944,2107,504],"class_list":["post-16688","post","type-post","status-publish","format-standard","has-post-thumbnail","hentry","category-sto","tag-farbe","tag-farbton","tag-farbtone","tag-flora","tag-natur","tag-sto-2"],"_links":{"self":[{"href":"https:\/\/www.pr-neu.de\/newsroom\/wp-json\/wp\/v2\/posts\/16688","targetHints":{"allow":["GET"]}}],"collection":[{"href":"https:\/\/www.pr-neu.de\/newsroom\/wp-json\/wp\/v2\/posts"}],"about":[{"href":"https:\/\/www.pr-neu.de\/newsroom\/wp-json\/wp\/v2\/types\/post"}],"author":[{"embeddable":true,"href":"https:\/\/www.pr-neu.de\/newsroom\/wp-json\/wp\/v2\/users\/9"}],"replies":[{"embeddable":true,"href":"https:\/\/www.pr-neu.de\/newsroom\/wp-json\/wp\/v2\/comments?post=16688"}],"version-history":[{"count":4,"href":"https:\/\/www.pr-neu.de\/newsroom\/wp-json\/wp\/v2\/posts\/16688\/revisions"}],"predecessor-version":[{"id":16693,"href":"https:\/\/www.pr-neu.de\/newsroom\/wp-json\/wp\/v2\/posts\/16688\/revisions\/16693"}],"wp:featuredmedia":[{"embeddable":true,"href":"https:\/\/www.pr-neu.de\/newsroom\/wp-json\/wp\/v2\/media\/16691"}],"wp:attachment":[{"href":"https:\/\/www.pr-neu.de\/newsroom\/wp-json\/wp\/v2\/media?parent=16688"}],"wp:term":[{"taxonomy":"category","embeddable":true,"href":"https:\/\/www.pr-neu.de\/newsroom\/wp-json\/wp\/v2\/categories?post=16688"},{"taxonomy":"post_tag","embeddable":true,"href":"https:\/\/www.pr-neu.de\/newsroom\/wp-json\/wp\/v2\/tags?post=16688"}],"curies":[{"name":"wp","href":"https:\/\/api.w.org\/{rel}","templated":true}]}}