{"id":16685,"date":"2024-04-23T08:01:06","date_gmt":"2024-04-23T06:01:06","guid":{"rendered":"https:\/\/www.pr-neu.de\/newsroom\/?p=16685"},"modified":"2024-06-12T08:49:32","modified_gmt":"2024-06-12T06:49:32","slug":"sauber-mit-einem-wisch","status":"publish","type":"post","link":"https:\/\/www.pr-neu.de\/newsroom\/sauber-mit-einem-wisch\/","title":{"rendered":"Sauber mit einem Wisch"},"content":{"rendered":"<p><u><br \/>\nFAF-Neuheit StoColor PuraClean: Matte, reinigungsf\u00e4hige Innenarbe <\/u><\/p>\n<p><strong>Matt und abwischbar: Die matte Einkomponenten-Farbe StoColor PuraClean, neu zur \u201eFarbe\u201c vorgestellt, bietet erstmalig hohe Reinigungsf\u00e4higkeit ohne gl\u00e4nzende Optik f\u00fcr Innenw\u00e4nde.<\/strong><\/p>\n<p>Dauerhaft makellose Innenw\u00e4nde w\u00fcnscht sich jeder Bauherr. Doch Gebrauchsspuren sind schnell zu sehen \u2013 es sei denn, die Oberfl\u00e4che l\u00e4sst sich so einfach reinigen wie bei der neuen matten Profi-Innenfarbe StoColor PuraClean. Ob Kakaospuren, Rotweinspritzer oder etwas anderes \u2013 auf dieser Farbe bleiben keine Flecken zur\u00fcck, denn dank ihrer speziellen Oberfl\u00e4che ist sie unempfindlich gegen Verschmutzungen. Damit eignet sich die Farbe der Nassabriebklasse 1 optimal f\u00fcr \u00f6ffentliche Geb\u00e4ude, generell in hochfrequentierten R\u00e4umen und auch in privaten Geb\u00e4uden. Ihre Oberfl\u00e4che ist einfach und schnell mit einem feuchten Tuch oder Schwamm zu reinigen, dieser Effekt bleibt langfristig erhalten. Das erh\u00e4lt die \u00c4sthetik der Wand sehr dauerhaft und f\u00fchrt zu langen Renovierungszyklen.<\/p>\n<p><strong>Leicht zu verarbeiten<\/strong><br \/>\nDie Farbe wird per Rolle, Pinsel oder Airlessger\u00e4t appliziert und deckt (Deckverm\u00f6gen 2 nach EN 13300) mit ihrem hohem Wei\u00dfgrad gut. Es gibt sie in zahlreichen Farbt\u00f6nen des StoColor Systems und sie ist best\u00e4ndig gegen\u00fcber Fl\u00e4chendesinfektionsmitteln (laut Pr\u00fcfbericht), so dass sie auch unter erh\u00f6hten Hygieneanforderungen eingesetzt werden kann. StoColor PuraClean ist zudem frei von L\u00f6semitteln, Weichmachern und fogging-aktiven Substanzen, regelm\u00e4\u00dfig \u00fcberwacht vom T\u00dcV S\u00fcd.<\/p>\n<p>&nbsp;<\/p>\n<hr \/>\n<p>&nbsp;<\/p>\n<p><a href=\"http:\/\/www.pr-neu.de\/newsroom\/wordpress\/wp-content\/uploads\/2024\/04\/24_10_PuraClean_Komp_3_K.jpg\" target=\"_blank\" rel=\"noopener\"><img loading=\"lazy\" decoding=\"async\" class=\"aligncenter wp-image-16682 size-medium\" src=\"http:\/\/www.pr-neu.de\/newsroom\/wordpress\/wp-content\/uploads\/2024\/04\/24_10_PuraClean_Komp_3_K-300x230.jpg\" alt=\"Kaffeespuren an der Wand \u2026 lassen sich schnell und einfach mit einem feuchten Tuch abwischen.\" width=\"300\" height=\"230\" srcset=\"https:\/\/www.pr-neu.de\/newsroom\/wordpress\/wp-content\/uploads\/2024\/04\/24_10_PuraClean_Komp_3_K-300x230.jpg 300w, https:\/\/www.pr-neu.de\/newsroom\/wordpress\/wp-content\/uploads\/2024\/04\/24_10_PuraClean_Komp_3_K-1024x784.jpg 1024w, https:\/\/www.pr-neu.de\/newsroom\/wordpress\/wp-content\/uploads\/2024\/04\/24_10_PuraClean_Komp_3_K-768x588.jpg 768w, https:\/\/www.pr-neu.de\/newsroom\/wordpress\/wp-content\/uploads\/2024\/04\/24_10_PuraClean_Komp_3_K-1536x1176.jpg 1536w, https:\/\/www.pr-neu.de\/newsroom\/wordpress\/wp-content\/uploads\/2024\/04\/24_10_PuraClean_Komp_3_K-2048x1568.jpg 2048w, https:\/\/www.pr-neu.de\/newsroom\/wordpress\/wp-content\/uploads\/2024\/04\/24_10_PuraClean_Komp_3_K-110x84.jpg 110w, https:\/\/www.pr-neu.de\/newsroom\/wordpress\/wp-content\/uploads\/2024\/04\/24_10_PuraClean_Komp_3_K-420x322.jpg 420w, https:\/\/www.pr-neu.de\/newsroom\/wordpress\/wp-content\/uploads\/2024\/04\/24_10_PuraClean_Komp_3_K-561x430.jpg 561w\" sizes=\"auto, (max-width: 300px) 100vw, 300px\" \/><\/a><\/p>\n<p style=\"text-align: center;\">StoColor PuraClean: Test bestanden im Labor und im Treppenhaus.<\/p>\n<p>&nbsp;<\/p>\n<p><a href=\"http:\/\/www.pr-neu.de\/newsroom\/wordpress\/wp-content\/uploads\/2024\/04\/24_10_PuraClean_Komp_1_K.jpg\" target=\"_blank\" rel=\"noopener\"><img loading=\"lazy\" decoding=\"async\" class=\"aligncenter wp-image-16680 size-medium\" src=\"http:\/\/www.pr-neu.de\/newsroom\/wordpress\/wp-content\/uploads\/2024\/04\/24_10_PuraClean_Komp_1_K-300x200.jpg\" alt=\"Kaffeespuren an der Wand \u2026 lassen sich schnell und einfach mit einem feuchten Tuch abwischen.\" width=\"300\" height=\"200\" srcset=\"https:\/\/www.pr-neu.de\/newsroom\/wordpress\/wp-content\/uploads\/2024\/04\/24_10_PuraClean_Komp_1_K-300x200.jpg 300w, https:\/\/www.pr-neu.de\/newsroom\/wordpress\/wp-content\/uploads\/2024\/04\/24_10_PuraClean_Komp_1_K-1024x683.jpg 1024w, https:\/\/www.pr-neu.de\/newsroom\/wordpress\/wp-content\/uploads\/2024\/04\/24_10_PuraClean_Komp_1_K-768x512.jpg 768w, https:\/\/www.pr-neu.de\/newsroom\/wordpress\/wp-content\/uploads\/2024\/04\/24_10_PuraClean_Komp_1_K-1536x1025.jpg 1536w, https:\/\/www.pr-neu.de\/newsroom\/wordpress\/wp-content\/uploads\/2024\/04\/24_10_PuraClean_Komp_1_K-2048x1366.jpg 2048w, https:\/\/www.pr-neu.de\/newsroom\/wordpress\/wp-content\/uploads\/2024\/04\/24_10_PuraClean_Komp_1_K-110x73.jpg 110w, https:\/\/www.pr-neu.de\/newsroom\/wordpress\/wp-content\/uploads\/2024\/04\/24_10_PuraClean_Komp_1_K-420x280.jpg 420w, https:\/\/www.pr-neu.de\/newsroom\/wordpress\/wp-content\/uploads\/2024\/04\/24_10_PuraClean_Komp_1_K-645x430.jpg 645w\" sizes=\"auto, (max-width: 300px) 100vw, 300px\" \/><\/a><\/p>\n<p><a href=\"http:\/\/www.pr-neu.de\/newsroom\/wordpress\/wp-content\/uploads\/2024\/04\/24_10_PuraClean_Komp_2_K.jpg\" target=\"_blank\" rel=\"noopener\"><img loading=\"lazy\" decoding=\"async\" class=\"aligncenter wp-image-16681 size-medium\" src=\"http:\/\/www.pr-neu.de\/newsroom\/wordpress\/wp-content\/uploads\/2024\/04\/24_10_PuraClean_Komp_2_K-300x200.jpg\" alt=\"Kaffeespuren an der Wand \u2026 lassen sich schnell und einfach mit einem feuchten Tuch abwischen.\" width=\"300\" height=\"200\" srcset=\"https:\/\/www.pr-neu.de\/newsroom\/wordpress\/wp-content\/uploads\/2024\/04\/24_10_PuraClean_Komp_2_K-300x200.jpg 300w, https:\/\/www.pr-neu.de\/newsroom\/wordpress\/wp-content\/uploads\/2024\/04\/24_10_PuraClean_Komp_2_K-1024x683.jpg 1024w, https:\/\/www.pr-neu.de\/newsroom\/wordpress\/wp-content\/uploads\/2024\/04\/24_10_PuraClean_Komp_2_K-768x512.jpg 768w, https:\/\/www.pr-neu.de\/newsroom\/wordpress\/wp-content\/uploads\/2024\/04\/24_10_PuraClean_Komp_2_K-1536x1025.jpg 1536w, https:\/\/www.pr-neu.de\/newsroom\/wordpress\/wp-content\/uploads\/2024\/04\/24_10_PuraClean_Komp_2_K-2048x1366.jpg 2048w, https:\/\/www.pr-neu.de\/newsroom\/wordpress\/wp-content\/uploads\/2024\/04\/24_10_PuraClean_Komp_2_K-110x73.jpg 110w, https:\/\/www.pr-neu.de\/newsroom\/wordpress\/wp-content\/uploads\/2024\/04\/24_10_PuraClean_Komp_2_K-420x280.jpg 420w, https:\/\/www.pr-neu.de\/newsroom\/wordpress\/wp-content\/uploads\/2024\/04\/24_10_PuraClean_Komp_2_K-645x430.jpg 645w\" sizes=\"auto, (max-width: 300px) 100vw, 300px\" \/><\/a><\/p>\n<p style=\"text-align: center;\">Kaffeespuren an der Wand \u2026\u2026 lassen sich schnell und einfach mit einem feuchten Tuch abwischen.<\/p>\n<p style=\"text-align: center;\">Bilder: Martin Baitinger \/ Sto SE &amp; Co. KGaA<\/p>\n<p>&nbsp;<\/p>\n<hr \/>\n<p>&nbsp;<\/p>\n<p>Abdruck honorarfrei, Belegexemplar erbeten<\/p>\n","protected":false},"excerpt":{"rendered":"<p>[Handwerk-Meldung]<br \/>\nMatt und abwischbar: Die matte Einkomponenten-Farbe StoColor PuraClean, neu zur \u201eFarbe\u201c vorgestellt, bietet erstmalig hohe Reinigungsf\u00e4higkeit ohne gl\u00e4nzende Optik f\u00fcr Innenw\u00e4nde.<\/p>\n","protected":false},"author":9,"featured_media":16682,"comment_status":"closed","ping_status":"open","sticky":false,"template":"","format":"standard","meta":{"footnotes":""},"categories":[15],"tags":[180,2225,283,2286,504,617],"class_list":["post-16685","post","type-post","status-publish","format-standard","has-post-thumbnail","hentry","category-sto","tag-farbe","tag-innenfarbe","tag-innenraum","tag-innenwand","tag-sto-2","tag-wand"],"_links":{"self":[{"href":"https:\/\/www.pr-neu.de\/newsroom\/wp-json\/wp\/v2\/posts\/16685","targetHints":{"allow":["GET"]}}],"collection":[{"href":"https:\/\/www.pr-neu.de\/newsroom\/wp-json\/wp\/v2\/posts"}],"about":[{"href":"https:\/\/www.pr-neu.de\/newsroom\/wp-json\/wp\/v2\/types\/post"}],"author":[{"embeddable":true,"href":"https:\/\/www.pr-neu.de\/newsroom\/wp-json\/wp\/v2\/users\/9"}],"replies":[{"embeddable":true,"href":"https:\/\/www.pr-neu.de\/newsroom\/wp-json\/wp\/v2\/comments?post=16685"}],"version-history":[{"count":4,"href":"https:\/\/www.pr-neu.de\/newsroom\/wp-json\/wp\/v2\/posts\/16685\/revisions"}],"predecessor-version":[{"id":16879,"href":"https:\/\/www.pr-neu.de\/newsroom\/wp-json\/wp\/v2\/posts\/16685\/revisions\/16879"}],"wp:featuredmedia":[{"embeddable":true,"href":"https:\/\/www.pr-neu.de\/newsroom\/wp-json\/wp\/v2\/media\/16682"}],"wp:attachment":[{"href":"https:\/\/www.pr-neu.de\/newsroom\/wp-json\/wp\/v2\/media?parent=16685"}],"wp:term":[{"taxonomy":"category","embeddable":true,"href":"https:\/\/www.pr-neu.de\/newsroom\/wp-json\/wp\/v2\/categories?post=16685"},{"taxonomy":"post_tag","embeddable":true,"href":"https:\/\/www.pr-neu.de\/newsroom\/wp-json\/wp\/v2\/tags?post=16685"}],"curies":[{"name":"wp","href":"https:\/\/api.w.org\/{rel}","templated":true}]}}