{"id":16679,"date":"2024-04-23T08:00:19","date_gmt":"2024-04-23T06:00:19","guid":{"rendered":"https:\/\/www.pr-neu.de\/newsroom\/?p=16679"},"modified":"2024-06-12T08:49:58","modified_gmt":"2024-06-12T06:49:58","slug":"saubere-wand-mit-einem-wisch","status":"publish","type":"post","link":"https:\/\/www.pr-neu.de\/newsroom\/saubere-wand-mit-einem-wisch\/","title":{"rendered":"Saubere Wand mit einem Wisch"},"content":{"rendered":"<p><u><br \/>\nStoColor PuraClean: Matte, reinigungsf\u00e4hige Innenarbe <\/u><\/p>\n<p>Matt und abwischbar: Die Innenwand-Farbe StoColor PuraClean bietet erstmalig hohe Reinigungsf\u00e4higkeit ohne gl\u00e4nzende Optik. Dauerhaft makellose Innenw\u00e4nde w\u00fcnscht sich jeder, doch Flecken entstehen schnell. Kein Problem, wenn sich die Fl\u00e4che so einfach reinigen l\u00e4sst wie bei der neuen matten Innenfarbe. Ob Kakaospuren, Rotweinspritzer oder etwas anderes \u2013 hier bleiben keine Flecken zur\u00fcck, denn dank ihrer speziellen Oberfl\u00e4che ist sie unempfindlich gegen Verschmutzungen und wenn doch etwas auf ihr landet, ist sie einfach und schnell mit einem feuchten Tuch oder Schwamm gereinigt. StoColor PuraClean ist zudem frei von L\u00f6semitteln, Weichmachern und fogging-aktiven Substanzen, regelm\u00e4\u00dfig \u00fcberwacht vom T\u00dcV S\u00fcd, so belastet sie das Raumklima nicht. Es gibt sie in zahlreichen Farbt\u00f6nen.<\/p>\n<p>&nbsp;<\/p>\n<hr \/>\n<p>&nbsp;<\/p>\n<p><a href=\"http:\/\/www.pr-neu.de\/newsroom\/wordpress\/wp-content\/uploads\/2024\/04\/24_10_PuraClean_Komp_1_K.jpg\" target=\"_blank\" rel=\"noopener\"><img loading=\"lazy\" decoding=\"async\" class=\"aligncenter wp-image-16680 size-medium\" src=\"http:\/\/www.pr-neu.de\/newsroom\/wordpress\/wp-content\/uploads\/2024\/04\/24_10_PuraClean_Komp_1_K-300x200.jpg\" alt=\"Kaffeespuren an der Wand \u2026 lassen sich schnell und einfach mit einem feuchten Tuch abwischen.\" width=\"300\" height=\"200\" srcset=\"https:\/\/www.pr-neu.de\/newsroom\/wordpress\/wp-content\/uploads\/2024\/04\/24_10_PuraClean_Komp_1_K-300x200.jpg 300w, https:\/\/www.pr-neu.de\/newsroom\/wordpress\/wp-content\/uploads\/2024\/04\/24_10_PuraClean_Komp_1_K-1024x683.jpg 1024w, https:\/\/www.pr-neu.de\/newsroom\/wordpress\/wp-content\/uploads\/2024\/04\/24_10_PuraClean_Komp_1_K-768x512.jpg 768w, https:\/\/www.pr-neu.de\/newsroom\/wordpress\/wp-content\/uploads\/2024\/04\/24_10_PuraClean_Komp_1_K-1536x1025.jpg 1536w, https:\/\/www.pr-neu.de\/newsroom\/wordpress\/wp-content\/uploads\/2024\/04\/24_10_PuraClean_Komp_1_K-2048x1366.jpg 2048w, https:\/\/www.pr-neu.de\/newsroom\/wordpress\/wp-content\/uploads\/2024\/04\/24_10_PuraClean_Komp_1_K-110x73.jpg 110w, https:\/\/www.pr-neu.de\/newsroom\/wordpress\/wp-content\/uploads\/2024\/04\/24_10_PuraClean_Komp_1_K-420x280.jpg 420w, https:\/\/www.pr-neu.de\/newsroom\/wordpress\/wp-content\/uploads\/2024\/04\/24_10_PuraClean_Komp_1_K-645x430.jpg 645w\" sizes=\"auto, (max-width: 300px) 100vw, 300px\" \/><\/a><\/p>\n<p><a href=\"http:\/\/www.pr-neu.de\/newsroom\/wordpress\/wp-content\/uploads\/2024\/04\/24_10_PuraClean_Komp_2_K.jpg\" target=\"_blank\" rel=\"noopener\"><img loading=\"lazy\" decoding=\"async\" class=\"aligncenter wp-image-16681 size-medium\" src=\"http:\/\/www.pr-neu.de\/newsroom\/wordpress\/wp-content\/uploads\/2024\/04\/24_10_PuraClean_Komp_2_K-300x200.jpg\" alt=\"Kaffeespuren an der Wand \u2026 lassen sich schnell und einfach mit einem feuchten Tuch abwischen.\" width=\"300\" height=\"200\" srcset=\"https:\/\/www.pr-neu.de\/newsroom\/wordpress\/wp-content\/uploads\/2024\/04\/24_10_PuraClean_Komp_2_K-300x200.jpg 300w, https:\/\/www.pr-neu.de\/newsroom\/wordpress\/wp-content\/uploads\/2024\/04\/24_10_PuraClean_Komp_2_K-1024x683.jpg 1024w, https:\/\/www.pr-neu.de\/newsroom\/wordpress\/wp-content\/uploads\/2024\/04\/24_10_PuraClean_Komp_2_K-768x512.jpg 768w, https:\/\/www.pr-neu.de\/newsroom\/wordpress\/wp-content\/uploads\/2024\/04\/24_10_PuraClean_Komp_2_K-1536x1025.jpg 1536w, https:\/\/www.pr-neu.de\/newsroom\/wordpress\/wp-content\/uploads\/2024\/04\/24_10_PuraClean_Komp_2_K-2048x1366.jpg 2048w, https:\/\/www.pr-neu.de\/newsroom\/wordpress\/wp-content\/uploads\/2024\/04\/24_10_PuraClean_Komp_2_K-110x73.jpg 110w, https:\/\/www.pr-neu.de\/newsroom\/wordpress\/wp-content\/uploads\/2024\/04\/24_10_PuraClean_Komp_2_K-420x280.jpg 420w, https:\/\/www.pr-neu.de\/newsroom\/wordpress\/wp-content\/uploads\/2024\/04\/24_10_PuraClean_Komp_2_K-645x430.jpg 645w\" sizes=\"auto, (max-width: 300px) 100vw, 300px\" \/><\/a><\/p>\n<p style=\"text-align: center;\">Kaffeespuren an der Wand \u2026 lassen sich schnell und einfach mit einem feuchten Tuch abwischen.<br \/>\nBilder: Martin Baitinger \/ Sto SE &amp; Co. KGaA<\/p>\n<p>&nbsp;<\/p>\n<hr \/>\n<p>&nbsp;<\/p>\n<p>Abdruck honorarfrei, Belegexemplar erbeten<\/p>\n","protected":false},"excerpt":{"rendered":"<p>[Endverbraucher-Meldung]<br \/>\nMatt und abwischbar: Die Innenwand-Farbe StoColor PuraClean bietet erstmalig hohe Reinigungsf\u00e4higkeit ohne gl\u00e4nzende Optik.<\/p>\n","protected":false},"author":9,"featured_media":16680,"comment_status":"closed","ping_status":"open","sticky":false,"template":"","format":"standard","meta":{"footnotes":""},"categories":[15],"tags":[180,283,2286,504,617],"class_list":["post-16679","post","type-post","status-publish","format-standard","has-post-thumbnail","hentry","category-sto","tag-farbe","tag-innenraum","tag-innenwand","tag-sto-2","tag-wand"],"_links":{"self":[{"href":"https:\/\/www.pr-neu.de\/newsroom\/wp-json\/wp\/v2\/posts\/16679","targetHints":{"allow":["GET"]}}],"collection":[{"href":"https:\/\/www.pr-neu.de\/newsroom\/wp-json\/wp\/v2\/posts"}],"about":[{"href":"https:\/\/www.pr-neu.de\/newsroom\/wp-json\/wp\/v2\/types\/post"}],"author":[{"embeddable":true,"href":"https:\/\/www.pr-neu.de\/newsroom\/wp-json\/wp\/v2\/users\/9"}],"replies":[{"embeddable":true,"href":"https:\/\/www.pr-neu.de\/newsroom\/wp-json\/wp\/v2\/comments?post=16679"}],"version-history":[{"count":5,"href":"https:\/\/www.pr-neu.de\/newsroom\/wp-json\/wp\/v2\/posts\/16679\/revisions"}],"predecessor-version":[{"id":16881,"href":"https:\/\/www.pr-neu.de\/newsroom\/wp-json\/wp\/v2\/posts\/16679\/revisions\/16881"}],"wp:featuredmedia":[{"embeddable":true,"href":"https:\/\/www.pr-neu.de\/newsroom\/wp-json\/wp\/v2\/media\/16680"}],"wp:attachment":[{"href":"https:\/\/www.pr-neu.de\/newsroom\/wp-json\/wp\/v2\/media?parent=16679"}],"wp:term":[{"taxonomy":"category","embeddable":true,"href":"https:\/\/www.pr-neu.de\/newsroom\/wp-json\/wp\/v2\/categories?post=16679"},{"taxonomy":"post_tag","embeddable":true,"href":"https:\/\/www.pr-neu.de\/newsroom\/wp-json\/wp\/v2\/tags?post=16679"}],"curies":[{"name":"wp","href":"https:\/\/api.w.org\/{rel}","templated":true}]}}