{"id":1666,"date":"2013-01-10T13:42:09","date_gmt":"2013-01-10T12:42:09","guid":{"rendered":"http:\/\/www.pr-nord.de\/newsroom\/?p=1666"},"modified":"2020-05-29T09:28:30","modified_gmt":"2020-05-29T07:28:30","slug":"form-und-funktion","status":"publish","type":"post","link":"https:\/\/www.pr-neu.de\/newsroom\/form-und-funktion\/","title":{"rendered":"Form und Funktion"},"content":{"rendered":"<p><span style=\"text-decoration: underline;\">Neue Wege der Fassadend\u00e4mmung <\/span><\/p>\n<p><strong> D\u00fcrfen ged\u00e4mmte Fassaden ihrer Energiesparfunktion Ausdruck verleihen? Ja, meinen die Beteiligten des Forschungsprojekts WDVS-Modulation und pr\u00e4sentieren auf der BAU 2013, der Weltleitmesse f\u00fcr Architektur, Materialien, Systeme in M\u00fcnchen, einen v\u00f6llig neuen Ansatz bei der Gestaltung von Fassadend\u00e4mmungen. Wenn auch f\u00fcr D\u00e4mmstoffe gilt: \u201eform follows function\u201c, werden vereinheitlichende Sanierungen von Bestandgeb\u00e4uden ver\u00admieden, die Energieeffizienz von D\u00e4mmsystemen gesteigert und \u2013 vor allem \u2013 neue planerische Gestaltungs\u00adm\u00f6glichkeiten erschlossen. Eine erste Realisierung ist im Laufe des Jahres 2013 geplant. <\/strong><\/p>\n<p>Das D\u00e4mmen von Fassaden ist eine unbestreitbare Notwendigkeit und vor allem im Geb\u00e4udebestand geh\u00f6ren W\u00e4rmed\u00e4mm-Verbundsysteme zu den bestimmenden Baumaterialien unserer Zeit. Doch die gestalterischen M\u00f6glichkeiten dieser Systeme werden in Planung und Ausf\u00fchrung nicht ausgesch\u00f6pft. An dieser Erkenntnis setzt das Forschungsprojekt der M\u00fcnchener Architekten Hild und K, vertreten durch Andreas Hild und Faraneh Farnoudi, an. Im Rahmen der vom Bundesbauministerium gegr\u00fcndeten Forschungsinitiative Zukunft Bau pr\u00fcfen sie gemeinsam mit ihren Partnern Sto AG und Bayerische Hausbau \u201eModulationsm\u00f6glichkeiten der Geb\u00e4udeau\u00dfenhaut mittels w\u00e4rmesensitiver Aufnahmeverfahren\u201c. Konkret geht es darum, durch eine dreidimensionale Modulation der D\u00e4mmschicht sowohl die Fassadengestaltung zu individualisieren als auch die Leistung der D\u00e4mmsysteme zu verbessern.<\/p>\n<p>Ausgangspunkt der \u00dcberlegungen ist der unterschiedliche W\u00e4rmedurchgang verschiedener Bauteile einer Bestandsfassade. Wird die Dimensionierung des D\u00e4mmstoffs den ungleichen W\u00e4rmedurchgangskoeffizienten angepasst, entsteht eine Neuordnung der Oberfl\u00e4che, die sich aus den unterschiedlichen thermischen Zust\u00e4nden der Bauteile ableitet. Hierf\u00fcr berechnet ein Computerprogramm auf der Basis von thermografischen Aufnahmen W\u00e4rmedurchg\u00e4nge und M\u00e4ngel in der thermischen H\u00fclle, Temperaturverteilungen und Wasserdampf-Diffusionsstr\u00f6me des Geb\u00e4udes und simuliert diese dreidimensional. Die Simulation ist Grundlage der variantenreichen Entwurfsm\u00f6glichkeiten und zugleich der individuellen Fertigung der D\u00e4mmelemente. Diese Technik sorgt nicht nur f\u00fcr ein v\u00f6llig neues Erscheinungsbild von Fassaden, sondern spart zugleich Ressourcen, da stets nur so viel D\u00e4mmung eingesetzt wird, wie an der jeweiligen Stelle n\u00f6tig ist. So nimmt die Funktion des W\u00e4rmed\u00e4mm-Verbundsystems Gestalt an und eine authentische Form des Materialeinsatzes ist gew\u00e4hrleistet. Hild und K zeichnet verantwortlich f\u00fcr dieses Projekt und baut dabei auf langj\u00e4hrige Erfahrung bei der Fassadengestaltung \u2013 auch unter Nutzung von W\u00e4rmed\u00e4mm-Verbundsystemen. Die Sto AG unterst\u00fctzt das Forschungsprojekt hinsichtlich der Materialwahl, der Ausf\u00fchrbarkeit und der technischen Anforderungen \u2013 nicht zuletzt auch an die Beschichtungsmaterialien \u2013 sowie bei Fragen der Qualit\u00e4tssicherung. Das erste individualisierte Fassadend\u00e4mmsystem soll im Lauf des Jahres 2013 realisiert werden.<\/p>\n<p>&nbsp;<\/p>\n<hr noshade=\"noshade\" size=\"1\" \/>\n<p>&nbsp;<\/p>\n<table style=\"height: 493px;\" border=\"0\" width=\"646\" cellspacing=\"0\" cellpadding=\"0\">\n<tbody>\n<tr>\n<td valign=\"top\" width=\"370\" height=\"25\"><a href=\"http:\/\/www.pr-neu.de\/newsroom\/wordpress\/wp-content\/uploads\/2013\/01\/13-01-WB-Fassade_G.jpg\"><img loading=\"lazy\" decoding=\"async\" class=\"aligncenter size-medium wp-image-13378\" src=\"http:\/\/www.pr-neu.de\/newsroom\/wordpress\/wp-content\/uploads\/2013\/01\/13-01-WB-Fassade_G-300x183.jpg\" alt=\"\" width=\"300\" height=\"183\" srcset=\"https:\/\/www.pr-neu.de\/newsroom\/wordpress\/wp-content\/uploads\/2013\/01\/13-01-WB-Fassade_G-300x183.jpg 300w, https:\/\/www.pr-neu.de\/newsroom\/wordpress\/wp-content\/uploads\/2013\/01\/13-01-WB-Fassade_G-1024x625.jpg 1024w, https:\/\/www.pr-neu.de\/newsroom\/wordpress\/wp-content\/uploads\/2013\/01\/13-01-WB-Fassade_G-768x469.jpg 768w, https:\/\/www.pr-neu.de\/newsroom\/wordpress\/wp-content\/uploads\/2013\/01\/13-01-WB-Fassade_G-1536x937.jpg 1536w, https:\/\/www.pr-neu.de\/newsroom\/wordpress\/wp-content\/uploads\/2013\/01\/13-01-WB-Fassade_G-110x67.jpg 110w, https:\/\/www.pr-neu.de\/newsroom\/wordpress\/wp-content\/uploads\/2013\/01\/13-01-WB-Fassade_G-420x256.jpg 420w, https:\/\/www.pr-neu.de\/newsroom\/wordpress\/wp-content\/uploads\/2013\/01\/13-01-WB-Fassade_G-705x430.jpg 705w, https:\/\/www.pr-neu.de\/newsroom\/wordpress\/wp-content\/uploads\/2013\/01\/13-01-WB-Fassade_G.jpg 1911w\" sizes=\"auto, (max-width: 300px) 100vw, 300px\" \/><\/a><\/td>\n<td>Die W\u00e4rmebr\u00fcckensimulation der zu sanierenden Au\u00dfenfassade zeigt deutliche Unterschiede bei der W\u00e4rmestromdichte (Isolinien 1,0W\/m2).<\/p>\n<p>Grafik: Hild und K, M\u00fcnchen<\/td>\n<\/tr>\n<tr>\n<td valign=\"top\" width=\"370\" height=\"25\"><a href=\"http:\/\/www.pr-neu.de\/newsroom\/wordpress\/wp-content\/uploads\/2013\/01\/13-01-Computersimulation_G-2.jpg\"><img loading=\"lazy\" decoding=\"async\" class=\"aligncenter size-medium wp-image-13379\" src=\"http:\/\/www.pr-neu.de\/newsroom\/wordpress\/wp-content\/uploads\/2013\/01\/13-01-Computersimulation_G-2-300x222.jpg\" alt=\"\" width=\"300\" height=\"222\" srcset=\"https:\/\/www.pr-neu.de\/newsroom\/wordpress\/wp-content\/uploads\/2013\/01\/13-01-Computersimulation_G-2-300x222.jpg 300w, https:\/\/www.pr-neu.de\/newsroom\/wordpress\/wp-content\/uploads\/2013\/01\/13-01-Computersimulation_G-2-1024x759.jpg 1024w, https:\/\/www.pr-neu.de\/newsroom\/wordpress\/wp-content\/uploads\/2013\/01\/13-01-Computersimulation_G-2-768x569.jpg 768w, https:\/\/www.pr-neu.de\/newsroom\/wordpress\/wp-content\/uploads\/2013\/01\/13-01-Computersimulation_G-2-1536x1138.jpg 1536w, https:\/\/www.pr-neu.de\/newsroom\/wordpress\/wp-content\/uploads\/2013\/01\/13-01-Computersimulation_G-2-110x82.jpg 110w, https:\/\/www.pr-neu.de\/newsroom\/wordpress\/wp-content\/uploads\/2013\/01\/13-01-Computersimulation_G-2-420x311.jpg 420w, https:\/\/www.pr-neu.de\/newsroom\/wordpress\/wp-content\/uploads\/2013\/01\/13-01-Computersimulation_G-2-580x430.jpg 580w, https:\/\/www.pr-neu.de\/newsroom\/wordpress\/wp-content\/uploads\/2013\/01\/13-01-Computersimulation_G-2.jpg 1772w\" sizes=\"auto, (max-width: 300px) 100vw, 300px\" \/><\/a><\/td>\n<td>Das daraus abgeleitete dreidimensionale Computermodell dient als Vorlage f\u00fcr die Modulation von D\u00e4mmelementen.<\/p>\n<p>Grafik: Hild und K, M\u00fcnchen<\/td>\n<\/tr>\n<\/tbody>\n<\/table>\n<p>&nbsp;<\/p>\n<hr noshade=\"noshade\" size=\"1\" \/>\n<p>&nbsp;<\/p>\n<p>Abdruck honorarfrei, Belegexemplar erbeten<\/p>\n<p>&nbsp;<\/p>\n","protected":false},"excerpt":{"rendered":"<p>Neue Wege der Fassadend\u00e4mmung D\u00fcrfen ged\u00e4mmte Fassaden ihrer Energiesparfunktion Ausdruck verleihen? Ja, meinen die Beteiligten des Forschungsprojekts WDVS-Modulation und pr\u00e4sentieren auf der BAU 2013, der Weltleitmesse f\u00fcr Architektur, Materialien, Systeme in M\u00fcnchen, einen v\u00f6llig neuen Ansatz bei der Gestaltung von Fassadend\u00e4mmungen. Wenn auch f\u00fcr D\u00e4mmstoffe gilt: \u201eform follows function\u201c, werden vereinheitlichende Sanierungen von Bestandgeb\u00e4uden ver\u00admieden, [&hellip;]<\/p>\n","protected":false},"author":6,"featured_media":8222,"comment_status":"closed","ping_status":"open","sticky":false,"template":"","format":"standard","meta":{"footnotes":""},"categories":[3,15],"tags":[],"class_list":["post-1666","post","type-post","status-publish","format-standard","has-post-thumbnail","hentry","category-kundenmeldungen","category-sto"],"_links":{"self":[{"href":"https:\/\/www.pr-neu.de\/newsroom\/wp-json\/wp\/v2\/posts\/1666","targetHints":{"allow":["GET"]}}],"collection":[{"href":"https:\/\/www.pr-neu.de\/newsroom\/wp-json\/wp\/v2\/posts"}],"about":[{"href":"https:\/\/www.pr-neu.de\/newsroom\/wp-json\/wp\/v2\/types\/post"}],"author":[{"embeddable":true,"href":"https:\/\/www.pr-neu.de\/newsroom\/wp-json\/wp\/v2\/users\/6"}],"replies":[{"embeddable":true,"href":"https:\/\/www.pr-neu.de\/newsroom\/wp-json\/wp\/v2\/comments?post=1666"}],"version-history":[{"count":3,"href":"https:\/\/www.pr-neu.de\/newsroom\/wp-json\/wp\/v2\/posts\/1666\/revisions"}],"predecessor-version":[{"id":13380,"href":"https:\/\/www.pr-neu.de\/newsroom\/wp-json\/wp\/v2\/posts\/1666\/revisions\/13380"}],"wp:featuredmedia":[{"embeddable":true,"href":"https:\/\/www.pr-neu.de\/newsroom\/wp-json\/wp\/v2\/media\/8222"}],"wp:attachment":[{"href":"https:\/\/www.pr-neu.de\/newsroom\/wp-json\/wp\/v2\/media?parent=1666"}],"wp:term":[{"taxonomy":"category","embeddable":true,"href":"https:\/\/www.pr-neu.de\/newsroom\/wp-json\/wp\/v2\/categories?post=1666"},{"taxonomy":"post_tag","embeddable":true,"href":"https:\/\/www.pr-neu.de\/newsroom\/wp-json\/wp\/v2\/tags?post=1666"}],"curies":[{"name":"wp","href":"https:\/\/api.w.org\/{rel}","templated":true}]}}