{"id":16652,"date":"2024-04-11T14:59:42","date_gmt":"2024-04-11T12:59:42","guid":{"rendered":"https:\/\/www.pr-neu.de\/newsroom\/?p=16652"},"modified":"2024-04-11T15:00:09","modified_gmt":"2024-04-11T13:00:09","slug":"architekturwettbewerb-entschieden","status":"publish","type":"post","link":"https:\/\/www.pr-neu.de\/newsroom\/architekturwettbewerb-entschieden\/","title":{"rendered":"Architekturwettbewerb entschieden"},"content":{"rendered":"<p>&nbsp;<\/p>\n<p><u>Neues Innovations-Zentrum f\u00fcr Sto<\/u><\/p>\n<p><strong>Schulz und Schulz Architekten (Leipzig) hei\u00dfen die Sieger im Architekturwettbewerb f\u00fcr den neuen Sto Innovation Campus. Auf den zweiten Platz kam das Konzept von bez+kock Architekten (Stuttgart), die Arbeit von Steimle Architekten (Stuttgart) erreichte Platz 3. Zudem vergab die Jury unter dem Vorsitz von Silvia Schellenberg-Thaut zwei Anerkennungen.<\/strong><\/p>\n<p>Die Sto SE &amp; Co. KGaA plant ein neues Forschungs- und Entwicklungszentrum am Stammsitz in St\u00fchlingen. Umgeben von zwei Bundesstra\u00dfen, mehreren Bergen und dem Grenzfluss zur Schweiz, blieb als Standort f\u00fcr das Neubau-Ensemble nur das Gel\u00e4nde des heutigen Mitarbeiterparkplatzes. Nachdem die Stadt St\u00fchlingen die Bebauungs-Pl\u00e4ne Ende 2023 genehmigt hatte, lud Sto 15 Architekturb\u00fcros aus sechs L\u00e4ndern zu einem Wettbewerb ein. Ziel war es \u2013 nachdem der Masterplan Michael Wilfords f\u00fcr das bestehende Firmengel\u00e4nde im Jahr 2016 abgeschlossen war \u2013, ein neues Kapitel der Corporate Architecture bei Sto aufzuschlagen. Konkret sollen auf dem 25.300 Quadratmeter gro\u00dfen Grundst\u00fcck ein B\u00fcrogeb\u00e4ude und zwei Pr\u00fcfhallen mit insgesamt 20.400 Quadratmeter BGF entstehen, die \u201edie f\u00fchrende Rolle der Sto-Gruppe im Bereich nachhaltiger Bauprodukte repr\u00e4sentiert und sich gleichzeitig harmonisch in die Auenlandschaft des Wutachtals einf\u00fcgt.\u201c Zum Stichtag (22. Januar 2024) reichten 14 B\u00fcros ihre Ideen beim Wettbewerbsb\u00fcro B\u00e4umle Architekten\/Stadtplaner in Darmstadt ein.<\/p>\n<p>Am 6. und 7. M\u00e4rz diskutierten sieben Fachpreisrichter, f\u00fcnf Sachpreisrichter und acht Sachverst\u00e4ndige die Entw\u00fcrfe. Unter Vorsitz der Leipziger Architektin Silvia Schellenberg-Thaut (Atelier ST) k\u00fcrte die Jury schlie\u00dflich drei Sieger. Der erste Platz ging an Schulz und Schulz, Leipzig gemeinsam mit r\u202f+\u202fb landschaft\u202fs\u202farchitektur, Dresden. Einstimmig w\u00fcrdigte die Jury, dass das Projekt \u201ekein Spektakel\u201c ben\u00f6tige, sondern sich auf sich selbst und seine Inhalte beziehe und \u201egerade dadurch seine ehrliche und starke Ausstrahlung\u201c entwickle und \u201edamit die unausgesprochene aber sp\u00fcrbare Firmenhaltung perfekt zum Ausdruck\u201c bringe. Dar\u00fcber hinaus stellten die Jurorinnen und Juroren fest: \u201eDer Entwurf besticht in Konzept, Haltung und Ausdruck und vermag auf nahezu allen Betrachtungsebenen zu \u00fcberzeugen. Charakterisiert durch Robustheit, Angemessenheit und Bescheidenheit ist er zudem klar und nachhaltig, innovativ und zukunftsf\u00e4hig.\u201c<\/p>\n<p>Den zweiten Platz erreichten bez+kock Architekten, Stuttgart, mit Koeber Landschaftsarchitektur, ebenfalls Stuttgart, f\u00fcr eine Arbeit, die laut Jury \u201eeinen positiv \u00fcberraschenden und qualit\u00e4tsvollen st\u00e4dtebaulichen Auftritt hat.\u201c Den dritten Rang belegten Steimle Architekten, Stuttgart, mit Planstatt Senner aus \u00dcberlingen, deren Raumprogramm mit drei \u201ekompakten Bauk\u00f6rper(n) mit gutem A\/V-Verh\u00e4ltnis eine wirtschaftliche Bauweise und Betrieb erwarten\u201c lassen. Zudem vergab die Jury zwei gleichwertige Anerkennungen, die an Holzer Kobler Architekturen, Z\u00fcrich, mit Atelier Loidl, Berlin und kadawittfeldarchitektur, Aachen, gemeinsam mit KRAFT.RAUM. D\u00fcsseldorf gingen. Als Wettbewerbssumme hatte Sto 355.000 Euro ausgelobt.<\/p>\n<p>Vor Baubeginn gilt es nun, das Baugebiet ad\u00e4quat verkehrstechnisch zu erschlie\u00dfen. Hierf\u00fcr wird die Kreuzung B 314\/B 315 um eine Zufahrt auf den neuen Innovation Campus erweitert. Anschlie\u00dfend wird ein Parkhaus f\u00fcr die Mitarbeitenden errichtet, bevor die \u00dcberbauung der heutigen Parkpl\u00e4tze beginnen kann.<\/p>\n<p>&nbsp;<\/p>\n<hr \/>\n<p>&nbsp;<\/p>\n<p style=\"text-align: center;\"><a href=\"http:\/\/www.pr-neu.de\/newsroom\/wordpress\/wp-content\/uploads\/2024\/04\/24-15_Jury_K.jpg\" target=\"_blank\" rel=\"noopener\"><img loading=\"lazy\" decoding=\"async\" class=\"aligncenter wp-image-16657 size-medium\" src=\"http:\/\/www.pr-neu.de\/newsroom\/wordpress\/wp-content\/uploads\/2024\/04\/24-15_Jury_K-300x181.jpg\" alt=\"Das Fachpreisgericht (v.l.n.r.): Markus Hammes (hammeskrause architects, Stuttgart, DE), Wolfgang Riede (riede architekten, Singen, DE), Silvia Schellenberg-Thaut (Atelier ST, Leipzig, DE) \u2013 Juryvorsitzende \u2013, Andreas Cukrowicz (Cukrowicz Nachbaur Architekten, Bregenz, AT), Elke Ukas (Setup, Karlsruhe, DE) \u2013 Stellvertreterin \u2013, Martin Klein (Morger Partner Architekten, Basel CH) \u2013 Stellvertreter. Nicht im Bild: Sonja Blaser (faktorgruen, Freiburg, DE).\" width=\"300\" height=\"181\" srcset=\"https:\/\/www.pr-neu.de\/newsroom\/wordpress\/wp-content\/uploads\/2024\/04\/24-15_Jury_K-300x181.jpg 300w, https:\/\/www.pr-neu.de\/newsroom\/wordpress\/wp-content\/uploads\/2024\/04\/24-15_Jury_K-1024x616.jpg 1024w, https:\/\/www.pr-neu.de\/newsroom\/wordpress\/wp-content\/uploads\/2024\/04\/24-15_Jury_K-768x462.jpg 768w, https:\/\/www.pr-neu.de\/newsroom\/wordpress\/wp-content\/uploads\/2024\/04\/24-15_Jury_K-1536x924.jpg 1536w, https:\/\/www.pr-neu.de\/newsroom\/wordpress\/wp-content\/uploads\/2024\/04\/24-15_Jury_K-2048x1232.jpg 2048w, https:\/\/www.pr-neu.de\/newsroom\/wordpress\/wp-content\/uploads\/2024\/04\/24-15_Jury_K-110x66.jpg 110w, https:\/\/www.pr-neu.de\/newsroom\/wordpress\/wp-content\/uploads\/2024\/04\/24-15_Jury_K-420x253.jpg 420w, https:\/\/www.pr-neu.de\/newsroom\/wordpress\/wp-content\/uploads\/2024\/04\/24-15_Jury_K-715x430.jpg 715w\" sizes=\"auto, (max-width: 300px) 100vw, 300px\" \/><\/a><\/p>\n<p style=\"text-align: center;\">Das Fachpreisgericht (v.l.): Markus Hammes (hammeskrause architects, Stuttgart), Wolfgang Riede (riede architekten, Singen), Silvia Schellenberg-Thaut (Atelier ST, Leipzig, Juryvorsitzende), Andreas Cukrowicz (Cukrowicz Nachbaur Architekten, Bregenz), Elke Ukas (Setup, Karlsruhe, Stellvertreterin), Martin Klein (Morger Partner Architekten, Basel, Stellvertreter). Auf dem Bild fehlt Sonja Blaser (faktorgruen, Freiburg).<br \/>\nFoto: Sto SE &amp; Co. KGaA<\/p>\n<p>&nbsp;<\/p>\n<p style=\"text-align: center;\"><a href=\"http:\/\/www.pr-neu.de\/newsroom\/wordpress\/wp-content\/uploads\/2024\/04\/24-15_Platz_1_K.jpg\" target=\"_blank\" rel=\"noopener\"><img loading=\"lazy\" decoding=\"async\" class=\"aligncenter wp-image-16658 size-medium\" src=\"http:\/\/www.pr-neu.de\/newsroom\/wordpress\/wp-content\/uploads\/2024\/04\/24-15_Platz_1_K-300x200.jpg\" alt=\"\" width=\"300\" height=\"200\" srcset=\"https:\/\/www.pr-neu.de\/newsroom\/wordpress\/wp-content\/uploads\/2024\/04\/24-15_Platz_1_K-300x200.jpg 300w, https:\/\/www.pr-neu.de\/newsroom\/wordpress\/wp-content\/uploads\/2024\/04\/24-15_Platz_1_K-1024x683.jpg 1024w, https:\/\/www.pr-neu.de\/newsroom\/wordpress\/wp-content\/uploads\/2024\/04\/24-15_Platz_1_K-768x512.jpg 768w, https:\/\/www.pr-neu.de\/newsroom\/wordpress\/wp-content\/uploads\/2024\/04\/24-15_Platz_1_K-1536x1025.jpg 1536w, https:\/\/www.pr-neu.de\/newsroom\/wordpress\/wp-content\/uploads\/2024\/04\/24-15_Platz_1_K-2048x1366.jpg 2048w, https:\/\/www.pr-neu.de\/newsroom\/wordpress\/wp-content\/uploads\/2024\/04\/24-15_Platz_1_K-110x73.jpg 110w, https:\/\/www.pr-neu.de\/newsroom\/wordpress\/wp-content\/uploads\/2024\/04\/24-15_Platz_1_K-420x280.jpg 420w, https:\/\/www.pr-neu.de\/newsroom\/wordpress\/wp-content\/uploads\/2024\/04\/24-15_Platz_1_K-645x430.jpg 645w\" sizes=\"auto, (max-width: 300px) 100vw, 300px\" \/><\/a><\/p>\n<p style=\"text-align: center;\">Mit dem ersten Platz ausgezeichnet wurden Schulz und Schulz aus Leipzig gemeinsam mit r\u202f+\u202fb landschaft\u202fs\u202farchitektur, Dresden.<br \/>\nBild: Martin Baitinger \/ Sto SE &amp; Co. KGaA<\/p>\n<p>&nbsp;<\/p>\n<p style=\"text-align: center;\"><a href=\"http:\/\/www.pr-neu.de\/newsroom\/wordpress\/wp-content\/uploads\/2024\/04\/24-15_Platz_2_K.jpg\" target=\"_blank\" rel=\"noopener\"><img loading=\"lazy\" decoding=\"async\" class=\"aligncenter wp-image-16653 size-medium\" src=\"http:\/\/www.pr-neu.de\/newsroom\/wordpress\/wp-content\/uploads\/2024\/04\/24-15_Platz_2_K-300x200.jpg\" alt=\"\" width=\"300\" height=\"200\" srcset=\"https:\/\/www.pr-neu.de\/newsroom\/wordpress\/wp-content\/uploads\/2024\/04\/24-15_Platz_2_K-300x200.jpg 300w, https:\/\/www.pr-neu.de\/newsroom\/wordpress\/wp-content\/uploads\/2024\/04\/24-15_Platz_2_K-1024x683.jpg 1024w, https:\/\/www.pr-neu.de\/newsroom\/wordpress\/wp-content\/uploads\/2024\/04\/24-15_Platz_2_K-768x512.jpg 768w, https:\/\/www.pr-neu.de\/newsroom\/wordpress\/wp-content\/uploads\/2024\/04\/24-15_Platz_2_K-1536x1025.jpg 1536w, https:\/\/www.pr-neu.de\/newsroom\/wordpress\/wp-content\/uploads\/2024\/04\/24-15_Platz_2_K-2048x1366.jpg 2048w, https:\/\/www.pr-neu.de\/newsroom\/wordpress\/wp-content\/uploads\/2024\/04\/24-15_Platz_2_K-110x73.jpg 110w, https:\/\/www.pr-neu.de\/newsroom\/wordpress\/wp-content\/uploads\/2024\/04\/24-15_Platz_2_K-420x280.jpg 420w, https:\/\/www.pr-neu.de\/newsroom\/wordpress\/wp-content\/uploads\/2024\/04\/24-15_Platz_2_K-645x430.jpg 645w\" sizes=\"auto, (max-width: 300px) 100vw, 300px\" \/><\/a><\/p>\n<p style=\"text-align: center;\">Der zweite Platz ging an bez+kock Architekten, Stuttgart, mit Koeber Landschaftsarchitektur, ebenfalls Stuttgart.<br \/>\nBild: Martin Baitinger \/ Sto SE &amp; Co. KGaA<\/p>\n<p>&nbsp;<\/p>\n<p style=\"text-align: center;\"><a href=\"http:\/\/www.pr-neu.de\/newsroom\/wordpress\/wp-content\/uploads\/2024\/04\/24-15_Platz_3_K.jpg\" target=\"_blank\" rel=\"noopener\"><img loading=\"lazy\" decoding=\"async\" class=\"aligncenter wp-image-16654 size-medium\" src=\"http:\/\/www.pr-neu.de\/newsroom\/wordpress\/wp-content\/uploads\/2024\/04\/24-15_Platz_3_K-300x200.jpg\" alt=\"\" width=\"300\" height=\"200\" srcset=\"https:\/\/www.pr-neu.de\/newsroom\/wordpress\/wp-content\/uploads\/2024\/04\/24-15_Platz_3_K-300x200.jpg 300w, https:\/\/www.pr-neu.de\/newsroom\/wordpress\/wp-content\/uploads\/2024\/04\/24-15_Platz_3_K-1024x683.jpg 1024w, https:\/\/www.pr-neu.de\/newsroom\/wordpress\/wp-content\/uploads\/2024\/04\/24-15_Platz_3_K-768x512.jpg 768w, https:\/\/www.pr-neu.de\/newsroom\/wordpress\/wp-content\/uploads\/2024\/04\/24-15_Platz_3_K-1536x1025.jpg 1536w, https:\/\/www.pr-neu.de\/newsroom\/wordpress\/wp-content\/uploads\/2024\/04\/24-15_Platz_3_K-2048x1366.jpg 2048w, https:\/\/www.pr-neu.de\/newsroom\/wordpress\/wp-content\/uploads\/2024\/04\/24-15_Platz_3_K-110x73.jpg 110w, https:\/\/www.pr-neu.de\/newsroom\/wordpress\/wp-content\/uploads\/2024\/04\/24-15_Platz_3_K-420x280.jpg 420w, https:\/\/www.pr-neu.de\/newsroom\/wordpress\/wp-content\/uploads\/2024\/04\/24-15_Platz_3_K-645x430.jpg 645w\" sizes=\"auto, (max-width: 300px) 100vw, 300px\" \/><\/a><\/p>\n<p style=\"text-align: center;\">Den dritten Rang belegten Steimle Architekten, Stuttgart, mit Planstatt Senner aus \u00dcberlingen.<br \/>\nBild: Martin Baitinger \/ Sto SE &amp; Co. KGaA<\/p>\n<p>&nbsp;<\/p>\n<p style=\"text-align: center;\"><a href=\"http:\/\/www.pr-neu.de\/newsroom\/wordpress\/wp-content\/uploads\/2024\/04\/24-15_Anerkennung_1_K.jpg\" target=\"_blank\" rel=\"noopener\"><img loading=\"lazy\" decoding=\"async\" class=\"aligncenter wp-image-16655 size-medium\" src=\"http:\/\/www.pr-neu.de\/newsroom\/wordpress\/wp-content\/uploads\/2024\/04\/24-15_Anerkennung_1_K-300x200.jpg\" alt=\"\" width=\"300\" height=\"200\" srcset=\"https:\/\/www.pr-neu.de\/newsroom\/wordpress\/wp-content\/uploads\/2024\/04\/24-15_Anerkennung_1_K-300x200.jpg 300w, https:\/\/www.pr-neu.de\/newsroom\/wordpress\/wp-content\/uploads\/2024\/04\/24-15_Anerkennung_1_K-1024x683.jpg 1024w, https:\/\/www.pr-neu.de\/newsroom\/wordpress\/wp-content\/uploads\/2024\/04\/24-15_Anerkennung_1_K-768x512.jpg 768w, https:\/\/www.pr-neu.de\/newsroom\/wordpress\/wp-content\/uploads\/2024\/04\/24-15_Anerkennung_1_K-1536x1025.jpg 1536w, https:\/\/www.pr-neu.de\/newsroom\/wordpress\/wp-content\/uploads\/2024\/04\/24-15_Anerkennung_1_K-2048x1366.jpg 2048w, https:\/\/www.pr-neu.de\/newsroom\/wordpress\/wp-content\/uploads\/2024\/04\/24-15_Anerkennung_1_K-110x73.jpg 110w, https:\/\/www.pr-neu.de\/newsroom\/wordpress\/wp-content\/uploads\/2024\/04\/24-15_Anerkennung_1_K-420x280.jpg 420w, https:\/\/www.pr-neu.de\/newsroom\/wordpress\/wp-content\/uploads\/2024\/04\/24-15_Anerkennung_1_K-645x430.jpg 645w\" sizes=\"auto, (max-width: 300px) 100vw, 300px\" \/><\/a><\/p>\n<p style=\"text-align: center;\">Eine Anerkennung ging an Holzer Kobler Architekturen, Z\u00fcrich, mit Atelier Loidl, Berlin.<br \/>\nBild: Martin Baitinger \/ Sto SE &amp; Co. KGaA<\/p>\n<p>&nbsp;<\/p>\n<p style=\"text-align: center;\"><a href=\"http:\/\/www.pr-neu.de\/newsroom\/wordpress\/wp-content\/uploads\/2024\/04\/24-15_Anerkennung_2_K.jpg\" target=\"_blank\" rel=\"noopener\"><img loading=\"lazy\" decoding=\"async\" class=\"aligncenter wp-image-16656 size-medium\" src=\"http:\/\/www.pr-neu.de\/newsroom\/wordpress\/wp-content\/uploads\/2024\/04\/24-15_Anerkennung_2_K-300x222.jpg\" alt=\"\" width=\"300\" height=\"222\" srcset=\"https:\/\/www.pr-neu.de\/newsroom\/wordpress\/wp-content\/uploads\/2024\/04\/24-15_Anerkennung_2_K-300x222.jpg 300w, https:\/\/www.pr-neu.de\/newsroom\/wordpress\/wp-content\/uploads\/2024\/04\/24-15_Anerkennung_2_K-1024x758.jpg 1024w, https:\/\/www.pr-neu.de\/newsroom\/wordpress\/wp-content\/uploads\/2024\/04\/24-15_Anerkennung_2_K-768x569.jpg 768w, https:\/\/www.pr-neu.de\/newsroom\/wordpress\/wp-content\/uploads\/2024\/04\/24-15_Anerkennung_2_K-1536x1137.jpg 1536w, https:\/\/www.pr-neu.de\/newsroom\/wordpress\/wp-content\/uploads\/2024\/04\/24-15_Anerkennung_2_K-2048x1516.jpg 2048w, https:\/\/www.pr-neu.de\/newsroom\/wordpress\/wp-content\/uploads\/2024\/04\/24-15_Anerkennung_2_K-110x81.jpg 110w, https:\/\/www.pr-neu.de\/newsroom\/wordpress\/wp-content\/uploads\/2024\/04\/24-15_Anerkennung_2_K-420x311.jpg 420w, https:\/\/www.pr-neu.de\/newsroom\/wordpress\/wp-content\/uploads\/2024\/04\/24-15_Anerkennung_2_K-581x430.jpg 581w\" sizes=\"auto, (max-width: 300px) 100vw, 300px\" \/><\/a><\/p>\n<p style=\"text-align: center;\">Ebenfalls mit einer Anerkennung bedacht wurden kadawittfeldarchitektur, Aachen, gemeinsam mit KRAFT.RAUM. D\u00fcsseldorf.<br \/>\nBild: Martin Baitinger \/ Sto SE &amp; Co. KGaA<\/p>\n<p>&nbsp;<\/p>\n<hr \/>\n<p>&nbsp;<\/p>\n<p>Abdruck honorarfrei, belegexemplar erbeten<\/p>\n","protected":false},"excerpt":{"rendered":"<p>Schulz und Schulz Architekten (Leipzig) hei\u00dfen die Sieger im Architekturwettbewerb f\u00fcr den neuen Sto Innovation Campus.<\/p>\n","protected":false},"author":9,"featured_media":16658,"comment_status":"closed","ping_status":"open","sticky":false,"template":"","format":"standard","meta":{"footnotes":""},"categories":[15],"tags":[62,2908,504,2906,1635,1757],"class_list":["post-16652","post","type-post","status-publish","format-standard","has-post-thumbnail","hentry","category-sto","tag-architektur","tag-architekturwettbewerb","tag-sto-2","tag-stoinnovationcampus","tag-stuehlingen","tag-unternehmen"],"_links":{"self":[{"href":"https:\/\/www.pr-neu.de\/newsroom\/wp-json\/wp\/v2\/posts\/16652","targetHints":{"allow":["GET"]}}],"collection":[{"href":"https:\/\/www.pr-neu.de\/newsroom\/wp-json\/wp\/v2\/posts"}],"about":[{"href":"https:\/\/www.pr-neu.de\/newsroom\/wp-json\/wp\/v2\/types\/post"}],"author":[{"embeddable":true,"href":"https:\/\/www.pr-neu.de\/newsroom\/wp-json\/wp\/v2\/users\/9"}],"replies":[{"embeddable":true,"href":"https:\/\/www.pr-neu.de\/newsroom\/wp-json\/wp\/v2\/comments?post=16652"}],"version-history":[{"count":2,"href":"https:\/\/www.pr-neu.de\/newsroom\/wp-json\/wp\/v2\/posts\/16652\/revisions"}],"predecessor-version":[{"id":16660,"href":"https:\/\/www.pr-neu.de\/newsroom\/wp-json\/wp\/v2\/posts\/16652\/revisions\/16660"}],"wp:featuredmedia":[{"embeddable":true,"href":"https:\/\/www.pr-neu.de\/newsroom\/wp-json\/wp\/v2\/media\/16658"}],"wp:attachment":[{"href":"https:\/\/www.pr-neu.de\/newsroom\/wp-json\/wp\/v2\/media?parent=16652"}],"wp:term":[{"taxonomy":"category","embeddable":true,"href":"https:\/\/www.pr-neu.de\/newsroom\/wp-json\/wp\/v2\/categories?post=16652"},{"taxonomy":"post_tag","embeddable":true,"href":"https:\/\/www.pr-neu.de\/newsroom\/wp-json\/wp\/v2\/tags?post=16652"}],"curies":[{"name":"wp","href":"https:\/\/api.w.org\/{rel}","templated":true}]}}