{"id":16640,"date":"2024-04-10T09:08:40","date_gmt":"2024-04-10T07:08:40","guid":{"rendered":"https:\/\/www.pr-neu.de\/newsroom\/?p=16640"},"modified":"2024-04-10T10:59:03","modified_gmt":"2024-04-10T08:59:03","slug":"blauer-engel-fuer-blaehglasplatte-veroboard-allstar","status":"publish","type":"post","link":"https:\/\/www.pr-neu.de\/newsroom\/blauer-engel-fuer-blaehglasplatte-veroboard-allstar\/","title":{"rendered":"Blauer Engel f\u00fcr  Bl\u00e4hglasplatte VeroBoard Allstar"},"content":{"rendered":"<p>Die umweltfreundliche Bl\u00e4hglas-Leichtbauplatte \u201eVeroBoard AllStar\u201c tr\u00e4gt jetzt den \u201eBlauen Engel\u201c. Das unabh\u00e4ngige Umwelt\u00adsiegel ist seit vielen Jahren etabliert und gibt eine glaubw\u00fcrdige und verl\u00e4ssliche Orientierung f\u00fcr den umweltbewussten Einkauf. Nun hat Verotec seine universell einsetzbare Leichtbauplatte der Pr\u00fcfung nach RAL UZ 76 erfolgreich unterzogen. Die Platte erf\u00fcllt die strengen Vergabekriterien des RAL inklusive der Anforderungen des T\u00dcV f\u00fcr Innenraumluft. Insgesamt erf\u00fcllt VeroBoard Allstar damit Umweltkriterien, die weit \u00fcber gesetz\u00adliche Mindeststandards hinausgehen. Besonders der Einsatz von wiederverwendeten Rohstoffen \u2013 die Platte besteht zum gr\u00f6\u00dften Teil aus expandiertem Recyclingglas \u2013 spricht f\u00fcr die Nachhaltigkeit der Bauplatte.<\/p>\n<p>&nbsp;<\/p>\n<hr \/>\n<p>&nbsp;<\/p>\n<p><a href=\"http:\/\/www.pr-neu.de\/newsroom\/wordpress\/wp-content\/uploads\/2024\/04\/24_02_BlauerEngelVeroboard_K.jpg\" target=\"_blank\" rel=\"noopener\"><img loading=\"lazy\" decoding=\"async\" class=\"aligncenter wp-image-16641 size-medium\" src=\"http:\/\/www.pr-neu.de\/newsroom\/wordpress\/wp-content\/uploads\/2024\/04\/24_02_BlauerEngelVeroboard_K-300x200.jpg\" alt=\"\" width=\"300\" height=\"200\" srcset=\"https:\/\/www.pr-neu.de\/newsroom\/wordpress\/wp-content\/uploads\/2024\/04\/24_02_BlauerEngelVeroboard_K-300x200.jpg 300w, https:\/\/www.pr-neu.de\/newsroom\/wordpress\/wp-content\/uploads\/2024\/04\/24_02_BlauerEngelVeroboard_K-1024x683.jpg 1024w, https:\/\/www.pr-neu.de\/newsroom\/wordpress\/wp-content\/uploads\/2024\/04\/24_02_BlauerEngelVeroboard_K-768x512.jpg 768w, https:\/\/www.pr-neu.de\/newsroom\/wordpress\/wp-content\/uploads\/2024\/04\/24_02_BlauerEngelVeroboard_K-1536x1024.jpg 1536w, https:\/\/www.pr-neu.de\/newsroom\/wordpress\/wp-content\/uploads\/2024\/04\/24_02_BlauerEngelVeroboard_K-2048x1365.jpg 2048w, https:\/\/www.pr-neu.de\/newsroom\/wordpress\/wp-content\/uploads\/2024\/04\/24_02_BlauerEngelVeroboard_K-110x73.jpg 110w, https:\/\/www.pr-neu.de\/newsroom\/wordpress\/wp-content\/uploads\/2024\/04\/24_02_BlauerEngelVeroboard_K-420x280.jpg 420w, https:\/\/www.pr-neu.de\/newsroom\/wordpress\/wp-content\/uploads\/2024\/04\/24_02_BlauerEngelVeroboard_K-645x430.jpg 645w\" sizes=\"auto, (max-width: 300px) 100vw, 300px\" \/><\/a><\/p>\n<p style=\"text-align: center;\"><em>Umweltfreundlichkeit amtlich best\u00e4tigt: Die Bl\u00e4hglasplatte \u201eVeroBoard Allstar\u201c tr\u00e4gt jetzt das Umweltzeichen \u201eBlauer Engel\u201c.<\/em><\/p>\n<p>&nbsp;<\/p>\n<hr \/>\n<p>&nbsp;<\/p>\n<p><strong>Verotec<\/strong> (Lauingen\/Donau), bekannt als Hersteller von Systemen f\u00fcr vorgeh\u00e4ngte, hinterl\u00fcftete Fassaden und Akustik, ist Teil der Sto Group, agiert seit 2014 eigenst\u00e4ndig \u2013 mit eigenem Vertrieb, in neuen M\u00e4rkten. Die hochwertigen Leichtbauplatten aus Bl\u00e4hglas und Verolith\u00ae sind im Industrievertrieb und \u00fcber den Fach- und Einzelhandel erh\u00e4ltlich. Weitere Verotec-Produkte und Infos \u00fcber Verotec unter www.verotec.de<\/p>\n<p>&nbsp;<\/p>\n<hr \/>\n<p>Abdruck honorarfrei, Belegexemplar erbeten<\/p>\n","protected":false},"excerpt":{"rendered":"<p>Die Leichtbauplatte \u201eVeroBoard AllStar\u201c  aus recycletem Altglas ist vom RAL mit dem Umweltzeichen \u201eBlauer Engel\u201c (UZ 76) ausgezeichnet.<\/p>\n","protected":false},"author":9,"featured_media":16641,"comment_status":"closed","ping_status":"open","sticky":false,"template":"","format":"standard","meta":{"footnotes":""},"categories":[22],"tags":[367,2430,1579,430,439,599,2165,2163],"class_list":["post-16640","post","type-post","status-publish","format-standard","has-post-thumbnail","hentry","category-verotec","tag-nachhaltigkeit","tag-ral","tag-recycling","tag-renovierung","tag-sanierung","tag-umwelt","tag-veroboard","tag-verotec"],"_links":{"self":[{"href":"https:\/\/www.pr-neu.de\/newsroom\/wp-json\/wp\/v2\/posts\/16640","targetHints":{"allow":["GET"]}}],"collection":[{"href":"https:\/\/www.pr-neu.de\/newsroom\/wp-json\/wp\/v2\/posts"}],"about":[{"href":"https:\/\/www.pr-neu.de\/newsroom\/wp-json\/wp\/v2\/types\/post"}],"author":[{"embeddable":true,"href":"https:\/\/www.pr-neu.de\/newsroom\/wp-json\/wp\/v2\/users\/9"}],"replies":[{"embeddable":true,"href":"https:\/\/www.pr-neu.de\/newsroom\/wp-json\/wp\/v2\/comments?post=16640"}],"version-history":[{"count":5,"href":"https:\/\/www.pr-neu.de\/newsroom\/wp-json\/wp\/v2\/posts\/16640\/revisions"}],"predecessor-version":[{"id":17422,"href":"https:\/\/www.pr-neu.de\/newsroom\/wp-json\/wp\/v2\/posts\/16640\/revisions\/17422"}],"wp:featuredmedia":[{"embeddable":true,"href":"https:\/\/www.pr-neu.de\/newsroom\/wp-json\/wp\/v2\/media\/16641"}],"wp:attachment":[{"href":"https:\/\/www.pr-neu.de\/newsroom\/wp-json\/wp\/v2\/media?parent=16640"}],"wp:term":[{"taxonomy":"category","embeddable":true,"href":"https:\/\/www.pr-neu.de\/newsroom\/wp-json\/wp\/v2\/categories?post=16640"},{"taxonomy":"post_tag","embeddable":true,"href":"https:\/\/www.pr-neu.de\/newsroom\/wp-json\/wp\/v2\/tags?post=16640"}],"curies":[{"name":"wp","href":"https:\/\/api.w.org\/{rel}","templated":true}]}}